{"id":12496,"date":"2023-06-17T07:00:00","date_gmt":"2023-06-17T04:00:00","guid":{"rendered":"https:\/\/rockvell.com\/?p=12496"},"modified":"2023-06-17T12:33:02","modified_gmt":"2023-06-17T09:33:02","slug":"az%c9%99rbaycanin-sosial-v%c9%99-iqtisadi-inkluzivliy%c9%99-dogru-ir%c9%99lil%c9%99yisi-n%c9%99z%c9%99rd%c9%99n-kecirilir","status":"publish","type":"post","link":"https:\/\/rockvell.com\/?p=12496","title":{"rendered":"Az\u0259rbaycan\u0131n sosial v\u0259 iqtisadi inkl\u00fczivliy\u0259 do\u011fru ir\u0259lil\u0259yi\u015fi n\u0259z\u0259rd\u0259n ke\u00e7irilir"},"content":{"rendered":"\n<p class=\"has-medium-font-size\"><strong>\u0130kinci D\u0130M dialoqu Az\u0259rbaycan\u0131n sosial v\u0259 iqtisadi inkl\u00fczivliy\u0259 do\u011fru ir\u0259lil\u0259yi\u015fini n\u0259z\u0259rd\u0259n ke\u00e7irir<\/strong><\/p>\n\n\n\n<p>T\u0259dbir 2023-c\u00fc ilin sentyabr\u0131nda Nyu-Yorkda BMT Ba\u015f Assambleyas\u0131\u00a0zaman\u0131 ke\u00e7iril\u0259c\u0259k D\u0130M Sammitin\u0259 qlobal s\u0259viyy\u0259d\u0259 haz\u0131rl\u0131\u011f\u0131n m\u00fczakir\u0259si \u00fc\u00e7\u00fcn platforman\u0131\u00a0t\u0259minedib.<\/p>\n\n\n<div class=\"wp-block-image\">\n<figure class=\"aligncenter size-full is-resized\"><img loading=\"lazy\" decoding=\"async\" src=\"https:\/\/rockvell.com\/wp-content\/uploads\/2023\/06\/9694CADC-75B0-4BD4-8347-D2D887326088.jpeg\" alt=\"\" class=\"wp-image-12497\" width=\"459\" height=\"305\" srcset=\"https:\/\/rockvell.com\/wp-content\/uploads\/2023\/06\/9694CADC-75B0-4BD4-8347-D2D887326088.jpeg 900w, https:\/\/rockvell.com\/wp-content\/uploads\/2023\/06\/9694CADC-75B0-4BD4-8347-D2D887326088-300x200.jpeg 300w, https:\/\/rockvell.com\/wp-content\/uploads\/2023\/06\/9694CADC-75B0-4BD4-8347-D2D887326088-768x512.jpeg 768w, https:\/\/rockvell.com\/wp-content\/uploads\/2023\/06\/9694CADC-75B0-4BD4-8347-D2D887326088-360x240.jpeg 360w\" sizes=\"(max-width: 459px) 100vw, 459px\" \/><\/figure><\/div>\n\n\n<p>2030-cu il\u0259 q\u0259d\u0259r&nbsp;Az\u0259rbaycanda&nbsp;sosial v\u0259 iqtisadi inkl\u00fczivliy\u0259&nbsp;h\u0259sr olunmu\u015f&nbsp;\u0130kinci D\u0130M dialoqu d\u00f6vl\u0259t qurumlar\u0131, Birl\u0259\u015fmi\u015f Mill\u0259tl\u0259r T\u0259\u015fkilat\u0131 (BMT), beyn\u0259lxalq maliyy\u0259 institutlar\u0131 (BM\u0130), diplomatik&nbsp;korpus, \u00f6z\u0259l sektor, v\u0259t\u0259nda\u015f c\u0259miyy\u0259ti v\u0259&nbsp;akademik&nbsp;dair\u0259l\u0259rd\u0259n olan&nbsp;100-d\u0259n \u00e7ox&nbsp;i\u015ftirak\u00e7\u0131n\u0131&nbsp;bir araya&nbsp;g\u0259tirib.<\/p>\n\n\n\n<p>Az\u0259rbaycan\u0131n Dayan\u0131ql\u0131 \u0130nki\u015faf \u00fczr\u0259 Milli \u018flaq\u0259l\u0259ndirm\u0259 \u015euras\u0131, \u0130qtisadiyyat Nazirliyi v\u0259 BMT-nin t\u0259\u015fkil&nbsp;etdiyi&nbsp;t\u0259dbird\u0259 BMT-nin&nbsp;Ticar\u0259t v\u0259 \u0130nki\u015faf Konfrans\u0131n\u0131n&nbsp;(UNCTAD)haz\u0131rlad\u0131\u011f\u0131&nbsp;\u0130nkl\u00fcziv \u0130nki\u015faf \u0130ndeksin\u0259 uy\u011fun olaraq Az\u0259rbaycan\u0131n inkl\u00fcziv art\u0131m g\u00f6st\u0259ricil\u0259ri \u00fczr\u0259 ir\u0259lil\u0259yi\u015fin\u0259 dair t\u0259hlilin n\u0259tic\u0259l\u0259ri m\u00fczakir\u0259&nbsp;olunub.<\/p>\n\n\n\n<p>\u0130\u015ftirak\u00e7\u0131lar&nbsp;h\u0259m\u00e7inin&nbsp;i\u015fsiz g\u0259ncl\u0259r, qad\u0131nlar, m\u0259cburi k\u00f6\u00e7k\u00fcnl\u0259r, miqrantlar, k\u0259nd \u0259halisi,&nbsp;ya\u015fl\u0131 insanlar,&nbsp;\u0259lilliyi olan \u015f\u0259xsl\u0259rin&nbsp;d\u0259 daxil&nbsp;oldu\u011fu&nbsp;h\u0259ssas qruplar\u0131n&nbsp;sosial inkl\u00fczivliyinin&nbsp;daha da g\u00fccl\u0259ndirilm\u0259si,&nbsp;el\u0259c\u0259 d\u0259&nbsp;onlar\u0131n&nbsp;sosial-iqtisadi prosesl\u0259rd\u0259&nbsp;m\u0259nal\u0131 v\u0259 s\u0259m\u0259r\u0259li&nbsp;i\u015ftirak\u0131n\u0131n t\u0259minat\u0131 il\u0259 ba\u011fl\u0131&nbsp;strategiyalara dair&nbsp;fikir m\u00fcbadil\u0259si apar\u0131blar.<\/p>\n\n\n\n<p>Onlar \u201cAz\u0259rbaycan 2030: Sosial-iqtisadi inki\u015fafa dair&nbsp;Milli Prioritetl\u0259r\u201d v\u0259 \u201c2022-2026-c\u0131 ill\u0259rd\u0259 Sosial-\u0130qtisadi \u0130nki\u015faf Strategiyas\u0131\u201dnda sosial \u0259dal\u0259t\u0259 \u0259saslanan dinamik, inkl\u00fcziv c\u0259miyy\u0259tin&nbsp;Az\u0259rbaycan\u0131n&nbsp;2030-cu il\u0259d\u0259k&nbsp;inki\u015faf\u0131n\u0131n be\u015f prioritet&nbsp;istiqam\u0259tind\u0259n&nbsp;biri kimi&nbsp;m\u00fc\u0259yy\u0259n edilm\u0259si fakt\u0131n\u0131 alq\u0131\u015flay\u0131blar.<\/p>\n\n\n\n<p>\u0130\u015ftirak\u00e7\u0131lar&nbsp;vur\u011fulay\u0131b&nbsp;ki, inkl\u00fcziv art\u0131m v\u0259 sosial inkl\u00fczivlik Dayan\u0131ql\u0131 \u0130nki\u015faf M\u0259qs\u0259dl\u0259rinin (D\u0130M) \u0259sas\u0131nda dayan\u0131r v\u0259 2030-cu il\u0259d\u0259k Dayan\u0131ql\u0131 \u0130nki\u015faf G\u00fcnd\u0259liyinin \u0259sas prinsipi olan he\u00e7 k\u0259si k\u0259narda qoymamaq prinsipin\u0259 uy\u011fundur.<\/p>\n\n\n\n<p>Bundan \u0259lav\u0259, t\u0259dbir 2023-c\u00fc ilin sentyabr\u0131nda Nyu-Yorkda BMT Ba\u015f Assambleyas\u0131&nbsp;zaman\u0131 ke\u00e7iril\u0259c\u0259k D\u0130M Sammitin\u0259 qlobal s\u0259viyy\u0259d\u0259 haz\u0131rl\u0131\u011f\u0131n m\u00fczakir\u0259si \u00fc\u00e7\u00fcn platforman\u0131&nbsp;t\u0259minedib. Sammitd\u0259 D\u0130M-l\u0259rin transformasiyas\u0131 \u00fczr\u0259 milli v\u0259 qlobal \u00f6hd\u0259likl\u0259rin q\u0259bul edilm\u0259si&nbsp;g\u00f6zl\u0259nilir.<\/p>\n\n\n\n<p>\u0130\u015ftirak\u00e7\u0131lar h\u0259m\u00e7inin Az\u0259rbaycanda inkl\u00fcziv&nbsp;art\u0131m\u0131n&nbsp;v\u0259 sosial inkl\u00fczivliyin g\u00fccl\u0259ndirilm\u0259si \u00fczr\u0259 birg\u0259 \u00f6hd\u0259likl\u0259ri m\u00fczakir\u0259 edibl\u0259r&nbsp;v\u0259 bu&nbsp;\u00f6hd\u0259likl\u0259rin&nbsp;2023-c\u00fc ilin sentyabr\u0131nda ke\u00e7iril\u0259c\u0259k qlobal D\u0130M&nbsp;Sammitind\u0259&nbsp;Az\u0259rbaycan\u0131n&nbsp;D\u0130M-l\u0259rin Transformasiyas\u0131 \u00fczr\u0259 Milli \u00d6hd\u0259likl\u0259rin\u0259 t\u00f6hf\u0259si&nbsp;olmas\u0131n\u0131&nbsp;t\u0259klif&nbsp;edibl\u0259r.&nbsp;<\/p>\n\n\n\n<p>\u0130kinci D\u0130M Dialoqu BMT-nin Rezident \u018flaq\u0259l\u0259ndirici Ofisi v\u0259 \u0130qtisadiyyat Nazirliyinin d\u0259st\u0259yi il\u0259 Dayan\u0131ql\u0131 \u0130nki\u015faf \u00fczr\u0259 Milli \u018flaq\u0259l\u0259ndirm\u0259 \u015euras\u0131n\u0131n r\u0259hb\u0259rliyi il\u0259 ba\u015flanm\u0131\u015f D\u0130M Dialoqu silsil\u0259si \u00e7\u0259r\u00e7iv\u0259sind\u0259 t\u0259\u015fkil olunub.<\/p>\n","protected":false},"excerpt":{"rendered":"<p>\u0130kinci D\u0130M dialoqu Az\u0259rbaycan\u0131n sosial v\u0259 iqtisadi inkl\u00fczivliy\u0259 do\u011fru ir\u0259lil\u0259yi\u015fini n\u0259z\u0259rd\u0259n ke\u00e7irir T\u0259dbir 2023-c\u00fc ilin sentyabr\u0131nda Nyu-Yorkda BMT Ba\u015f Assambleyas\u0131\u00a0zaman\u0131 ke\u00e7iril\u0259c\u0259k D\u0130M Sammitin\u0259 qlobal s\u0259viyy\u0259d\u0259 haz\u0131rl\u0131\u011f\u0131n m\u00fczakir\u0259si \u00fc\u00e7\u00fcn platforman\u0131\u00a0t\u0259minedib. 2030-cu il\u0259 q\u0259d\u0259r&nbsp;Az\u0259rbaycanda&nbsp;sosial v\u0259 iqtisadi inkl\u00fczivliy\u0259&nbsp;h\u0259sr&#8230;<\/p>\n","protected":false},"author":2,"featured_media":12497,"comment_status":"closed","ping_status":"closed","sticky":false,"template":"","format":"standard","meta":{"footnotes":""},"categories":[41],"tags":[],"aioseo_notices":[],"_links":{"self":[{"href":"https:\/\/rockvell.com\/index.php?rest_route=\/wp\/v2\/posts\/12496"}],"collection":[{"href":"https:\/\/rockvell.com\/index.php?rest_route=\/wp\/v2\/posts"}],"about":[{"href":"https:\/\/rockvell.com\/index.php?rest_route=\/wp\/v2\/types\/post"}],"author":[{"embeddable":true,"href":"https:\/\/rockvell.com\/index.php?rest_route=\/wp\/v2\/users\/2"}],"replies":[{"embeddable":true,"href":"https:\/\/rockvell.com\/index.php?rest_route=%2Fwp%2Fv2%2Fcomments&post=12496"}],"version-history":[{"count":1,"href":"https:\/\/rockvell.com\/index.php?rest_route=\/wp\/v2\/posts\/12496\/revisions"}],"predecessor-version":[{"id":12498,"href":"https:\/\/rockvell.com\/index.php?rest_route=\/wp\/v2\/posts\/12496\/revisions\/12498"}],"wp:featuredmedia":[{"embeddable":true,"href":"https:\/\/rockvell.com\/index.php?rest_route=\/wp\/v2\/media\/12497"}],"wp:attachment":[{"href":"https:\/\/rockvell.com\/index.php?rest_route=%2Fwp%2Fv2%2Fmedia&parent=12496"}],"wp:term":[{"taxonomy":"category","embeddable":true,"href":"https:\/\/rockvell.com\/index.php?rest_route=%2Fwp%2Fv2%2Fcategories&post=12496"},{"taxonomy":"post_tag","embeddable":true,"href":"https:\/\/rockvell.com\/index.php?rest_route=%2Fwp%2Fv2%2Ftags&post=12496"}],"curies":[{"name":"wp","href":"https:\/\/api.w.org\/{rel}","templated":true}]}}