{"id":12499,"date":"2023-06-17T08:00:00","date_gmt":"2023-06-17T05:00:00","guid":{"rendered":"https:\/\/rockvell.com\/?p=12499"},"modified":"2023-06-17T12:37:53","modified_gmt":"2023-06-17T09:37:53","slug":"prezident-araz-vadisi-iqtisadi-zonasi-s%c9%99naye-parkinda-avto-lizinq-az%c9%99rbaycan-mmc-nin-acilisinda","status":"publish","type":"post","link":"https:\/\/rockvell.com\/?p=12499","title":{"rendered":"Prezident \u201cAraz Vadisi \u0130qtisadi Zonas\u0131\u201d S\u0259naye Park\u0131nda \u201cAvto Lizinq Az\u0259rbaycan\u201d MMC-nin a\u00e7\u0131l\u0131\u015f\u0131nda"},"content":{"rendered":"\n<p class=\"has-medium-font-size\"><strong>Prezident \u201cAraz Vadisi \u0130qtisadi Zonas\u0131\u201d S\u0259naye Park\u0131nda \u201cAvto Lizinq Az\u0259rbaycan\u201d MMC-nin a\u00e7\u0131l\u0131\u015f\u0131nda<\/strong><\/p>\n\n\n\n<p>\u0130lham \u018fliyev v\u0259 Rusiya Federasiyas\u0131n\u0131n Tatar\u0131stan Respublikas\u0131n\u0131n R\u0259isi R\u00fcst\u0259m Minnixanov C\u0259bray\u0131l rayonunda \u201cAraz Vadisi \u0130qtisadi Zonas\u0131\u201d S\u0259naye Park\u0131nda \u201cAvto Lizinq Az\u0259rbaycan\u201d MMC-nin a\u00e7\u0131l\u0131\u015f\u0131nda i\u015ftirak edibl\u0259r<\/p>\n\n\n<div class=\"wp-block-image\">\n<figure class=\"aligncenter size-full is-resized\"><img loading=\"lazy\" decoding=\"async\" src=\"https:\/\/rockvell.com\/wp-content\/uploads\/2023\/06\/4099001.png\" alt=\"\" class=\"wp-image-12500\" width=\"460\" height=\"308\" srcset=\"https:\/\/rockvell.com\/wp-content\/uploads\/2023\/06\/4099001.png 690w, https:\/\/rockvell.com\/wp-content\/uploads\/2023\/06\/4099001-300x201.png 300w, https:\/\/rockvell.com\/wp-content\/uploads\/2023\/06\/4099001-360x241.png 360w\" sizes=\"(max-width: 460px) 100vw, 460px\" \/><\/figure><\/div>\n\n\n<p>\u0130yunun 17-d\u0259 Az\u0259rbaycan Respublikas\u0131n\u0131n Prezidenti \u0130lham \u018fliyev v\u0259 \u00f6lk\u0259mizd\u0259 s\u0259f\u0259rd\u0259 olan Rusiya Federasiyas\u0131n\u0131n Tatar\u0131stan Respublikas\u0131n\u0131n R\u0259isi R\u00fcst\u0259m Minnixanov C\u0259bray\u0131l rayonunda \u201cAraz Vadisi \u0130qtisadi Zonas\u0131\u201d S\u0259naye Park\u0131nda \u201cAvto Lizinq Az\u0259rbaycan\u201d MMC-nin a\u00e7\u0131l\u0131\u015f\u0131nda i\u015ftirak edibl\u0259r.<\/p>\n","protected":false},"excerpt":{"rendered":"<p>Prezident \u201cAraz Vadisi \u0130qtisadi Zonas\u0131\u201d S\u0259naye Park\u0131nda \u201cAvto Lizinq Az\u0259rbaycan\u201d MMC-nin a\u00e7\u0131l\u0131\u015f\u0131nda \u0130lham \u018fliyev v\u0259 Rusiya Federasiyas\u0131n\u0131n Tatar\u0131stan Respublikas\u0131n\u0131n R\u0259isi R\u00fcst\u0259m Minnixanov C\u0259bray\u0131l rayonunda \u201cAraz Vadisi \u0130qtisadi Zonas\u0131\u201d S\u0259naye Park\u0131nda \u201cAvto Lizinq Az\u0259rbaycan\u201d MMC-nin a\u00e7\u0131l\u0131\u015f\u0131nda&#8230;<\/p>\n","protected":false},"author":2,"featured_media":12500,"comment_status":"closed","ping_status":"closed","sticky":false,"template":"","format":"standard","meta":{"footnotes":""},"categories":[6],"tags":[],"aioseo_notices":[],"_links":{"self":[{"href":"https:\/\/rockvell.com\/index.php?rest_route=\/wp\/v2\/posts\/12499"}],"collection":[{"href":"https:\/\/rockvell.com\/index.php?rest_route=\/wp\/v2\/posts"}],"about":[{"href":"https:\/\/rockvell.com\/index.php?rest_route=\/wp\/v2\/types\/post"}],"author":[{"embeddable":true,"href":"https:\/\/rockvell.com\/index.php?rest_route=\/wp\/v2\/users\/2"}],"replies":[{"embeddable":true,"href":"https:\/\/rockvell.com\/index.php?rest_route=%2Fwp%2Fv2%2Fcomments&post=12499"}],"version-history":[{"count":1,"href":"https:\/\/rockvell.com\/index.php?rest_route=\/wp\/v2\/posts\/12499\/revisions"}],"predecessor-version":[{"id":12501,"href":"https:\/\/rockvell.com\/index.php?rest_route=\/wp\/v2\/posts\/12499\/revisions\/12501"}],"wp:featuredmedia":[{"embeddable":true,"href":"https:\/\/rockvell.com\/index.php?rest_route=\/wp\/v2\/media\/12500"}],"wp:attachment":[{"href":"https:\/\/rockvell.com\/index.php?rest_route=%2Fwp%2Fv2%2Fmedia&parent=12499"}],"wp:term":[{"taxonomy":"category","embeddable":true,"href":"https:\/\/rockvell.com\/index.php?rest_route=%2Fwp%2Fv2%2Fcategories&post=12499"},{"taxonomy":"post_tag","embeddable":true,"href":"https:\/\/rockvell.com\/index.php?rest_route=%2Fwp%2Fv2%2Ftags&post=12499"}],"curies":[{"name":"wp","href":"https:\/\/api.w.org\/{rel}","templated":true}]}}