{"id":15695,"date":"2023-09-13T05:00:00","date_gmt":"2023-09-13T02:00:00","guid":{"rendered":"https:\/\/rockvell.com\/?p=15695"},"modified":"2023-09-13T06:39:58","modified_gmt":"2023-09-13T03:39:58","slug":"r%c9%99q%c9%99msal-iqtisadiyyat-strategiyasinin-hazirlanmasi-uzr%c9%99-novb%c9%99ti-iclas","status":"publish","type":"post","link":"https:\/\/rockvell.com\/?p=15695","title":{"rendered":"R\u0259q\u0259msal \u0130qtisadiyyat Strategiyas\u0131n\u0131n haz\u0131rlanmas\u0131 \u00fczr\u0259 n\u00f6vb\u0259ti iclas"},"content":{"rendered":"\n<p class=\"has-medium-font-size\"><strong>R\u0259q\u0259msal \u0130qtisadiyyat Strategiyas\u0131n\u0131n haz\u0131rlanmas\u0131 \u00fczr\u0259 \u0130\u015f\u00e7i Qrupunun n\u00f6vb\u0259ti iclas\u0131 ke\u00e7irilib<\/strong><\/p>\n\n\n\n<p><em>\u0130\u015f\u00e7i Qrupun iclas\u0131nda \u201cYeni N\u0259sil \u0130qtisadiyyat Strategiyas\u0131\u201d layih\u0259 s\u0259n\u0259dinin t\u0259qdimat\u0131 ke\u00e7irilib, Qrup \u00fczvl\u0259rinin r\u0259y v\u0259 t\u0259klifl\u0259ri dinl\u0259nilib, fikir m\u00fcbadil\u0259si apar\u0131l\u0131b.<\/em><\/p>\n\n\n<div class=\"wp-block-image\">\n<figure class=\"aligncenter size-large is-resized\"><img loading=\"lazy\" decoding=\"async\" src=\"https:\/\/rockvell.com\/wp-content\/uploads\/2023\/09\/3QdAIQNhpPAHNLzMNrXwWEeZF3uZ2KuEJQbOFKmc-1024x583.jpg\" alt=\"\" class=\"wp-image-15696\" width=\"459\" height=\"261\" srcset=\"https:\/\/rockvell.com\/wp-content\/uploads\/2023\/09\/3QdAIQNhpPAHNLzMNrXwWEeZF3uZ2KuEJQbOFKmc-1024x583.jpg 1024w, https:\/\/rockvell.com\/wp-content\/uploads\/2023\/09\/3QdAIQNhpPAHNLzMNrXwWEeZF3uZ2KuEJQbOFKmc-300x171.jpg 300w, https:\/\/rockvell.com\/wp-content\/uploads\/2023\/09\/3QdAIQNhpPAHNLzMNrXwWEeZF3uZ2KuEJQbOFKmc-768x437.jpg 768w, https:\/\/rockvell.com\/wp-content\/uploads\/2023\/09\/3QdAIQNhpPAHNLzMNrXwWEeZF3uZ2KuEJQbOFKmc-360x205.jpg 360w, https:\/\/rockvell.com\/wp-content\/uploads\/2023\/09\/3QdAIQNhpPAHNLzMNrXwWEeZF3uZ2KuEJQbOFKmc.jpg 1365w\" sizes=\"(max-width: 459px) 100vw, 459px\" \/><\/figure><\/div>\n\n\n<p>\u0130qtisadiyyat nazirinin birinci m\u00fcavini Elnur \u018fliyevin s\u0259drliyi il\u0259 R\u0259q\u0259msal \u0130qtisadiyyat Strategiyas\u0131n\u0131n haz\u0131rlanmas\u0131 \u00fczr\u0259 \u0130\u015f\u00e7i Qrupun 3-c\u00fc iclas\u0131 ke\u00e7irilib.<\/p>\n\n\n\n<p>Aidiyy\u0259ti d\u00f6vl\u0259t qurumlar\u0131n\u0131n i\u015ftirak\u0131 il\u0259 onlayn formatda ke\u00e7irilmi\u015f iclasda R\u0259q\u0259msal \u0130qtisadiyyat Strategiyas\u0131n\u0131n haz\u0131rlanmas\u0131 \u00fczr\u0259 koordinasiyan\u0131 h\u0259yata ke\u00e7ir\u0259n \u0130qtisadiyyat Nazirliyinin tabeliyind\u0259 D\u00f6rd\u00fcnc\u00fc S\u0259naye \u0130nqilab\u0131n\u0131n T\u0259hlili v\u0259 Koordinasiya M\u0259rk\u0259zi (4S\u0130M) t\u0259r\u0259find\u0259n \u201cYeni N\u0259sil \u0130qtisadiyyat Strategiyas\u0131\u201d layih\u0259 s\u0259n\u0259di \u0130\u015f\u00e7i Qrupun \u00fczvl\u0259rin\u0259 t\u0259qdim olunub, onlar\u0131n r\u0259y v\u0259 t\u0259klifl\u0259ri dinl\u0259nilib, fikir m\u00fcbadil\u0259si apar\u0131l\u0131b.<\/p>\n\n\n\n<p>M\u0259lumat \u00fc\u00e7\u00fcn bildir\u0259k ki, Az\u0259rbaycan Respublikas\u0131 Prezidentinin 22 iyul 2022-ci il tarixli S\u0259r\u0259ncam\u0131 il\u0259 t\u0259sdiq edilmi\u015f \u201cAz\u0259rbaycan Respublikas\u0131n\u0131n 2022\u20132026-c\u0131 ill\u0259rd\u0259 sosial-iqtisadi inki\u015faf Strategiyas\u0131\u201dn\u0131n T\u0259dbirl\u0259r Plan\u0131na \u0259sas\u0259n, R\u0259q\u0259msal \u0130qtisadiyyat Strategiyas\u0131n\u0131n haz\u0131rlanmas\u0131, bu sah\u0259 \u00fczr\u0259 inki\u015faf\u0131n t\u0259min edilm\u0259si \u00fc\u00e7\u00fcn g\u00f6r\u00fcl\u0259c\u0259k i\u015fl\u0259rin effektiv koordinasiyas\u0131n\u0131n t\u0259min olunmas\u0131 m\u0259qs\u0259dil\u0259 \u0130qtisadiyyat Nazirliyi t\u0259r\u0259find\u0259n R\u0259q\u0259msal \u0130qtisadiyyat Strategiyas\u0131n\u0131n haz\u0131rlanmas\u0131 \u00fczr\u0259 \u0130\u015f\u00e7i Qrup yarad\u0131l\u0131b. \u0130\u015f\u00e7i qrupunda \u0130qtisadiyyat Nazirliyi v\u0259 tabeliyind\u0259ki qurumlar da daxil olmaqla 17 qurum t\u0259msil olunur.<\/p>\n","protected":false},"excerpt":{"rendered":"<p>R\u0259q\u0259msal \u0130qtisadiyyat Strategiyas\u0131n\u0131n haz\u0131rlanmas\u0131 \u00fczr\u0259 \u0130\u015f\u00e7i Qrupunun n\u00f6vb\u0259ti iclas\u0131 ke\u00e7irilib \u0130\u015f\u00e7i Qrupun iclas\u0131nda \u201cYeni N\u0259sil \u0130qtisadiyyat Strategiyas\u0131\u201d layih\u0259 s\u0259n\u0259dinin t\u0259qdimat\u0131 ke\u00e7irilib, Qrup \u00fczvl\u0259rinin r\u0259y v\u0259 t\u0259klifl\u0259ri dinl\u0259nilib, fikir m\u00fcbadil\u0259si apar\u0131l\u0131b. \u0130qtisadiyyat nazirinin birinci m\u00fcavini Elnur&#8230;<\/p>\n","protected":false},"author":2,"featured_media":15696,"comment_status":"closed","ping_status":"closed","sticky":false,"template":"","format":"standard","meta":{"footnotes":""},"categories":[41],"tags":[],"aioseo_notices":[],"_links":{"self":[{"href":"https:\/\/rockvell.com\/index.php?rest_route=\/wp\/v2\/posts\/15695"}],"collection":[{"href":"https:\/\/rockvell.com\/index.php?rest_route=\/wp\/v2\/posts"}],"about":[{"href":"https:\/\/rockvell.com\/index.php?rest_route=\/wp\/v2\/types\/post"}],"author":[{"embeddable":true,"href":"https:\/\/rockvell.com\/index.php?rest_route=\/wp\/v2\/users\/2"}],"replies":[{"embeddable":true,"href":"https:\/\/rockvell.com\/index.php?rest_route=%2Fwp%2Fv2%2Fcomments&post=15695"}],"version-history":[{"count":1,"href":"https:\/\/rockvell.com\/index.php?rest_route=\/wp\/v2\/posts\/15695\/revisions"}],"predecessor-version":[{"id":15697,"href":"https:\/\/rockvell.com\/index.php?rest_route=\/wp\/v2\/posts\/15695\/revisions\/15697"}],"wp:featuredmedia":[{"embeddable":true,"href":"https:\/\/rockvell.com\/index.php?rest_route=\/wp\/v2\/media\/15696"}],"wp:attachment":[{"href":"https:\/\/rockvell.com\/index.php?rest_route=%2Fwp%2Fv2%2Fmedia&parent=15695"}],"wp:term":[{"taxonomy":"category","embeddable":true,"href":"https:\/\/rockvell.com\/index.php?rest_route=%2Fwp%2Fv2%2Fcategories&post=15695"},{"taxonomy":"post_tag","embeddable":true,"href":"https:\/\/rockvell.com\/index.php?rest_route=%2Fwp%2Fv2%2Ftags&post=15695"}],"curies":[{"name":"wp","href":"https:\/\/api.w.org\/{rel}","templated":true}]}}