{"id":15702,"date":"2023-09-13T07:00:00","date_gmt":"2023-09-13T04:00:00","guid":{"rendered":"https:\/\/rockvell.com\/?p=15702"},"modified":"2023-09-13T09:45:05","modified_gmt":"2023-09-13T06:45:05","slug":"dovl%c9%99t-mu%c9%99ssis%c9%99l%c9%99rin%c9%99-investisiya-yatirilmasi-imkanlari-genisl%c9%99ndirilir","status":"publish","type":"post","link":"https:\/\/rockvell.com\/?p=15702","title":{"rendered":"D\u00f6vl\u0259t m\u00fc\u0259ssis\u0259l\u0259rin\u0259 investisiya yat\u0131r\u0131lmas\u0131 imkanlar\u0131 geni\u015fl\u0259ndirilir"},"content":{"rendered":"\n<p class=\"has-medium-font-size\"><strong>D\u00f6vl\u0259t m\u00fc\u0259ssis\u0259l\u0259rin\u0259 investisiya yat\u0131r\u0131lmas\u0131 imkanlar\u0131 geni\u015fl\u0259ndirilir<\/strong><\/p>\n\n\n\n<p>Az\u0259rbaycanda iqtisadiyyat\u0131n liberalla\u015fd\u0131r\u0131lmas\u0131, iqtisadi diversifikasiya v\u0259 s\u0259m\u0259r\u0259liliyin art\u0131r\u0131lmas\u0131 m\u0259qs\u0259dil\u0259 davaml\u0131 struktur islahatlar\u0131 h\u0259yata ke\u00e7irilir. Bu islahatlar d\u00f6vl\u0259t m\u00fc\u0259ssis\u0259l\u0259rinin f\u0259aliyy\u0259t sah\u0259sini d\u0259 \u0259hat\u0259 edir.<\/p>\n\n\n<div class=\"wp-block-image\">\n<figure class=\"aligncenter size-large is-resized\"><img loading=\"lazy\" decoding=\"async\" src=\"https:\/\/rockvell.com\/wp-content\/uploads\/2023\/08\/PCbTBlKaCgfHnoCy4XT1tEcJBsA01AL2GC53r7yJ-1024x361.png\" alt=\"\" class=\"wp-image-15016\" width=\"458\" height=\"161\" srcset=\"https:\/\/rockvell.com\/wp-content\/uploads\/2023\/08\/PCbTBlKaCgfHnoCy4XT1tEcJBsA01AL2GC53r7yJ-1024x361.png 1024w, https:\/\/rockvell.com\/wp-content\/uploads\/2023\/08\/PCbTBlKaCgfHnoCy4XT1tEcJBsA01AL2GC53r7yJ-300x106.png 300w, https:\/\/rockvell.com\/wp-content\/uploads\/2023\/08\/PCbTBlKaCgfHnoCy4XT1tEcJBsA01AL2GC53r7yJ-768x271.png 768w, https:\/\/rockvell.com\/wp-content\/uploads\/2023\/08\/PCbTBlKaCgfHnoCy4XT1tEcJBsA01AL2GC53r7yJ-1536x542.png 1536w, https:\/\/rockvell.com\/wp-content\/uploads\/2023\/08\/PCbTBlKaCgfHnoCy4XT1tEcJBsA01AL2GC53r7yJ-2048x723.png 2048w, https:\/\/rockvell.com\/wp-content\/uploads\/2023\/08\/PCbTBlKaCgfHnoCy4XT1tEcJBsA01AL2GC53r7yJ-360x127.png 360w\" sizes=\"(max-width: 458px) 100vw, 458px\" \/><\/figure><\/div>\n\n\n<p>D\u00f6vl\u0259t m\u00fc\u0259ssis\u0259l\u0259rinin korporativ idar\u0259etm\u0259 prinsipl\u0259ri \u0259sas\u0131nda f\u0259aliyy\u0259ti, iqtisadi effektivliyinin y\u00fcks\u0259ldilm\u0259si, maliyy\u0259 dayan\u0131ql\u0131l\u0131\u011f\u0131n\u0131n yax\u015f\u0131la\u015fd\u0131r\u0131lmas\u0131 \u00f6lk\u0259nin iqtisadi inki\u015faf\u0131na t\u00f6hf\u0259 ver\u0259n \u0259sas m\u0259s\u0259l\u0259l\u0259rd\u0259ndir. Bu m\u0259qs\u0259dl\u0259 yarad\u0131lan Az\u0259rbaycan \u0130nvestisiya Holdinqin\u0259 d\u00f6vl\u0259t m\u00fc\u0259ssis\u0259l\u0259rinin idar\u0259\u00e7iliyinin h\u0259val\u0259 olunmas\u0131, d\u00f6vl\u0259t m\u00fc\u0259ssis\u0259l\u0259rind\u0259 yarad\u0131lan m\u00fc\u015fahid\u0259 \u015furalar\u0131 vasit\u0259sil\u0259 m\u00fc\u0259ssis\u0259l\u0259rin f\u0259aliyy\u0259tin\u0259 n\u0259zar\u0259tin h\u0259yata ke\u00e7irilm\u0259si yeni idar\u0259etm\u0259 metodunun \u00fcst\u00fcnl\u00fckl\u0259rind\u0259ndir. M\u00fc\u015fahid\u0259 \u015furalar\u0131 vasit\u0259sil\u0259 m\u0259suliyy\u0259tin b\u00f6l\u00fc\u015fd\u00fcr\u00fclm\u0259si, hesabatl\u0131l\u0131\u011f\u0131n t\u0259min edilm\u0259si d\u00f6vl\u0259t m\u00fc\u0259ssis\u0259l\u0259rinin f\u0259aliyy\u0259tind\u0259 iqtisadi dividendl\u0259rin artmas\u0131na, o c\u00fcml\u0259d\u0259n, z\u0259r\u0259rd\u0259n m\u0259nf\u0259\u0259t\u0259 ke\u00e7irilm\u0259sin\u0259, intizaml\u0131 x\u0259rc siyas\u0259tinin t\u0259tbiqin\u0259, yeni g\u0259lir m\u0259nb\u0259l\u0259rinin yarad\u0131lmas\u0131na, b\u00fcdc\u0259 dotasiyalar\u0131n\u0131n minimalla\u015fd\u0131r\u0131lmas\u0131na, \u015firk\u0259tl\u0259rin b\u00fcdc\u0259y\u0259 \u00f6d\u0259m\u0259l\u0259r ed\u0259n kommersiya \u0259sasl\u0131 strukturlara \u00e7evrilm\u0259sin\u0259 \u0259sasl\u0131 z\u0259min yarad\u0131b.<\/p>\n\n\n\n<p>Az\u0259rbaycanda siyasi v\u0259 maliyy\u0259-iqtisadi sabitlik, \u0259lveri\u015fli i\u015fg\u00fczar m\u00fchit, azad bazar m\u00fcnasib\u0259tl\u0259rinin h\u0259rt\u0259r\u0259fli inki\u015faf\u0131, dayan\u0131ql\u0131 \u00f6z\u0259l m\u00fclkiyy\u0259tin d\u0259st\u0259kl\u0259nm\u0259si kimi amill\u0259r iqtisadi inki\u015faf\u0131 s\u00fcr\u0259tl\u0259ndirir, xarici investorlar\u0131n \u00f6lk\u0259miz\u0259 mara\u011f\u0131n\u0131 art\u0131r\u0131r. Eyni zamanda, \u00f6lk\u0259 v\u0259t\u0259nda\u015flar\u0131n\u0131n iqtisadi inki\u015fafdan t\u0259dric\u0259n daha \u00e7ox b\u0259hr\u0259l\u0259nm\u0259si imkanlar\u0131 art\u0131r.<\/p>\n\n\n\n<p>\u0130ri d\u00f6vl\u0259t m\u00fc\u0259ssis\u0259l\u0259rin\u0259 \u00f6z\u0259l investisiyalar\u0131n c\u0259lbi onlar\u0131n f\u0259aliyy\u0259tinin r\u0259qab\u0259t m\u00fchitinin t\u0259l\u0259bl\u0259rin\u0259 uy\u011funla\u015fd\u0131r\u0131lmas\u0131na t\u0259minat yarad\u0131r. Bu bax\u0131mdan, d\u00f6vl\u0259t ba\u015f\u00e7\u0131s\u0131n\u0131n 31 avqust 2023-c\u00fc il tarixli \u201cAz\u0259rbaycan Respublikas\u0131n\u0131n d\u00f6vl\u0259t m\u00fc\u0259ssis\u0259l\u0259rin\u0259 \u00f6z\u0259l investisiyalar\u0131n c\u0259lb edilm\u0259si il\u0259 ba\u011fl\u0131 t\u0259dbirl\u0259r haqq\u0131nda\u201d S\u0259r\u0259ncam\u0131 x\u00fcsusil\u0259 \u00f6n\u0259mlidir. S\u0259n\u0259d\u0259 \u0259sas\u0259n, \u201cAz\u0259rbaycan Beyn\u0259lxalq Bank\u0131\u201d ASC, \u201cBak\u0131 Telefon Rabit\u0259si\u201d MMC, \u201cAztelekom\u201d MMC, \u201cAz\u0259rbaycan X\u0259z\u0259r D\u0259niz G\u0259mi\u00e7iliyi\u201d QSC, \u201cAzerGold\u201d QSC, \u201cAz\u0259rikimya\u201d \u0130stehsalat Birliyi (Etilen-Polietilen zavodu), Karbamid v\u0259 Metanol zavodlar\u0131na \u00f6z\u0259l investisiyalar\u0131n c\u0259lb edilm\u0259si n\u0259z\u0259rd\u0259 tutulub.<\/p>\n\n\n\n<p>S\u0259r\u0259ncamda g\u00f6st\u0259ril\u0259n tap\u015f\u0131r\u0131qlar\u0131n icras\u0131 iri m\u00fc\u0259ssis\u0259l\u0259rin idar\u0259 edilm\u0259sind\u0259 v\u0259 maliyy\u0259 pay\u0131nda d\u00f6vl\u0259tin y\u00fck\u00fcn\u00fcn azald\u0131lmas\u0131na, d\u00f6vl\u0259t-\u00f6z\u0259l sektor t\u0259r\u0259fda\u015fl\u0131\u011f\u0131n\u0131n geni\u015fl\u0259ndirilm\u0259sin\u0259 h\u0259d\u0259fl\u0259nib. S\u0259n\u0259d \u00f6lk\u0259d\u0259 korporativ idar\u0259etm\u0259 mexanizml\u0259rinin daha geni\u015f t\u0259tbiqin\u0259 v\u0259 kapital bazarlar\u0131n\u0131n canland\u0131r\u0131lmas\u0131na \u015f\u0259rait yaradacaq. Bununla yana\u015f\u0131, S\u0259r\u0259ncam d\u00f6vl\u0259t m\u00fc\u0259ssis\u0259l\u0259rinin idar\u0259 edilm\u0259sind\u0259 v\u0259t\u0259nda\u015flar\u0131n i\u015ftirak\u0131 v\u0259 h\u0259min m\u00fc\u0259ssis\u0259l\u0259r\u0259 \u00f6z\u0259l investisiyalar\u0131n yat\u0131r\u0131lmas\u0131 imkanlar\u0131n\u0131 geni\u015fl\u0259ndirm\u0259k m\u0259qs\u0259di da\u015f\u0131y\u0131r.<\/p>\n\n\n\n<p>S\u0259n\u0259d\u0259 \u0259sas\u0259n, n\u00fcfuzlu beyn\u0259lxalq m\u0259sl\u0259h\u0259t\u00e7i \u015firk\u0259tl\u0259rin c\u0259lb olunmas\u0131 il\u0259 t\u0259hlill\u0259r apar\u0131laraq t\u0259klifl\u0259r haz\u0131rlanacaq. T\u0259klifl\u0259r d\u00f6vl\u0259t m\u00fc\u0259ssis\u0259l\u0259rinin restrukturla\u015fmas\u0131 v\u0259 sa\u011flamla\u015fd\u0131r\u0131lmas\u0131, qiym\u0259tl\u0259ndirilm\u0259si, potensial investorlar\u0131n m\u00fc\u0259yy\u0259nl\u0259\u015fdirilm\u0259si, m\u00fcvafiq bazar\u0131n liberalla\u015fd\u0131r\u0131lmas\u0131 v\u0259 inhisars\u0131zla\u015fd\u0131r\u0131lmas\u0131, d\u00f6vl\u0259t m\u00fc\u0259ssis\u0259l\u0259rinin \u0259sas f\u0259aliyy\u0259tin\u0259 uy\u011fun olmayan dig\u0259r f\u0259aliyy\u0259tin \u00f6z\u0259l sektora \u00f6t\u00fcr\u00fclm\u0259si imkanlar\u0131, h\u0259min d\u00f6vl\u0259t m\u00fc\u0259ssis\u0259l\u0259rinin t\u0259\u015fkilati-h\u00fcquqi formas\u0131n\u0131n d\u0259yi\u015fdirilm\u0259si, onlar\u0131n \u00f6zg\u0259ninkil\u0259\u015fdiril\u0259c\u0259k hiss\u0259l\u0259ri v\u0259 d\u00f6vl\u0259t i\u015ftirak pay\u0131n\u0131n hiss\u0259vi sat\u0131\u015f \u00fcsullar\u0131n\u0131, habel\u0259 bununla \u0259laq\u0259dar m\u00f6vcud normativ h\u00fcquqi bazan\u0131n t\u0259kmill\u0259\u015fdirilm\u0259si m\u0259s\u0259l\u0259l\u0259rini \u0259hat\u0259 ed\u0259c\u0259k.<\/p>\n\n\n\n<p>\u00dcmumilikd\u0259 \u00f6z\u0259l investisiyalar\u0131n konsolidasiyas\u0131 v\u0259 \u00f6z\u0259l sahibkarl\u0131q subyektl\u0259ri il\u0259 d\u00f6vl\u0259t m\u00fc\u0259ssis\u0259l\u0259ri aras\u0131nda olan \u0259m\u0259kda\u015fl\u0131\u011f\u0131n geni\u015fl\u0259ndirilm\u0259si say\u0259sind\u0259 milli iqtisadiyyat\u0131n strukturu daha s\u00fcr\u0259tl\u0259 \u015fax\u0259l\u0259n\u0259c\u0259k v\u0259 qeyri-neft-qaz sektorundan as\u0131l\u0131l\u0131\u011f\u0131 azalacaq, r\u0259qab\u0259tqabiliyy\u0259tliliyi y\u00fcks\u0259l\u0259c\u0259kdir.<\/p>\n","protected":false},"excerpt":{"rendered":"<p>D\u00f6vl\u0259t m\u00fc\u0259ssis\u0259l\u0259rin\u0259 investisiya yat\u0131r\u0131lmas\u0131 imkanlar\u0131 geni\u015fl\u0259ndirilir Az\u0259rbaycanda iqtisadiyyat\u0131n liberalla\u015fd\u0131r\u0131lmas\u0131, iqtisadi diversifikasiya v\u0259 s\u0259m\u0259r\u0259liliyin art\u0131r\u0131lmas\u0131 m\u0259qs\u0259dil\u0259 davaml\u0131 struktur islahatlar\u0131 h\u0259yata ke\u00e7irilir. Bu islahatlar d\u00f6vl\u0259t m\u00fc\u0259ssis\u0259l\u0259rinin f\u0259aliyy\u0259t sah\u0259sini d\u0259 \u0259hat\u0259 edir. D\u00f6vl\u0259t m\u00fc\u0259ssis\u0259l\u0259rinin korporativ idar\u0259etm\u0259 prinsipl\u0259ri \u0259sas\u0131nda&#8230;<\/p>\n","protected":false},"author":2,"featured_media":15018,"comment_status":"closed","ping_status":"closed","sticky":false,"template":"","format":"standard","meta":{"footnotes":""},"categories":[41],"tags":[],"aioseo_notices":[],"_links":{"self":[{"href":"https:\/\/rockvell.com\/index.php?rest_route=\/wp\/v2\/posts\/15702"}],"collection":[{"href":"https:\/\/rockvell.com\/index.php?rest_route=\/wp\/v2\/posts"}],"about":[{"href":"https:\/\/rockvell.com\/index.php?rest_route=\/wp\/v2\/types\/post"}],"author":[{"embeddable":true,"href":"https:\/\/rockvell.com\/index.php?rest_route=\/wp\/v2\/users\/2"}],"replies":[{"embeddable":true,"href":"https:\/\/rockvell.com\/index.php?rest_route=%2Fwp%2Fv2%2Fcomments&post=15702"}],"version-history":[{"count":1,"href":"https:\/\/rockvell.com\/index.php?rest_route=\/wp\/v2\/posts\/15702\/revisions"}],"predecessor-version":[{"id":15703,"href":"https:\/\/rockvell.com\/index.php?rest_route=\/wp\/v2\/posts\/15702\/revisions\/15703"}],"wp:featuredmedia":[{"embeddable":true,"href":"https:\/\/rockvell.com\/index.php?rest_route=\/wp\/v2\/media\/15018"}],"wp:attachment":[{"href":"https:\/\/rockvell.com\/index.php?rest_route=%2Fwp%2Fv2%2Fmedia&parent=15702"}],"wp:term":[{"taxonomy":"category","embeddable":true,"href":"https:\/\/rockvell.com\/index.php?rest_route=%2Fwp%2Fv2%2Fcategories&post=15702"},{"taxonomy":"post_tag","embeddable":true,"href":"https:\/\/rockvell.com\/index.php?rest_route=%2Fwp%2Fv2%2Ftags&post=15702"}],"curies":[{"name":"wp","href":"https:\/\/api.w.org\/{rel}","templated":true}]}}