{"id":15707,"date":"2023-09-13T09:00:00","date_gmt":"2023-09-13T06:00:00","guid":{"rendered":"https:\/\/rockvell.com\/?p=15707"},"modified":"2023-09-13T10:06:02","modified_gmt":"2023-09-13T07:06:02","slug":"bakida-avropa-v%c9%99-m%c9%99rk%c9%99zi-asiyada-qida-standartlarinin-t%c9%99kmill%c9%99sdirilm%c9%99si-il%c9%99-bagli-beyn%c9%99lxalq-t%c9%99dbir","status":"publish","type":"post","link":"https:\/\/rockvell.com\/?p=15707","title":{"rendered":"Bak\u0131da Avropa v\u0259 M\u0259rk\u0259zi Asiyada qida standartlar\u0131n\u0131n t\u0259kmill\u0259\u015fdirilm\u0259si il\u0259 ba\u011fl\u0131 beyn\u0259lxalq t\u0259dbir"},"content":{"rendered":"\n<p class=\"has-medium-font-size\"><strong>Sabah Bak\u0131da Avropa v\u0259 M\u0259rk\u0259zi Asiyada qida standartlar\u0131n\u0131n t\u0259kmill\u0259\u015fdirilm\u0259si il\u0259 ba\u011fl\u0131 beyn\u0259lxalq t\u0259dbir \u00f6z i\u015fin\u0259 ba\u015flay\u0131r<\/strong><\/p>\n\n\n\n<p>Sabah Bak\u0131da \u201cAvropa v\u0259 M\u0259rk\u0259zi Asiyada Qida standartlar\u0131n\u0131n t\u0259kmill\u0259\u015fdirilm\u0259si v\u0259 Kodeksin f\u0259aliyy\u0259tind\u0259 i\u015ftirak\u0131n geni\u015fl\u0259ndirilm\u0259si\u201d m\u00f6vzusunda beyn\u0259lxalq t\u0259dbir \u00f6z i\u015fin\u0259 ba\u015flay\u0131r.<\/p>\n\n\n<div class=\"wp-block-image\">\n<figure class=\"aligncenter size-full is-resized\"><img loading=\"lazy\" decoding=\"async\" src=\"https:\/\/rockvell.com\/wp-content\/uploads\/2023\/09\/banner-advancing-food-standards-page-0001-1.jpg\" alt=\"\" class=\"wp-image-15708\" width=\"474\" height=\"237\" srcset=\"https:\/\/rockvell.com\/wp-content\/uploads\/2023\/09\/banner-advancing-food-standards-page-0001-1.jpg 649w, https:\/\/rockvell.com\/wp-content\/uploads\/2023\/09\/banner-advancing-food-standards-page-0001-1-300x150.jpg 300w, https:\/\/rockvell.com\/wp-content\/uploads\/2023\/09\/banner-advancing-food-standards-page-0001-1-360x180.jpg 360w\" sizes=\"(max-width: 474px) 100vw, 474px\" \/><\/figure><\/div>\n\n\n<p>15-\u0259 yax\u0131n \u00f6lk\u0259nin n\u00fcmay\u0259nd\u0259l\u0259rinin i\u015ftirak\u0131 il\u0259 ba\u015f tutacaq t\u0259dbird\u0259 Az\u0259rbaycan Respublikas\u0131n\u0131n m\u00fcvafiq m\u0259rk\u0259zi icra hakimiyy\u0259ti orqanlar\u0131n\u0131n r\u0259hb\u0259r \u015f\u0259xsl\u0259ri, BMT-nin \u018frzaq v\u0259 K\u0259nd T\u0259s\u0259rr\u00fcfat\u0131 T\u0259\u015fkilat\u0131 (FAO), \u00dcmumd\u00fcnya S\u0259hiyy\u0259 T\u0259\u015fkilat\u0131 (\u00dcST), \u00dcmumd\u00fcnya Ticar\u0259t T\u0259\u015fkilat\u0131 (\u00dcTT), UNICEF, Avropa Komissiyas\u0131, D\u00fcnya Bank\u0131 v\u0259 dig\u0259r n\u00fcfuzlu t\u0259\u015fkilatlar\u0131n \u00fcmumilikd\u0259 60-dan art\u0131q n\u00fcmay\u0259nd\u0259si i\u015ftirak ed\u0259c\u0259k.<\/p>\n\n\n\n<p>Qeyd ed\u0259k ki, Az\u0259rbaycan Respublikas\u0131 Qida T\u0259hl\u00fck\u0259sizliyi Agentliyi v\u0259 BMT-nin \u018frzaq v\u0259 K\u0259nd T\u0259s\u0259rr\u00fcfat\u0131 T\u0259\u015fkilat\u0131n\u0131n Avropa v\u0259 M\u0259rk\u0259zi Asiya \u00fczr\u0259 Regional Ofisinin birg\u0259 t\u0259\u015fkilat\u00e7\u0131l\u0131\u011f\u0131 il\u0259 paytaxt Bak\u0131da ba\u015f tutacaq n\u00fcfuzlu beyn\u0259lxalq t\u0259dbir \u0259lam\u0259tdar tarix\u0259 t\u0259sad\u00fcf edir. Bel\u0259 ki, 2023-c\u00fc ild\u0259 Az\u0259rbaycan Respublikas\u0131n\u0131n Qida T\u0259hl\u00fck\u0259sizliyi Agentliyi (AQTA) 5, Kodeks Alimentarius 60 illik yubileyini qeyd edir. Avropa v\u0259 M\u0259rk\u0259zi Asiya regionunun Kodeks v\u0259 qida t\u0259hl\u00fck\u0259sizliyi sah\u0259sind\u0259 f\u0259al t\u0259r\u0259fda\u015flar\u0131 bu \u0259lam\u0259tdar ili qeyd etm\u0259k m\u0259qs\u0259dil\u0259 ikig\u00fcnl\u00fck y\u00fcks\u0259k s\u0259viyy\u0259li konfrans\u0131 birlikd\u0259 ke\u00e7ir\u0259c\u0259kl\u0259r.<\/p>\n\n\n\n<p>Beyn\u0259lxalq t\u0259dbir zaman\u0131 qida t\u0259hl\u00fck\u0259sizliyi standartlar\u0131 diqq\u0259t m\u0259rk\u0259zind\u0259 saxlan\u0131lacaq, regionda Kodeksd\u0259n istifad\u0259 v\u0259 Kodeksd\u0259 i\u015ftirakla ba\u011fl\u0131 ir\u0259lil\u0259yi\u015fl\u0259r v\u0259 probleml\u0259r m\u00fczakir\u0259 edil\u0259c\u0259k v\u0259 \u201cVahid Sa\u011flaml\u0131q\u201d konsepsiyas\u0131 \u00e7\u0259r\u00e7iv\u0259sind\u0259 qida t\u0259hl\u00fck\u0259sizliyinin m\u00fcvafiq aspektl\u0259ri n\u0259z\u0259rd\u0259n ke\u00e7iril\u0259c\u0259k.<\/p>\n\n\n\n<p>\u018flav\u0259 ed\u0259k ki, \u201cAvropa v\u0259 M\u0259rk\u0259zi Asiyada Qida standartlar\u0131n\u0131n t\u0259kmill\u0259\u015fdirilm\u0259si v\u0259 Kodeksin f\u0259aliyy\u0259tind\u0259 i\u015ftirak\u0131n geni\u015fl\u0259ndirilm\u0259si\u201d m\u00f6vzusunda ikig\u00fcnl\u00fck beyn\u0259lxalq t\u0259dbir 2023-c\u00fc il 14-15 sentyabr tarixl\u0259rind\u0259 t\u0259\u015fkil olunacaq.<\/p>\n","protected":false},"excerpt":{"rendered":"<p>Sabah Bak\u0131da Avropa v\u0259 M\u0259rk\u0259zi Asiyada qida standartlar\u0131n\u0131n t\u0259kmill\u0259\u015fdirilm\u0259si il\u0259 ba\u011fl\u0131 beyn\u0259lxalq t\u0259dbir \u00f6z i\u015fin\u0259 ba\u015flay\u0131r Sabah Bak\u0131da \u201cAvropa v\u0259 M\u0259rk\u0259zi Asiyada Qida standartlar\u0131n\u0131n t\u0259kmill\u0259\u015fdirilm\u0259si v\u0259 Kodeksin f\u0259aliyy\u0259tind\u0259 i\u015ftirak\u0131n geni\u015fl\u0259ndirilm\u0259si\u201d m\u00f6vzusunda beyn\u0259lxalq t\u0259dbir \u00f6z i\u015fin\u0259&#8230;<\/p>\n","protected":false},"author":2,"featured_media":15708,"comment_status":"closed","ping_status":"closed","sticky":false,"template":"","format":"standard","meta":{"footnotes":""},"categories":[12],"tags":[],"aioseo_notices":[],"_links":{"self":[{"href":"https:\/\/rockvell.com\/index.php?rest_route=\/wp\/v2\/posts\/15707"}],"collection":[{"href":"https:\/\/rockvell.com\/index.php?rest_route=\/wp\/v2\/posts"}],"about":[{"href":"https:\/\/rockvell.com\/index.php?rest_route=\/wp\/v2\/types\/post"}],"author":[{"embeddable":true,"href":"https:\/\/rockvell.com\/index.php?rest_route=\/wp\/v2\/users\/2"}],"replies":[{"embeddable":true,"href":"https:\/\/rockvell.com\/index.php?rest_route=%2Fwp%2Fv2%2Fcomments&post=15707"}],"version-history":[{"count":1,"href":"https:\/\/rockvell.com\/index.php?rest_route=\/wp\/v2\/posts\/15707\/revisions"}],"predecessor-version":[{"id":15709,"href":"https:\/\/rockvell.com\/index.php?rest_route=\/wp\/v2\/posts\/15707\/revisions\/15709"}],"wp:featuredmedia":[{"embeddable":true,"href":"https:\/\/rockvell.com\/index.php?rest_route=\/wp\/v2\/media\/15708"}],"wp:attachment":[{"href":"https:\/\/rockvell.com\/index.php?rest_route=%2Fwp%2Fv2%2Fmedia&parent=15707"}],"wp:term":[{"taxonomy":"category","embeddable":true,"href":"https:\/\/rockvell.com\/index.php?rest_route=%2Fwp%2Fv2%2Fcategories&post=15707"},{"taxonomy":"post_tag","embeddable":true,"href":"https:\/\/rockvell.com\/index.php?rest_route=%2Fwp%2Fv2%2Ftags&post=15707"}],"curies":[{"name":"wp","href":"https:\/\/api.w.org\/{rel}","templated":true}]}}