{"id":17304,"date":"2023-10-25T07:00:00","date_gmt":"2023-10-25T04:00:00","guid":{"rendered":"https:\/\/rockvell.com\/?p=17304"},"modified":"2023-10-24T23:07:37","modified_gmt":"2023-10-24T20:07:37","slug":"avropa-ittifaqinin-eu4energy-proqrami-c%c9%99rciv%c9%99sind%c9%99-seminar-kecirilib","status":"publish","type":"post","link":"https:\/\/rockvell.com\/?p=17304","title":{"rendered":"Avropa \u0130ttifaq\u0131n\u0131n \u201cEU4Energy\u201d proqram\u0131 \u00e7\u0259r\u00e7iv\u0259sind\u0259 seminar ke\u00e7irilib"},"content":{"rendered":"\n<p class=\"has-medium-font-size\"><strong>Avropa \u0130ttifaq\u0131n\u0131n \u201cEU4Energy\u201d proqram\u0131 \u00e7\u0259r\u00e7iv\u0259sind\u0259 seminar ke\u00e7irilib<\/strong><\/p>\n\n\n\n<p>Energetika Nazirliyind\u0259 23-24 oktyabr tarixl\u0259rind\u0259 Avropa \u0130ttifaq\u0131n\u0131n \u201cEU4Energy\u201d proqram\u0131 \u00e7\u0259r\u00e7iv\u0259sind\u0259 Avropa Enerji T\u0259nziml\u0259yicil\u0259ri \u015euras\u0131 (CEER) t\u0259r\u0259find\u0259n \u201cYa\u015f\u0131l enerjiy\u0259 ke\u00e7idin t\u0259\u015fviqi, t\u0259kmill\u0259\u015fdirilmi\u015f qanunvericilik \u0259sas\u0131nda istehlak\u00e7\u0131lara \u0259lav\u0259 imkanlar\u0131n verilm\u0259si\u201d m\u00f6vzusunda seminar ke\u00e7irilib.<\/p>\n\n\n<div class=\"wp-block-image\">\n<figure class=\"aligncenter size-large is-resized\"><img loading=\"lazy\" decoding=\"async\" src=\"https:\/\/rockvell.com\/wp-content\/uploads\/2023\/10\/3I1A1636-1024x683.jpg\" alt=\"\" class=\"wp-image-17305\" width=\"474\" height=\"315\" srcset=\"https:\/\/rockvell.com\/wp-content\/uploads\/2023\/10\/3I1A1636-1024x683.jpg 1024w, https:\/\/rockvell.com\/wp-content\/uploads\/2023\/10\/3I1A1636-300x200.jpg 300w, https:\/\/rockvell.com\/wp-content\/uploads\/2023\/10\/3I1A1636-768x512.jpg 768w, https:\/\/rockvell.com\/wp-content\/uploads\/2023\/10\/3I1A1636-1536x1024.jpg 1536w, https:\/\/rockvell.com\/wp-content\/uploads\/2023\/10\/3I1A1636-2048x1365.jpg 2048w, https:\/\/rockvell.com\/wp-content\/uploads\/2023\/10\/3I1A1636-360x240.jpg 360w\" sizes=\"(max-width: 474px) 100vw, 474px\" \/><\/figure><\/div>\n\n\n<p>T\u0259dbird\u0259 \u201cEU4Energy\u201d proqram\u0131n\u0131n n\u00fcmay\u0259nd\u0259si xan\u0131m Xatuna Didbaridze, Malta t\u0259msil\u00e7isi Manuel Manuzzi, Macar\u0131stan t\u0259msil\u00e7isi Armin B\u00f6hm v\u0259 Yunan\u0131stan t\u0259msil\u00e7isi Athanasios Volikas t\u0259r\u0259find\u0259n t\u0259qdimatlar n\u00fcmayi\u015f olunub.<\/p>\n\n\n\n<p>T\u0259qdimat\u00e7\u0131lar ad\u0131\u00e7\u0259kil\u0259n \u00f6lk\u0259l\u0259rd\u0259 enerji istehsal\u0131n\u0131n optimalla\u015fd\u0131r\u0131lmas\u0131, enerji effektivliyi, enerji auditi v\u0259 auditin \u0259hat\u0259 etdiyi m\u00fch\u00fcm kriteriyalar, bununla ba\u011fl\u0131 \u00f6hd\u0259likl\u0259r v\u0259 onlar\u0131n pozulmas\u0131na g\u00f6r\u0259 c\u0259rim\u0259l\u0259r, bu sah\u0259d\u0259 d\u00f6vl\u0259tin rolu, s\u0259m\u0259r\u0259lilik konsepsiyas\u0131, binalarda enerji effektivliyi, Avropa \u00f6lk\u0259l\u0259rind\u0259 enerji s\u0259m\u0259r\u0259liliyin\u0259 investisiya qoyulu\u015fu, enerji s\u0259m\u0259r\u0259liliyi il\u0259 ba\u011fl\u0131 q\u0259bul edil\u0259n t\u0259limatlar, enerji menecment sisteminin t\u0259tbiqi, enerji effektivliyi t\u0259dbirl\u0259rinin t\u0259\u015fviqi, &nbsp;2030-cu il \u00fc\u00e7\u00fcn enerji v\u0259 iqlim siyas\u0259ti m\u0259qs\u0259dl\u0259ri, qar\u015f\u0131ya qoyulan h\u0259d\u0259fl\u0259r bar\u0259d\u0259 \u00f6z t\u0259cr\u00fcb\u0259l\u0259rini seminar i\u015ftirak\u00e7\u0131lar\u0131 il\u0259 b\u00f6l\u00fc\u015f\u00fcbl\u0259r.<\/p>\n\n\n\n<p>Seminarda, h\u0259m\u00e7inin \u00f6lk\u0259mizd\u0259 enerji s\u0259m\u0259r\u0259liliyi \u00fczr\u0259 \u00f6hd\u0259likl\u0259r, enerji effektivliyi potensial\u0131n\u0131n m\u00fc\u0259yy\u0259n edilm\u0259si proseduru v\u0259 qiym\u0259tl\u0259ndirm\u0259 meyarlar\u0131 \u00fczr\u0259 qanunvericilik bazas\u0131, eyni zamanda enerji audit sistemi il\u0259 ba\u011fl\u0131 \u0259trafl\u0131 m\u0259lumat t\u0259qdim olunub. M\u0259cburi enerji auditinin apar\u0131ld\u0131\u011f\u0131 m\u00fc\u0259ssis\u0259l\u0259r v\u0259 binalar, \u00f6hd\u0259likl\u0259rin pozulmas\u0131 zaman\u0131 t\u0259tbiq olunan c\u0259rim\u0259l\u0259r v\u0259 s. &nbsp;il\u0259 \u0259laq\u0259dar seminar i\u015ftirak\u00e7\u0131lar\u0131n\u0131 maraqland\u0131ran dig\u0259r suallara cavab verilib.<\/p>\n\n\n\n<p>Seminarda Energetika Nazirliyi v\u0259 nazirliyin tabeliyind\u0259 olan Enerji M\u0259s\u0259l\u0259l\u0259rini T\u0259nziml\u0259m\u0259 Agentliyinin \u0259m\u0259kda\u015flar\u0131 i\u015ftirak edibl\u0259r.<\/p>\n","protected":false},"excerpt":{"rendered":"<p>Avropa \u0130ttifaq\u0131n\u0131n \u201cEU4Energy\u201d proqram\u0131 \u00e7\u0259r\u00e7iv\u0259sind\u0259 seminar ke\u00e7irilib Energetika Nazirliyind\u0259 23-24 oktyabr tarixl\u0259rind\u0259 Avropa \u0130ttifaq\u0131n\u0131n \u201cEU4Energy\u201d proqram\u0131 \u00e7\u0259r\u00e7iv\u0259sind\u0259 Avropa Enerji T\u0259nziml\u0259yicil\u0259ri \u015euras\u0131 (CEER) t\u0259r\u0259find\u0259n \u201cYa\u015f\u0131l enerjiy\u0259 ke\u00e7idin t\u0259\u015fviqi, t\u0259kmill\u0259\u015fdirilmi\u015f qanunvericilik \u0259sas\u0131nda istehlak\u00e7\u0131lara \u0259lav\u0259 imkanlar\u0131n verilm\u0259si\u201d m\u00f6vzusunda&#8230;<\/p>\n","protected":false},"author":2,"featured_media":17305,"comment_status":"closed","ping_status":"closed","sticky":false,"template":"","format":"standard","meta":{"footnotes":""},"categories":[8],"tags":[],"aioseo_notices":[],"_links":{"self":[{"href":"https:\/\/rockvell.com\/index.php?rest_route=\/wp\/v2\/posts\/17304"}],"collection":[{"href":"https:\/\/rockvell.com\/index.php?rest_route=\/wp\/v2\/posts"}],"about":[{"href":"https:\/\/rockvell.com\/index.php?rest_route=\/wp\/v2\/types\/post"}],"author":[{"embeddable":true,"href":"https:\/\/rockvell.com\/index.php?rest_route=\/wp\/v2\/users\/2"}],"replies":[{"embeddable":true,"href":"https:\/\/rockvell.com\/index.php?rest_route=%2Fwp%2Fv2%2Fcomments&post=17304"}],"version-history":[{"count":1,"href":"https:\/\/rockvell.com\/index.php?rest_route=\/wp\/v2\/posts\/17304\/revisions"}],"predecessor-version":[{"id":17306,"href":"https:\/\/rockvell.com\/index.php?rest_route=\/wp\/v2\/posts\/17304\/revisions\/17306"}],"wp:featuredmedia":[{"embeddable":true,"href":"https:\/\/rockvell.com\/index.php?rest_route=\/wp\/v2\/media\/17305"}],"wp:attachment":[{"href":"https:\/\/rockvell.com\/index.php?rest_route=%2Fwp%2Fv2%2Fmedia&parent=17304"}],"wp:term":[{"taxonomy":"category","embeddable":true,"href":"https:\/\/rockvell.com\/index.php?rest_route=%2Fwp%2Fv2%2Fcategories&post=17304"},{"taxonomy":"post_tag","embeddable":true,"href":"https:\/\/rockvell.com\/index.php?rest_route=%2Fwp%2Fv2%2Ftags&post=17304"}],"curies":[{"name":"wp","href":"https:\/\/api.w.org\/{rel}","templated":true}]}}