{"id":19436,"date":"2023-12-22T08:00:00","date_gmt":"2023-12-22T05:00:00","guid":{"rendered":"https:\/\/rockvell.com\/?p=19436"},"modified":"2023-12-22T19:16:01","modified_gmt":"2023-12-22T16:16:01","slug":"komedixana-layih%c9%99sinin-qar-topu-solo-konserti-bas-tutdu","status":"publish","type":"post","link":"https:\/\/rockvell.com\/?p=19436","title":{"rendered":"&#8220;Komedixana\u201d layih\u0259sinin &#8220;Qar topu&#8221; solo konserti ba\u015f tutdu"},"content":{"rendered":"\n<p class=\"has-medium-font-size\"><strong>&#8220;Komedixana\u201d layih\u0259sinin &#8220;Qar topu&#8221; solo konserti ba\u015f tutdu<\/strong><\/p>\n\n\n<div class=\"wp-block-image\">\n<figure class=\"aligncenter size-full is-resized\"><img loading=\"lazy\" decoding=\"async\" src=\"https:\/\/rockvell.com\/wp-content\/uploads\/2023\/12\/FB_IMG_1703169729734.jpg\" alt=\"\" class=\"wp-image-19437\" width=\"431\" height=\"287\" srcset=\"https:\/\/rockvell.com\/wp-content\/uploads\/2023\/12\/FB_IMG_1703169729734.jpg 721w, https:\/\/rockvell.com\/wp-content\/uploads\/2023\/12\/FB_IMG_1703169729734-300x200.jpg 300w, https:\/\/rockvell.com\/wp-content\/uploads\/2023\/12\/FB_IMG_1703169729734-360x240.jpg 360w\" sizes=\"(max-width: 431px) 100vw, 431px\" \/><\/figure><\/div>\n\n\n<p>Maraql\u0131 obrazlar\u0131 v\u0259 g\u00fclm\u0259li s\u0259hn\u0259cikl\u0259ri il\u0259 u\u015faqdan b\u00f6y\u00fcy\u0259 h\u0259r k\u0259sin sevimlisin\u0259 \u00e7evril\u0259n\u200b Komedixana layih\u0259sinin Yeni il v\u0259 D\u00fcnya Az\u0259rbaycanl\u0131lar\u0131n\u0131n H\u0259mr\u0259ylik g\u00fcn\u00fc m\u00fcnasib\u0259ti il\u0259 haz\u0131rlad\u0131\u011f\u0131 &#8220;Qartopu&#8221; adl\u0131 ikinci solo konserti ba\u015f tutdu. T\u0259dbir 19, 20, 21\u00a0 dekabrda Heyd\u0259r \u018fliyev Saray\u0131nda ke\u00e7irildi.<\/p>\n\n\n\n<p>\u00dc\u00e7 g\u00fcn \u0259rzind\u0259 konserti izl\u0259m\u0259y\u0259 g\u0259l\u0259nl\u0259r aras\u0131nda inc\u0259s\u0259n\u0259t al\u0259minin tan\u0131nm\u0131\u015f simalar\u0131da yer ald\u0131.<br>Konsertd\u0259 &#8221; H\u0259kim&#8221; , &#8220;Moskva reysi&#8221; ,&#8221;Qohumlar yasda&#8221; s\u0259hn\u0259cikl\u0259r t\u0259qdim olundu.<br>Hind filml\u0259rin\u0259 parodiya gec\u0259y\u0259 x\u00fcsusi r\u0259ng qatd\u0131.<br><br>&#8220;Komedixana&#8221; \u2014 2019-cu ild\u0259n Az\u0259rbaycan\u0131n X\u0259z\u0259r TV kanal\u0131nda yay\u0131mlanan komediya verili\u015fidi. \u201c Komediyaxana\u201dda m\u00fcxt\u0259llif rollarda \u018fnv\u0259r Abbasov,\u00a0X\u0259yal\u0259 Quliyeva,\u00a0H\u0259sr\u0259t H\u0259sr\u0259tov,\u00a0M\u0259l\u0259k Kaz\u0131mova,\u00a0Nicat R\u0259himov,\u00a0Cavidan Novruz,\u00a0\u0130lkin Misg\u0259rli,\u00a0Zarina Qurbanova,\u00a0M\u00fc\u015ffiq \u015eahverdiyev,\u00a0G\u00fclzar \u018f\u015fr\u0259fova\u00a0v\u0259\u00a0M\u0259nsur \u015e\u0259rif\u00a0i\u015ftirak edirl\u0259r.<\/p>\n\n\n\n<figure class=\"wp-block-gallery has-nested-images columns-default is-cropped wp-block-gallery-1 is-layout-flex wp-block-gallery-is-layout-flex\">\n<figure class=\"wp-block-image size-large\"><a href=\"https:\/\/rockvell.com\/wp-content\/uploads\/2023\/12\/FB_IMG_1703169734421.jpg\" target=\"_blank\" rel=\"noopener\" data-rel=\"lightbox-gallery-n1Wfc5tZ\" data-rl_title=\"\" data-rl_caption=\"\" title=\"\"><img loading=\"lazy\" decoding=\"async\" width=\"720\" height=\"480\" data-id=\"19438\" src=\"https:\/\/rockvell.com\/wp-content\/uploads\/2023\/12\/FB_IMG_1703169734421.jpg\" alt=\"\" class=\"wp-image-19438\" srcset=\"https:\/\/rockvell.com\/wp-content\/uploads\/2023\/12\/FB_IMG_1703169734421.jpg 720w, https:\/\/rockvell.com\/wp-content\/uploads\/2023\/12\/FB_IMG_1703169734421-300x200.jpg 300w, https:\/\/rockvell.com\/wp-content\/uploads\/2023\/12\/FB_IMG_1703169734421-360x240.jpg 360w\" sizes=\"(max-width: 720px) 100vw, 720px\" \/><\/a><\/figure>\n\n\n\n<figure class=\"wp-block-image size-large\"><a href=\"https:\/\/rockvell.com\/wp-content\/uploads\/2023\/12\/FB_IMG_1703169738673.jpg\" target=\"_blank\" rel=\"noopener\" data-rel=\"lightbox-gallery-n1Wfc5tZ\" data-rl_title=\"\" data-rl_caption=\"\" title=\"\"><img loading=\"lazy\" decoding=\"async\" width=\"720\" height=\"480\" data-id=\"19439\" src=\"https:\/\/rockvell.com\/wp-content\/uploads\/2023\/12\/FB_IMG_1703169738673.jpg\" alt=\"\" class=\"wp-image-19439\" srcset=\"https:\/\/rockvell.com\/wp-content\/uploads\/2023\/12\/FB_IMG_1703169738673.jpg 720w, https:\/\/rockvell.com\/wp-content\/uploads\/2023\/12\/FB_IMG_1703169738673-300x200.jpg 300w, https:\/\/rockvell.com\/wp-content\/uploads\/2023\/12\/FB_IMG_1703169738673-360x240.jpg 360w\" sizes=\"(max-width: 720px) 100vw, 720px\" \/><\/a><\/figure>\n\n\n\n<figure class=\"wp-block-image size-large\"><a href=\"https:\/\/rockvell.com\/wp-content\/uploads\/2023\/12\/FB_IMG_1703169751630.jpg\" target=\"_blank\" rel=\"noopener\" data-rel=\"lightbox-gallery-n1Wfc5tZ\" data-rl_title=\"\" data-rl_caption=\"\" title=\"\"><img loading=\"lazy\" decoding=\"async\" width=\"720\" height=\"480\" data-id=\"19440\" src=\"https:\/\/rockvell.com\/wp-content\/uploads\/2023\/12\/FB_IMG_1703169751630.jpg\" alt=\"\" class=\"wp-image-19440\" srcset=\"https:\/\/rockvell.com\/wp-content\/uploads\/2023\/12\/FB_IMG_1703169751630.jpg 720w, https:\/\/rockvell.com\/wp-content\/uploads\/2023\/12\/FB_IMG_1703169751630-300x200.jpg 300w, https:\/\/rockvell.com\/wp-content\/uploads\/2023\/12\/FB_IMG_1703169751630-360x240.jpg 360w\" sizes=\"(max-width: 720px) 100vw, 720px\" \/><\/a><\/figure>\n<\/figure>\n\n\n\n<p>Konsert b\u00fcy\u00fck an\u015flaqla ke\u00e7di v\u0259 ham\u0131n\u0131n z\u00f6vg\u00fcn\u0259 ox\u015fad\u0131. Tama\u015fa\u00e7\u0131lar sevimli aktyorlarla k\u00f6hn\u0259 ili g\u00fcl\u0259-g\u00fcl\u0259 yola sal\u0131b, t\u0259z\u0259 ili t\u0259b\u0259ss\u00fcml\u0259 qar\u015f\u0131lad\u0131lar.<\/p>\n\n\n\n<p class=\"has-text-align-right\"><strong>G\u00fcnel H\u0259s\u0259nova<\/strong><\/p>\n","protected":false},"excerpt":{"rendered":"<p>&#8220;Komedixana\u201d layih\u0259sinin &#8220;Qar topu&#8221; solo konserti ba\u015f tutdu Maraql\u0131 obrazlar\u0131 v\u0259 g\u00fclm\u0259li s\u0259hn\u0259cikl\u0259ri il\u0259 u\u015faqdan b\u00f6y\u00fcy\u0259 h\u0259r k\u0259sin sevimlisin\u0259 \u00e7evril\u0259n\u200b Komedixana layih\u0259sinin Yeni il v\u0259 D\u00fcnya Az\u0259rbaycanl\u0131lar\u0131n\u0131n H\u0259mr\u0259ylik g\u00fcn\u00fc m\u00fcnasib\u0259ti il\u0259 haz\u0131rlad\u0131\u011f\u0131 &#8220;Qartopu&#8221; adl\u0131 ikinci&#8230;<\/p>\n","protected":false},"author":2,"featured_media":19437,"comment_status":"closed","ping_status":"closed","sticky":false,"template":"","format":"standard","meta":{"footnotes":""},"categories":[46],"tags":[],"aioseo_notices":[],"_links":{"self":[{"href":"https:\/\/rockvell.com\/index.php?rest_route=\/wp\/v2\/posts\/19436"}],"collection":[{"href":"https:\/\/rockvell.com\/index.php?rest_route=\/wp\/v2\/posts"}],"about":[{"href":"https:\/\/rockvell.com\/index.php?rest_route=\/wp\/v2\/types\/post"}],"author":[{"embeddable":true,"href":"https:\/\/rockvell.com\/index.php?rest_route=\/wp\/v2\/users\/2"}],"replies":[{"embeddable":true,"href":"https:\/\/rockvell.com\/index.php?rest_route=%2Fwp%2Fv2%2Fcomments&post=19436"}],"version-history":[{"count":1,"href":"https:\/\/rockvell.com\/index.php?rest_route=\/wp\/v2\/posts\/19436\/revisions"}],"predecessor-version":[{"id":19441,"href":"https:\/\/rockvell.com\/index.php?rest_route=\/wp\/v2\/posts\/19436\/revisions\/19441"}],"wp:featuredmedia":[{"embeddable":true,"href":"https:\/\/rockvell.com\/index.php?rest_route=\/wp\/v2\/media\/19437"}],"wp:attachment":[{"href":"https:\/\/rockvell.com\/index.php?rest_route=%2Fwp%2Fv2%2Fmedia&parent=19436"}],"wp:term":[{"taxonomy":"category","embeddable":true,"href":"https:\/\/rockvell.com\/index.php?rest_route=%2Fwp%2Fv2%2Fcategories&post=19436"},{"taxonomy":"post_tag","embeddable":true,"href":"https:\/\/rockvell.com\/index.php?rest_route=%2Fwp%2Fv2%2Ftags&post=19436"}],"curies":[{"name":"wp","href":"https:\/\/api.w.org\/{rel}","templated":true}]}}