{"id":22712,"date":"2024-04-15T05:00:00","date_gmt":"2024-04-15T02:00:00","guid":{"rendered":"https:\/\/rockvell.com\/?p=22712"},"modified":"2024-04-15T14:35:38","modified_gmt":"2024-04-15T11:35:38","slug":"n%c9%99qliyyat-v%c9%99-turizm-sektorlari-arasinda-gorus-kecirilib","status":"publish","type":"post","link":"https:\/\/rockvell.com\/?p=22712","title":{"rendered":"N\u0259qliyyat v\u0259 turizm sektorlar\u0131 aras\u0131nda g\u00f6r\u00fc\u015f ke\u00e7irilib"},"content":{"rendered":"\n<p class=\"has-medium-font-size\"><strong>N\u0259qliyyat v\u0259 turizm sektorlar\u0131 aras\u0131nda g\u00f6r\u00fc\u015f ke\u00e7irilib<\/strong><\/p>\n\n\n\n<p>Aprelin 15-d\u0259 R\u0259q\u0259msal \u0130nki\u015faf v\u0259 N\u0259qliyyat Nazirliyi v\u0259 D\u00f6vl\u0259t Turizm Agentliyinin birg\u0259 t\u0259\u015fkilat\u00e7\u0131l\u0131\u011f\u0131 il\u0259 n\u0259qliyyat v\u0259 turizm sektorlar\u0131n\u0131n n\u00fcmay\u0259nd\u0259l\u0259ri il\u0259 g\u00f6r\u00fc\u015f ke\u00e7irilib.<\/p>\n\n\n\n<p>R\u0259q\u0259msal inki\u015faf v\u0259 n\u0259qliyyat naziri R\u0259\u015fad N\u0259biyev v\u0259 D\u00f6vl\u0259t Turizm Agentliyinin s\u0259dri Fuad Na\u011f\u0131yevin i\u015ftirak\u0131 il\u0259 t\u0259\u015fkil olunan t\u0259dbird\u0259 \u201cAz\u0259rbaycan Hava Yollar\u0131\u201d QSC, \u201cAz\u0259rbaycan D\u0259mir Yollar\u0131\u201d QSC, Az\u0259rbaycan Yer\u00fcst\u00fc N\u0259qliyyat Agentliyi v\u0259 Az\u0259rbaycan Turizm Agentlikl\u0259ri Assosiasiyas\u0131n\u0131n r\u0259hb\u0259r \u015f\u0259xsl\u0259ri t\u0259msil olunublar.<\/p>\n\n\n<div class=\"wp-block-image\">\n<figure class=\"aligncenter size-large is-resized\"><img loading=\"lazy\" decoding=\"async\" width=\"1024\" height=\"682\" src=\"https:\/\/rockvell.com\/wp-content\/uploads\/2024\/04\/unnamed-3-1024x682.jpg\" alt=\"\" class=\"wp-image-22713\" style=\"width:463px;height:auto\" srcset=\"https:\/\/rockvell.com\/wp-content\/uploads\/2024\/04\/unnamed-3-1024x682.jpg 1024w, https:\/\/rockvell.com\/wp-content\/uploads\/2024\/04\/unnamed-3-300x200.jpg 300w, https:\/\/rockvell.com\/wp-content\/uploads\/2024\/04\/unnamed-3-768x512.jpg 768w, https:\/\/rockvell.com\/wp-content\/uploads\/2024\/04\/unnamed-3-1536x1023.jpg 1536w, https:\/\/rockvell.com\/wp-content\/uploads\/2024\/04\/unnamed-3-360x240.jpg 360w, https:\/\/rockvell.com\/wp-content\/uploads\/2024\/04\/unnamed-3.jpg 1600w\" sizes=\"(max-width: 1024px) 100vw, 1024px\" \/><\/figure><\/div>\n\n\n<p>Nazir R\u0259\u015fad N\u0259biyev n\u0259qliyyat sistemini turistl\u0259r \u00fc\u00e7\u00fcn daha \u0259lveri\u015fli ed\u0259n \u0259l\u00e7atanl\u0131q, t\u0259hl\u00fck\u0259sizlik, davaml\u0131l\u0131q kimi qlobal s\u0259viyy\u0259d\u0259 tan\u0131nan x\u00fcsusiyy\u0259tl\u0259r \u00fczr\u0259 \u00f6lk\u0259mizd\u0259 g\u00f6r\u00fclm\u00fc\u015f v\u0259 planla\u015fd\u0131r\u0131lan i\u015fl\u0259r bar\u0259d\u0259 dan\u0131\u015f\u0131b.<\/p>\n\n\n\n<p>S\u0259dr Fuad Na\u011f\u0131yev daxili v\u0259 xarici turizm sah\u0259sinin inki\u015faf\u0131n\u0131n n\u0259qliyyat sistemi v\u0259 infrastrukturu il\u0259 birba\u015fa \u0259laq\u0259li oldu\u011funu, m\u00f6vcud sah\u0259l\u0259rin sinxron inki\u015faf\u0131n\u0131n vacibliyini vur\u011fulay\u0131b.<\/p>\n\n\n\n<p>\u201cT\u0259sad\u00fcfi deyil ki, 2024-c\u00fc ilin yanvar-mart aylar\u0131nda \u00f6lk\u0259y\u0259 \u00f6t\u0259n ilin eyni d\u00f6vr\u00fc il\u0259 m\u00fcqayis\u0259d\u0259 39 faiz daha \u00e7ox turist g\u0259lib\u201d, &#8211; dey\u0259 qeyd olunub.<\/p>\n\n\n\n<p>G\u00f6r\u00fc\u015fd\u0259 s\u0259m\u0259r\u0259li n\u0259qliyyat sisteminin turizmin inki\u015faf\u0131nda rolu, hava v\u0259 yer\u00fcst\u00fc n\u0259qliyyat (d\u0259miryolu v\u0259 avtomobil n\u0259qliyyat\u0131) sah\u0259sind\u0259 \u015firk\u0259tl\u0259ri maraqland\u0131ran m\u0259s\u0259l\u0259l\u0259r v\u0259 d\u00f6vl\u0259t-\u00f6z\u0259l t\u0259r\u0259fda\u015fl\u0131\u011f\u0131n\u0131n \u0259h\u0259miyy\u0259ti m\u00fczakir\u0259 olunub.<\/p>\n\n\n<div class=\"wp-block-image\">\n<figure class=\"aligncenter size-large is-resized\"><img loading=\"lazy\" decoding=\"async\" width=\"1024\" height=\"682\" src=\"https:\/\/rockvell.com\/wp-content\/uploads\/2024\/04\/unnamed-1-2-1024x682.jpg\" alt=\"\" class=\"wp-image-22714\" style=\"width:471px;height:auto\" srcset=\"https:\/\/rockvell.com\/wp-content\/uploads\/2024\/04\/unnamed-1-2-1024x682.jpg 1024w, https:\/\/rockvell.com\/wp-content\/uploads\/2024\/04\/unnamed-1-2-300x200.jpg 300w, https:\/\/rockvell.com\/wp-content\/uploads\/2024\/04\/unnamed-1-2-768x512.jpg 768w, https:\/\/rockvell.com\/wp-content\/uploads\/2024\/04\/unnamed-1-2-1536x1023.jpg 1536w, https:\/\/rockvell.com\/wp-content\/uploads\/2024\/04\/unnamed-1-2-360x240.jpg 360w, https:\/\/rockvell.com\/wp-content\/uploads\/2024\/04\/unnamed-1-2.jpg 1600w\" sizes=\"(max-width: 1024px) 100vw, 1024px\" \/><\/figure><\/div>\n\n\n<p>Bildirilib ki, Beyn\u0259lxalq M\u00fclki Aviasiya T\u0259\u015fkilat\u0131 (ICAO) Az\u0259rbaycanda u\u00e7u\u015flar\u0131n t\u0259hl\u00fck\u0259sizliyinin t\u0259min edilm\u0259si \u00fczr\u0259 beyn\u0259lxalq standartlara uy\u011funlu\u011fu 80% s\u0259viyy\u0259sind\u0259 qiym\u0259tl\u0259ndirib.<\/p>\n\n\n\n<p>G\u00f6r\u00fc\u015f zaman\u0131 turizm \u015firk\u0259tl\u0259rinin v\u0259 n\u0259qliyyat qurumlar\u0131n\u0131n t\u0259msil\u00e7il\u0259rinin t\u0259klifl\u0259ri dinl\u0259nilib.<\/p>\n","protected":false},"excerpt":{"rendered":"<p>N\u0259qliyyat v\u0259 turizm sektorlar\u0131 aras\u0131nda g\u00f6r\u00fc\u015f ke\u00e7irilib Aprelin 15-d\u0259 R\u0259q\u0259msal \u0130nki\u015faf v\u0259 N\u0259qliyyat Nazirliyi v\u0259 D\u00f6vl\u0259t Turizm Agentliyinin birg\u0259 t\u0259\u015fkilat\u00e7\u0131l\u0131\u011f\u0131 il\u0259 n\u0259qliyyat v\u0259 turizm sektorlar\u0131n\u0131n n\u00fcmay\u0259nd\u0259l\u0259ri il\u0259 g\u00f6r\u00fc\u015f ke\u00e7irilib. R\u0259q\u0259msal inki\u015faf v\u0259 n\u0259qliyyat naziri R\u0259\u015fad&#8230;<\/p>\n","protected":false},"author":2,"featured_media":22713,"comment_status":"closed","ping_status":"closed","sticky":false,"template":"","format":"standard","meta":{"footnotes":""},"categories":[47],"tags":[],"aioseo_notices":[],"_links":{"self":[{"href":"https:\/\/rockvell.com\/index.php?rest_route=\/wp\/v2\/posts\/22712"}],"collection":[{"href":"https:\/\/rockvell.com\/index.php?rest_route=\/wp\/v2\/posts"}],"about":[{"href":"https:\/\/rockvell.com\/index.php?rest_route=\/wp\/v2\/types\/post"}],"author":[{"embeddable":true,"href":"https:\/\/rockvell.com\/index.php?rest_route=\/wp\/v2\/users\/2"}],"replies":[{"embeddable":true,"href":"https:\/\/rockvell.com\/index.php?rest_route=%2Fwp%2Fv2%2Fcomments&post=22712"}],"version-history":[{"count":1,"href":"https:\/\/rockvell.com\/index.php?rest_route=\/wp\/v2\/posts\/22712\/revisions"}],"predecessor-version":[{"id":22715,"href":"https:\/\/rockvell.com\/index.php?rest_route=\/wp\/v2\/posts\/22712\/revisions\/22715"}],"wp:featuredmedia":[{"embeddable":true,"href":"https:\/\/rockvell.com\/index.php?rest_route=\/wp\/v2\/media\/22713"}],"wp:attachment":[{"href":"https:\/\/rockvell.com\/index.php?rest_route=%2Fwp%2Fv2%2Fmedia&parent=22712"}],"wp:term":[{"taxonomy":"category","embeddable":true,"href":"https:\/\/rockvell.com\/index.php?rest_route=%2Fwp%2Fv2%2Fcategories&post=22712"},{"taxonomy":"post_tag","embeddable":true,"href":"https:\/\/rockvell.com\/index.php?rest_route=%2Fwp%2Fv2%2Ftags&post=22712"}],"curies":[{"name":"wp","href":"https:\/\/api.w.org\/{rel}","templated":true}]}}