{"id":24469,"date":"2024-05-31T07:00:00","date_gmt":"2024-05-31T04:00:00","guid":{"rendered":"https:\/\/rockvell.com\/?p=24469"},"modified":"2024-05-31T14:09:49","modified_gmt":"2024-05-31T11:09:49","slug":"kapital-bank-v%c9%99-qirmizi-ur%c9%99kl%c9%99r-fondu-usaqlarin-beyn%c9%99lxalq-mudafi%c9%99si-gunu-munasib%c9%99til%c9%99-silsil%c9%99-t%c9%99dbirl%c9%99r-t%c9%99skil-edib","status":"publish","type":"post","link":"https:\/\/rockvell.com\/?p=24469","title":{"rendered":"Kapital Bank v\u0259 Q\u0131rm\u0131z\u0131 \u00dcr\u0259kl\u0259r Fondu U\u015faqlar\u0131n Beyn\u0259lxalq M\u00fcdafi\u0259si G\u00fcn\u00fc m\u00fcnasib\u0259til\u0259 silsil\u0259 t\u0259dbirl\u0259r t\u0259\u015fkil edib"},"content":{"rendered":"\n<p class=\"has-medium-font-size\"><strong>Kapital Bank v\u0259 Q\u0131rm\u0131z\u0131 \u00dcr\u0259kl\u0259r Fondu U\u015faqlar\u0131n Beyn\u0259lxalq M\u00fcdafi\u0259si G\u00fcn\u00fc m\u00fcnasib\u0259til\u0259 silsil\u0259 t\u0259dbirl\u0259r t\u0259\u015fkil edib<\/strong><\/p>\n\n\n\n<p>M\u0259lumat verdiyimiz kimi Kapital Bank korporativ sosial m\u0259suliyy\u0259t istiqamatin\u0259 &nbsp;uy\u011fun olaraq Q\u0131rm\u0131z\u0131 \u00dcr\u0259kl\u0259r (Red Hearts) Fondu il\u0259 birg\u0259 \u201cH\u0259r \u015fey m\u00fcmk\u00fcnd\u00fcr!\u201d adl\u0131 sosial layih\u0259 h\u0259yata ke\u00e7irir. 2021-ci ild\u0259n etibar\u0259n m\u00fct\u0259madi olaraq ke\u00e7iril\u0259n layih\u0259nin \u0259sas m\u0259qs\u0259di Daun v\u0259 autizm sindromlu, el\u0259c\u0259 d\u0259 \u0259lilliyi olan u\u015faqlar\u0131n c\u0259miyy\u0259td\u0259 aktiv i\u015ftirak\u0131n\u0131n t\u0259min edilm\u0259si, onlar\u0131n h\u0259yat keyfiyy\u0259tinin y\u00fcks\u0259ldilm\u0259si, inkl\u00fczivlik, b\u0259rab\u0259rlik, m\u00fcy\u0259ss\u0259rlik meyarlar\u0131n\u0131n art\u0131r\u0131lmas\u0131d\u0131r.&nbsp; &nbsp;<\/p>\n\n\n<div class=\"wp-block-image\">\n<figure class=\"aligncenter size-full is-resized\"><img loading=\"lazy\" decoding=\"async\" width=\"1000\" height=\"1000\" src=\"https:\/\/rockvell.com\/wp-content\/uploads\/2024\/05\/UG1000x1000.jpg\" alt=\"\" class=\"wp-image-24470\" style=\"width:459px;height:auto\" srcset=\"https:\/\/rockvell.com\/wp-content\/uploads\/2024\/05\/UG1000x1000.jpg 1000w, https:\/\/rockvell.com\/wp-content\/uploads\/2024\/05\/UG1000x1000-300x300.jpg 300w, https:\/\/rockvell.com\/wp-content\/uploads\/2024\/05\/UG1000x1000-150x150.jpg 150w, https:\/\/rockvell.com\/wp-content\/uploads\/2024\/05\/UG1000x1000-768x768.jpg 768w, https:\/\/rockvell.com\/wp-content\/uploads\/2024\/05\/UG1000x1000-360x360.jpg 360w\" sizes=\"(max-width: 1000px) 100vw, 1000px\" \/><\/figure><\/div>\n\n\n<p>Layih\u0259nin davam\u0131 olaraq Daun v\u0259 autizm sindromlu, el\u0259c\u0259 d\u0259 \u0259lilliyi olan u\u015faqlar\u0131n inc\u0259s\u0259n\u0259t\u0259 mara\u011f\u0131n\u0131, bu sah\u0259nin onlar\u0131n s\u0259h\u0259ttin\u0259 m\u00fcsb\u0259t t\u0259sirini n\u0259z\u0259r\u0259 alaraq &nbsp;&nbsp;&nbsp;&nbsp;1-iyun U\u015faqlar\u0131n Beyn\u0259lxalq M\u00fcdafi\u0259si G\u00fcn\u00fc\u0259r\u0259f\u0259sind\u0259 \u201cEko \u00e7anta \u00fcz\u0259rind\u0259 r\u0259sm\u201d, \u201cAkril boya il\u0259 k\u0259tan \u00fcz\u0259rind\u0259 r\u0259sm&#8221;, \u201cKeramika\u201d master-klaslar\u0131 h\u0259yata ke\u00e7irilib.<\/p>\n\n\n\n<p>C\u0259miyy\u0259td\u0259 sosial d\u0259st\u0259y\u0259 ehtiyac\u0131 olan \u015f\u0259xsl\u0259r t\u0259r\u0259find\u0259n b\u00f6y\u00fck maraqla qar\u015f\u0131lanan \u201cH\u0259r \u015fey m\u00fcmk\u00fcnd\u00fcr!\u201d layih\u0259si art\u0131q beyn\u0259lxalq s\u0259viyy\u0259d\u0259 bir ne\u00e7\u0259 u\u011fur qazan\u0131b. Bel\u0259 ki, layih\u0259 \u201cFelis M\u00fckafatlar\u0131\u201d \u00e7\u0259r\u00e7iv\u0259sind\u0259 11 noyabr 2022-ci il tarixind\u0259 \u0130stanbul \u015f\u0259h\u0259rind\u0259 ke\u00e7iril\u0259n \u0259n\u0259n\u0259vi \u201cBrand Week\u201d t\u0259dbirind\u0259 \u201c\u018fn yax\u015f\u0131 reklam kampaniyas\u0131\u201d v\u0259 \u201c\u018fn yax\u015f\u0131 film\u201d nominasiyas\u0131nda q\u0131z\u0131l m\u00fckafata layiq g\u00f6r\u00fcl\u00fcb. 2021-ci ild\u0259 Ukraynada ke\u00e7iril\u0259n \u201cKyiv International Advertising Festival\u201dda is\u0259 layih\u0259 iki nominasiya \u00fczr\u0259 b\u00fcr\u00fcnc medal qazan\u0131b.<\/p>\n\n\n\n<p>Eyni zamanda U\u015faqlar\u0131n Beyn\u0259lxalq M\u00fcdafi\u0259si G\u00fcn\u00fc \u0259r\u0259f\u0259sind\u0259 sosial d\u0259st\u0259y\u0259 ehtiyac\u0131 olan u\u015faqlara sevinc b\u0259x\u015f etm\u0259k \u00fc\u00e7\u00fcn Q\u0131rm\u0131z\u0131 \u00dcr\u0259kl\u0259r Fondu \u201c\u0130nki\u015fafa Do\u011fru\u201d \u0130mkans\u0131z Ail\u0259l\u0259r\u0259 Sosial Yard\u0131m v\u0259 H\u00fcquqi Maarifl\u0259ndirm\u0259 \u0130ctimai Birliyi il\u0259 birg\u0259\u00a0\u201cRamazan xeyriyy\u0259 yarmarkas\u0131\u201d ke\u00e7irib. Yarmarkadan toplanan ian\u0259l\u0259r hesab\u0131na Bilg\u0259h q\u0259s\u0259b\u0259sind\u0259ki 11 sayl\u0131 \u0130nteqrasiya t\u0259limli internat m\u0259kt\u0259bin\u0259 gigiyenik, t\u0259mizlik v\u0259 geyim vasit\u0259l\u0259ri al\u0131n\u0131b. Bununla yana\u015f\u0131 Sumqay\u0131t \u015f\u0259h\u0259rind\u0259 ya\u015fayan 16 ya\u015fa q\u0259d\u0259r olan 109 \u015f\u0259hid \u00f6vlad\u0131na \u201c\u018fli v\u0259 Nino\u201d kitab ma\u011fazalar\u0131 \u015f\u0259b\u0259k\u0259sind\u0259n h\u0259diyy\u0259 kartlar\u0131 t\u0259qdim edilib. Qeyd ed\u0259k ki, \u201cRed Hearts\u201d-Q\u0131rm\u0131z\u0131 \u00dcr\u0259kl\u0259r Fondu 2019-cu ild\u0259 Kapital Bank-\u0131n k\u00f6n\u00fcll\u00fc \u0259m\u0259kda\u015flar\u0131n\u0131n t\u0259\u015f\u0259bb\u00fcs\u00fc il\u0259 yarad\u0131l\u0131b. 2020-ci ild\u0259 d\u00f6vl\u0259t qeydiyyat\u0131na al\u0131nan Fond \u0259sas\u0259n u\u015faq evl\u0259rin\u0259, s\u0131\u011f\u0131nacaqlara v\u0259 dig\u0259r ehtiyac\u0131 olanlara yard\u0131mlar edir.\u00a0<a href=\"https:\/\/redhearts.az\/\" target=\"_blank\" rel=\"noopener\" title=\"\">https:\/\/redhearts.az<\/a>\u00a0sayt\u0131na daxil olmaqla fondun f\u0259aliyy\u0259ti, g\u00f6rd\u00fcy\u00fc xeyirxah i\u015fl\u0259r, g\u0259l\u0259c\u0259k planlar\u0131 v\u0259 dig\u0259r maraql\u0131 m\u0259lumatlar\u0131 \u0259ld\u0259 etm\u0259k, h\u0259m\u00e7inin \u201cC\u0259miyy\u0259t\u201d b\u00f6lm\u0259sin\u0259 daxil olub ian\u0259l\u0259r etm\u0259k olar.<\/p>\n","protected":false},"excerpt":{"rendered":"<p>Kapital Bank v\u0259 Q\u0131rm\u0131z\u0131 \u00dcr\u0259kl\u0259r Fondu U\u015faqlar\u0131n Beyn\u0259lxalq M\u00fcdafi\u0259si G\u00fcn\u00fc m\u00fcnasib\u0259til\u0259 silsil\u0259 t\u0259dbirl\u0259r t\u0259\u015fkil edib M\u0259lumat verdiyimiz kimi Kapital Bank korporativ sosial m\u0259suliyy\u0259t istiqamatin\u0259 &nbsp;uy\u011fun olaraq Q\u0131rm\u0131z\u0131 \u00dcr\u0259kl\u0259r (Red Hearts) Fondu il\u0259 birg\u0259 \u201cH\u0259r \u015fey&#8230;<\/p>\n","protected":false},"author":2,"featured_media":24470,"comment_status":"closed","ping_status":"closed","sticky":false,"template":"","format":"standard","meta":{"footnotes":""},"categories":[44],"tags":[],"aioseo_notices":[],"_links":{"self":[{"href":"https:\/\/rockvell.com\/index.php?rest_route=\/wp\/v2\/posts\/24469"}],"collection":[{"href":"https:\/\/rockvell.com\/index.php?rest_route=\/wp\/v2\/posts"}],"about":[{"href":"https:\/\/rockvell.com\/index.php?rest_route=\/wp\/v2\/types\/post"}],"author":[{"embeddable":true,"href":"https:\/\/rockvell.com\/index.php?rest_route=\/wp\/v2\/users\/2"}],"replies":[{"embeddable":true,"href":"https:\/\/rockvell.com\/index.php?rest_route=%2Fwp%2Fv2%2Fcomments&post=24469"}],"version-history":[{"count":1,"href":"https:\/\/rockvell.com\/index.php?rest_route=\/wp\/v2\/posts\/24469\/revisions"}],"predecessor-version":[{"id":24471,"href":"https:\/\/rockvell.com\/index.php?rest_route=\/wp\/v2\/posts\/24469\/revisions\/24471"}],"wp:featuredmedia":[{"embeddable":true,"href":"https:\/\/rockvell.com\/index.php?rest_route=\/wp\/v2\/media\/24470"}],"wp:attachment":[{"href":"https:\/\/rockvell.com\/index.php?rest_route=%2Fwp%2Fv2%2Fmedia&parent=24469"}],"wp:term":[{"taxonomy":"category","embeddable":true,"href":"https:\/\/rockvell.com\/index.php?rest_route=%2Fwp%2Fv2%2Fcategories&post=24469"},{"taxonomy":"post_tag","embeddable":true,"href":"https:\/\/rockvell.com\/index.php?rest_route=%2Fwp%2Fv2%2Ftags&post=24469"}],"curies":[{"name":"wp","href":"https:\/\/api.w.org\/{rel}","templated":true}]}}