{"id":24483,"date":"2024-05-31T09:00:00","date_gmt":"2024-05-31T06:00:00","guid":{"rendered":"https:\/\/rockvell.com\/?p=24483"},"modified":"2024-05-31T18:18:00","modified_gmt":"2024-05-31T15:18:00","slug":"dovl%c9%99t-v%c9%99-oz%c9%99l-sektorun-istiraki-il%c9%99-yasil-iqtisadiyyata","status":"publish","type":"post","link":"https:\/\/rockvell.com\/?p=24483","title":{"rendered":"D\u00f6vl\u0259t v\u0259 \u00f6z\u0259l sektorun i\u015ftirak\u0131 il\u0259 \u201cya\u015f\u0131l iqtisadiyyat\u201da&#8230;."},"content":{"rendered":"\n<p class=\"has-medium-font-size\"><strong>D\u00f6vl\u0259t v\u0259 \u00f6z\u0259l sektorun i\u015ftirak\u0131 il\u0259 \u201cya\u015f\u0131l iqtisadiyyat\u201da ke\u00e7idd\u0259 ESG prinsipl\u0259rinin \u0259h\u0259miyy\u0259tin\u0259 dair konfrans ke\u00e7irilib<\/strong><\/p>\n\n\n\n<p><em>Konfransda ba\u015fl\u0131ca elementl\u0259rind\u0259n biri \u0259traf m\u00fchitl\u0259 ba\u011fl\u0131 olan ESG prinsipl\u0259rinin t\u0259tbiqinin biznes \u00fc\u00e7\u00fcn faydas\u0131, bu sah\u0259d\u0259 g\u00f6r\u00fclm\u00fc\u015f i\u015fl\u0259r v\u0259 h\u0259d\u0259fl\u0259r m\u00fczakir\u0259 edilib.<\/em><\/p>\n\n\n\n<p>2024-c\u00fc ilin Az\u0259rbaycanda \u201cYa\u015f\u0131l d\u00fcnya namin\u0259 h\u0259mr\u0259ylik ili\u201d elan olunmas\u0131 v\u0259 \u00f6lk\u0259mizin COP29 kimi m\u00f6t\u0259b\u0259r t\u0259dbir\u0259 ev sahibliyi etm\u0259si \u201cya\u015f\u0131l iqtisadiyyat\u201d konsepsiyas\u0131n\u0131n, el\u0259c\u0259 d\u0259 ba\u015fl\u0131ca elem\u0259ntl\u0259rind\u0259n biri \u0259traf m\u00fchitl\u0259 ba\u011fl\u0131 olan ekoloji, sosial v\u0259 korporativ idar\u0259etm\u0259 (ESG) prinsipl\u0259rinin v\u0259 onun biznesd\u0259 t\u0259tbiqinin, bu sah\u0259d\u0259 d\u00f6vl\u0259t v\u0259 \u00f6z\u0259l sektorun birg\u0259 f\u0259aliyy\u0259tinin aktuall\u0131\u011f\u0131n\u0131 art\u0131r\u0131b.<\/p>\n\n\n<div class=\"wp-block-image\">\n<figure class=\"aligncenter size-large is-resized\"><img loading=\"lazy\" decoding=\"async\" width=\"1024\" height=\"691\" src=\"https:\/\/rockvell.com\/wp-content\/uploads\/2024\/05\/3-8-1024x691.jpg\" alt=\"\" class=\"wp-image-24484\" style=\"width:430px;height:auto\" srcset=\"https:\/\/rockvell.com\/wp-content\/uploads\/2024\/05\/3-8-1024x691.jpg 1024w, https:\/\/rockvell.com\/wp-content\/uploads\/2024\/05\/3-8-300x203.jpg 300w, https:\/\/rockvell.com\/wp-content\/uploads\/2024\/05\/3-8-768x518.jpg 768w, https:\/\/rockvell.com\/wp-content\/uploads\/2024\/05\/3-8-360x243.jpg 360w, https:\/\/rockvell.com\/wp-content\/uploads\/2024\/05\/3-8.jpg 1280w\" sizes=\"(max-width: 1024px) 100vw, 1024px\" \/><\/figure><\/div>\n\n\n<p>Bu m\u0259qs\u0259dl\u0259 \u201cBak\u0131 KOB evi\u201dnd\u0259 Biznes m\u00fchiti v\u0259 beyn\u0259lxalq reytinql\u0259r \u00fczr\u0259 Komissiyan\u0131n d\u0259st\u0259yi, Ki\u00e7ik v\u0259 Orta Biznesin \u0130nki\u015faf\u0131 Agentliyinin (KOB\u0130A) t\u0259\u015fkilat\u00e7\u0131l\u0131\u011f\u0131 il\u0259 \u201cYa\u015f\u0131l iqtisadiyyata ke\u00e7idd\u0259 ekoloji, sosial v\u0259 korporativ idar\u0259etm\u0259 (ESG) prinsipl\u0259rinin \u0259h\u0259miyy\u0259ti\u201d m\u00f6vzusunda Konfrans ke\u00e7irilib.<\/p>\n\n\n\n<p>T\u0259dbird\u0259 Biznes m\u00fchiti v\u0259 beyn\u0259lxalq reytinql\u0259r \u00fczr\u0259 Komissiyan\u0131n v\u0259 onun t\u0259rkibind\u0259 f\u0259aliyy\u0259t g\u00f6st\u0259r\u0259n ESG \u00fczr\u0259 altqrupda t\u0259msil olunan d\u00f6vl\u0259t qurumlar\u0131n\u0131n n\u00fcmay\u0259nd\u0259l\u0259ri, ekspertl\u0259r, el\u0259c\u0259 d\u0259 sahibkarlar, ali t\u0259hsil m\u00fc\u0259ssis\u0259l\u0259ri v\u0259 ictimai birlikl\u0259r i\u015ftirak edibl\u0259r. &nbsp;<\/p>\n\n\n\n<p>Konfransda Az\u0259rbaycan Respublikas\u0131 Prezidentinin Administrasiyas\u0131n\u0131n \u0130qtisadi siyas\u0259t v\u0259 s\u0259naye m\u0259s\u0259l\u0259l\u0259ri \u015f\u00f6b\u0259sinin sektor m\u00fcdiri, Biznes m\u00fchiti v\u0259 beyn\u0259lxalq reytinql\u0259r \u00fczr\u0259 Komissiyan\u0131n Katibliyinin r\u0259hb\u0259ri V\u00fcsal \u015e\u0131x\u0259liyev, KOB\u0130A-n\u0131n \u0130dar\u0259 Hey\u0259tinin s\u0259dri Orxan M\u0259mm\u0259dov, ekologiya v\u0259 t\u0259bii s\u0259rv\u0259tl\u0259r nazirinin m\u00fcavini V\u00fcqar K\u0259rimov, \u0259m\u0259k v\u0259 \u0259halinin sosial m\u00fcdafi\u0259si nazirinin m\u00fcavini Anar \u018fliyev ESG-nin biznes subyektl\u0259ri d\u0259 daxil olmaqla, \u00fcmumilikd\u0259 \u0259hali \u00fc\u00e7\u00fcn faydas\u0131, bu prinsipl\u0259rin t\u0259tbiqi sah\u0259sind\u0259 g\u00f6r\u00fcl\u0259n i\u015fl\u0259r, ESG-nin \u0259sas elementl\u0259rind\u0259n olan ekologiya v\u0259 sosial sah\u0259l\u0259rd\u0259 g\u00f6r\u00fcl\u0259n t\u0259dbirl\u0259r v\u0259 \u00f6z\u0259l sektorla \u0259m\u0259kda\u015fl\u0131q bar\u0259d\u0259 fikirl\u0259rini b\u00f6l\u00fc\u015f\u00fcbl\u0259r.<\/p>\n\n\n\n<p>KOB\u0130A-n\u0131n \u0130dar\u0259 Hey\u0259ti s\u0259drinin birinci m\u00fcavini, ESG standartlar\u0131 \u00fczr\u0259 altqrupun r\u0259hb\u0259ri Natiq H\u0259s\u0259nov altqrupun f\u0259aliyy\u0259tin\u0259 v\u0259 g\u00f6r\u00fclm\u00fc\u015f i\u015fl\u0259r\u0259 dair m\u0259lumat verib. &nbsp;Qeyd olunub ki, ESG yana\u015fmas\u0131n\u0131n \u0259sas istiqam\u0259tl\u0259rind\u0259n biri \u0259traf m\u00fchit m\u0259s\u0259l\u0259l\u0259ri il\u0259 ba\u011fl\u0131d\u0131r. ESG prinsipl\u0259rinin t\u0259tbiqi &#8220;ya\u015f\u0131l iqtisadiyyat&#8221;a transformasiya prosesin\u0259 \u0259h\u0259miyy\u0259tli t\u00f6hf\u0259 verm\u0259k imkan\u0131na malikdir. 2022-ci ild\u0259 Biznes m\u00fchiti v\u0259 beyn\u0259lxalq reytinql\u0259r \u00fczr\u0259 Komissiyan\u0131n \u201cKorporativ idar\u0259etm\u0259, investisiyalar v\u0259 korporativ sosial m\u0259suliyy\u0259t\u201d i\u015f\u00e7i qrupunun \u201cEkoloji, sosial v\u0259 korporativ idar\u0259etm\u0259 standartlar\u0131\u201d \u00fczr\u0259 altqrupu yarad\u0131l\u0131b. Altqrupa KOB\u0130A r\u0259hb\u0259rlik edir. Altqrupun t\u0259rkibin\u0259 d\u00f6vl\u0259t, \u00f6z\u0259l v\u0259 ictimai sektoru t\u0259msil ed\u0259n 20-y\u0259 yax\u0131n qurum v\u0259 t\u0259\u015fkilat\u0131n n\u00fcmay\u0259nd\u0259l\u0259ri daxildir. \u00d6t\u0259n d\u00f6vrd\u0259 ESG sah\u0259sind\u0259 sistemli f\u0259aliyy\u0259tin t\u0259min edilm\u0259si m\u0259qs\u0259dil\u0259 \u00f6lk\u0259mizd\u0259 ortam\u00fcdd\u0259tli d\u00f6vr \u00fc\u00e7\u00fcn Strateji Bax\u0131\u015f s\u0259n\u0259di formala\u015fd\u0131r\u0131l\u0131b, yol x\u0259rit\u0259l\u0259ri t\u0259sdiq edilib. 2023-c\u00fc il \u00fc\u00e7\u00fcn Yol X\u0259rit\u0259sinin icras\u0131 \u00e7\u0259r\u00e7iv\u0259sind\u0259 ESG sah\u0259sind\u0259 \u00f6lk\u0259d\u0259 m\u00f6vcud v\u0259ziyy\u0259t t\u0259hlil edilib, beyn\u0259lxalq t\u0259cr\u00fcb\u0259 \u00f6yr\u0259nilib, sor\u011fu ke\u00e7irilib.<\/p>\n\n\n\n<p>T\u0259dbir \u00e7\u0259r\u00e7iv\u0259sind\u0259 ESG \u00fczr\u0259 ekspertl\u0259r t\u0259r\u0259find\u0259n \u201cya\u015f\u0131l iqtisadiyyat\u201d il\u0259 ESG prinsipl\u0259ri aras\u0131nda \u0259laq\u0259, u\u011furlu \u201cya\u015f\u0131l iqtisadiyyat\u201da ke\u00e7idin t\u0259min edilm\u0259sind\u0259 \u00f6z\u0259l sektorun g\u00f6zl\u0259ntil\u0259ri v\u0259 t\u0259\u015f\u0259bb\u00fcskarl\u0131\u011f\u0131, ESG \u00fczr\u0259 qlobal trendl\u0259r v\u0259 milli kontekstd\u0259 inki\u015faf m\u0259s\u0259l\u0259l\u0259ri, d\u00f6vl\u0259t \u015firk\u0259tl\u0259rind\u0259 ESG t\u0259\u015f\u0259bb\u00fcsl\u0259rin\u0259 dair t\u0259qdimatlar ke\u00e7irilib, fikir m\u00fcbadil\u0259si apar\u0131l\u0131b.<\/p>\n\n\n\n<p>Konfransda KOB\u0130A t\u0259r\u0259find\u0259n haz\u0131rlanm\u0131\u015f ESG-y\u0259 dair m\u0259cmu\u0259 i\u015ftirak\u00e7\u0131lara t\u0259qdim edilib.<\/p>\n","protected":false},"excerpt":{"rendered":"<p>D\u00f6vl\u0259t v\u0259 \u00f6z\u0259l sektorun i\u015ftirak\u0131 il\u0259 \u201cya\u015f\u0131l iqtisadiyyat\u201da ke\u00e7idd\u0259 ESG prinsipl\u0259rinin \u0259h\u0259miyy\u0259tin\u0259 dair konfrans ke\u00e7irilib Konfransda ba\u015fl\u0131ca elementl\u0259rind\u0259n biri \u0259traf m\u00fchitl\u0259 ba\u011fl\u0131 olan ESG prinsipl\u0259rinin t\u0259tbiqinin biznes \u00fc\u00e7\u00fcn faydas\u0131, bu sah\u0259d\u0259 g\u00f6r\u00fclm\u00fc\u015f i\u015fl\u0259r v\u0259 h\u0259d\u0259fl\u0259r&#8230;<\/p>\n","protected":false},"author":2,"featured_media":24484,"comment_status":"closed","ping_status":"closed","sticky":false,"template":"","format":"standard","meta":{"footnotes":""},"categories":[41],"tags":[],"aioseo_notices":[],"_links":{"self":[{"href":"https:\/\/rockvell.com\/index.php?rest_route=\/wp\/v2\/posts\/24483"}],"collection":[{"href":"https:\/\/rockvell.com\/index.php?rest_route=\/wp\/v2\/posts"}],"about":[{"href":"https:\/\/rockvell.com\/index.php?rest_route=\/wp\/v2\/types\/post"}],"author":[{"embeddable":true,"href":"https:\/\/rockvell.com\/index.php?rest_route=\/wp\/v2\/users\/2"}],"replies":[{"embeddable":true,"href":"https:\/\/rockvell.com\/index.php?rest_route=%2Fwp%2Fv2%2Fcomments&post=24483"}],"version-history":[{"count":1,"href":"https:\/\/rockvell.com\/index.php?rest_route=\/wp\/v2\/posts\/24483\/revisions"}],"predecessor-version":[{"id":24485,"href":"https:\/\/rockvell.com\/index.php?rest_route=\/wp\/v2\/posts\/24483\/revisions\/24485"}],"wp:featuredmedia":[{"embeddable":true,"href":"https:\/\/rockvell.com\/index.php?rest_route=\/wp\/v2\/media\/24484"}],"wp:attachment":[{"href":"https:\/\/rockvell.com\/index.php?rest_route=%2Fwp%2Fv2%2Fmedia&parent=24483"}],"wp:term":[{"taxonomy":"category","embeddable":true,"href":"https:\/\/rockvell.com\/index.php?rest_route=%2Fwp%2Fv2%2Fcategories&post=24483"},{"taxonomy":"post_tag","embeddable":true,"href":"https:\/\/rockvell.com\/index.php?rest_route=%2Fwp%2Fv2%2Ftags&post=24483"}],"curies":[{"name":"wp","href":"https:\/\/api.w.org\/{rel}","templated":true}]}}