{"id":24763,"date":"2024-06-09T02:00:00","date_gmt":"2024-06-08T23:00:00","guid":{"rendered":"https:\/\/rockvell.com\/?p=24763"},"modified":"2024-06-09T12:42:20","modified_gmt":"2024-06-09T09:42:20","slug":"turkiy%c9%99nin-m%c9%99shur-mug%c9%99nnisi-sefo-bakida-konsert-verib","status":"publish","type":"post","link":"https:\/\/rockvell.com\/?p=24763","title":{"rendered":"T\u00fcrkiy\u0259nin m\u0259\u015fhur m\u00fc\u011f\u0259nnisi Sefo\u00a0 Bak\u0131da konsert verib"},"content":{"rendered":"\n<p class=\"has-medium-font-size\"><strong>T\u00fcrkiy\u0259nin m\u0259\u015fhur m\u00fc\u011f\u0259nnisi Sefo\u00a0 Bak\u0131da konsert verib<\/strong><\/p>\n\n\n\n<p>\u00a07 iyun tarixind\u0259\u00a0 T\u00fcrkiy\u0259nin tan\u0131nm\u0131\u015f m\u00fc\u011f\u0259nnisi Sefo Jolly Joker Bak\u0131 s\u0259hn\u0259sind\u0259 canl\u0131 v\u0259 x\u00fcsusi haz\u0131rlanm\u0131\u015f proqram\u0131 il\u0259 p\u0259r\u0259sti\u015fkarlar\u0131na unudulmaz gec\u0259 ya\u015fad\u0131b.<\/p>\n\n\n<div class=\"wp-block-image\">\n<figure class=\"aligncenter size-full is-resized\"><img loading=\"lazy\" decoding=\"async\" width=\"800\" height=\"480\" src=\"https:\/\/rockvell.com\/wp-content\/uploads\/2024\/06\/gdfgfdg.webp\" alt=\"\" class=\"wp-image-24764\" style=\"width:431px;height:auto\" srcset=\"https:\/\/rockvell.com\/wp-content\/uploads\/2024\/06\/gdfgfdg.webp 800w, https:\/\/rockvell.com\/wp-content\/uploads\/2024\/06\/gdfgfdg-300x180.webp 300w, https:\/\/rockvell.com\/wp-content\/uploads\/2024\/06\/gdfgfdg-768x461.webp 768w, https:\/\/rockvell.com\/wp-content\/uploads\/2024\/06\/gdfgfdg-360x216.webp 360w\" sizes=\"(max-width: 800px) 100vw, 800px\" \/><\/figure><\/div>\n\n\n<p>Sefonu s\u0259hn\u0259d\u0259 canl\u0131 orkestr v\u0259 r\u0259qs qrupu m\u00fc\u015faiy\u0259t edib. Hat\u0131rladaq ki, bu m\u00fc\u011f\u0259nninin Bak\u0131da ikinci b\u00f6y\u00fck solo konsertidi. Sefo gec\u0259d\u0259 sevil\u0259n mahn\u0131lar\u0131n\u0131 s\u0259sl\u0259ndirib.<br><br>Konsertd\u0259 &#8220;Isabelle&#8221; , &#8220;Toz duman&#8221; , &#8220;Bilmem mi?&#8221; v\u0259 dig\u0259r ifalar\u0131 yer al\u0131b. Konsert b\u00f6y\u00fck an\u015flaqla ke\u00e7ib v\u0259 ham\u0131n\u0131n z\u00f6vg\u00fcn\u0259 ox\u015fay\u0131b. H\u0259m\u00e7inin Sefo t\u0259yyar\u0259d\u0259n g\u00f6r\u00fcnt\u00fc payla\u015faraq ana dilimizd\u0259 \u201cYenid\u0259n g\u00f6r\u00fc\u015f\u0259rik, Bak\u0131\u201d \u015f\u0259rhini yaz\u0131b<\/p>\n","protected":false},"excerpt":{"rendered":"<p>T\u00fcrkiy\u0259nin m\u0259\u015fhur m\u00fc\u011f\u0259nnisi Sefo\u00a0 Bak\u0131da konsert verib \u00a07 iyun tarixind\u0259\u00a0 T\u00fcrkiy\u0259nin tan\u0131nm\u0131\u015f m\u00fc\u011f\u0259nnisi Sefo Jolly Joker Bak\u0131 s\u0259hn\u0259sind\u0259 canl\u0131 v\u0259 x\u00fcsusi haz\u0131rlanm\u0131\u015f proqram\u0131 il\u0259 p\u0259r\u0259sti\u015fkarlar\u0131na unudulmaz gec\u0259 ya\u015fad\u0131b. Sefonu s\u0259hn\u0259d\u0259 canl\u0131 orkestr v\u0259 r\u0259qs qrupu&#8230;<\/p>\n","protected":false},"author":2,"featured_media":24764,"comment_status":"closed","ping_status":"closed","sticky":false,"template":"","format":"standard","meta":{"footnotes":""},"categories":[46],"tags":[],"aioseo_notices":[],"_links":{"self":[{"href":"https:\/\/rockvell.com\/index.php?rest_route=\/wp\/v2\/posts\/24763"}],"collection":[{"href":"https:\/\/rockvell.com\/index.php?rest_route=\/wp\/v2\/posts"}],"about":[{"href":"https:\/\/rockvell.com\/index.php?rest_route=\/wp\/v2\/types\/post"}],"author":[{"embeddable":true,"href":"https:\/\/rockvell.com\/index.php?rest_route=\/wp\/v2\/users\/2"}],"replies":[{"embeddable":true,"href":"https:\/\/rockvell.com\/index.php?rest_route=%2Fwp%2Fv2%2Fcomments&post=24763"}],"version-history":[{"count":1,"href":"https:\/\/rockvell.com\/index.php?rest_route=\/wp\/v2\/posts\/24763\/revisions"}],"predecessor-version":[{"id":24765,"href":"https:\/\/rockvell.com\/index.php?rest_route=\/wp\/v2\/posts\/24763\/revisions\/24765"}],"wp:featuredmedia":[{"embeddable":true,"href":"https:\/\/rockvell.com\/index.php?rest_route=\/wp\/v2\/media\/24764"}],"wp:attachment":[{"href":"https:\/\/rockvell.com\/index.php?rest_route=%2Fwp%2Fv2%2Fmedia&parent=24763"}],"wp:term":[{"taxonomy":"category","embeddable":true,"href":"https:\/\/rockvell.com\/index.php?rest_route=%2Fwp%2Fv2%2Fcategories&post=24763"},{"taxonomy":"post_tag","embeddable":true,"href":"https:\/\/rockvell.com\/index.php?rest_route=%2Fwp%2Fv2%2Ftags&post=24763"}],"curies":[{"name":"wp","href":"https:\/\/api.w.org\/{rel}","templated":true}]}}