{"id":24767,"date":"2024-06-10T01:00:00","date_gmt":"2024-06-09T22:00:00","guid":{"rendered":"https:\/\/rockvell.com\/?p=24767"},"modified":"2024-06-10T10:26:27","modified_gmt":"2024-06-10T07:26:27","slug":"olk%c9%99-regionlarinda-kob-fest-s%c9%99rgi-satis-yarmarkalari-keciril%c9%99c%c9%99k","status":"publish","type":"post","link":"https:\/\/rockvell.com\/?p=24767","title":{"rendered":"\u00d6lk\u0259 regionlar\u0131nda \u201cKOB FEST\u201d s\u0259rgi-sat\u0131\u015f yarmarkalar\u0131 ke\u00e7iril\u0259c\u0259k"},"content":{"rendered":"\n<p class=\"has-medium-font-size\"><strong>\u00d6lk\u0259 regionlar\u0131nda \u201cKOB FEST\u201d s\u0259rgi-sat\u0131\u015f yarmarkalar\u0131 ke\u00e7iril\u0259c\u0259k<\/strong><\/p>\n\n\n\n<p><em>Milli Yaylaq Festival\u0131 \u00e7\u0259r\u00e7iv\u0259sind\u0259 ke\u00e7iril\u0259c\u0259k \u201cKOB FEST\u201d s\u0259rgi-sat\u0131\u015f yarmarkas\u0131nda m\u0259hsul v\u0259 xidm\u0259tl\u0259rini t\u0259qdim etm\u0259k ist\u0259y\u0259n KOB-lardan m\u00fcraci\u0259tl\u0259rin q\u0259buluna ba\u015flan\u0131ld\u0131.<\/em><\/p>\n\n\n<div class=\"wp-block-image\">\n<figure class=\"aligncenter size-large is-resized\"><img loading=\"lazy\" decoding=\"async\" width=\"1024\" height=\"1024\" src=\"https:\/\/rockvell.com\/wp-content\/uploads\/2024\/06\/kobfest-goygol-1024x1024.png\" alt=\"\" class=\"wp-image-24768\" style=\"width:449px;height:auto\" srcset=\"https:\/\/rockvell.com\/wp-content\/uploads\/2024\/06\/kobfest-goygol-1024x1024.png 1024w, https:\/\/rockvell.com\/wp-content\/uploads\/2024\/06\/kobfest-goygol-300x300.png 300w, https:\/\/rockvell.com\/wp-content\/uploads\/2024\/06\/kobfest-goygol-150x150.png 150w, https:\/\/rockvell.com\/wp-content\/uploads\/2024\/06\/kobfest-goygol-768x768.png 768w, https:\/\/rockvell.com\/wp-content\/uploads\/2024\/06\/kobfest-goygol-1536x1536.png 1536w, https:\/\/rockvell.com\/wp-content\/uploads\/2024\/06\/kobfest-goygol-360x360.png 360w, https:\/\/rockvell.com\/wp-content\/uploads\/2024\/06\/kobfest-goygol.png 2000w\" sizes=\"(max-width: 1024px) 100vw, 1024px\" \/><\/figure><\/div>\n\n\n<p>Mikro v\u0259 ki\u00e7ik sahibkarlar\u0131n m\u0259hsul v\u0259 xidm\u0259tl\u0259rinin sat\u0131\u015f\u0131na d\u0259st\u0259k m\u0259qs\u0259dil\u0259 2024-c\u00fc il \u0259rzind\u0259 \u00f6lk\u0259 regionlar\u0131nda s\u0259rgi-sat\u0131\u015f yarmarkalar\u0131 \u2013 \u201cKOB FEST\u201dl\u0259r ke\u00e7iril\u0259c\u0259k. Ki\u00e7ik v\u0259 Orta Biznesin \u0130nki\u015faf\u0131 Agentliyinin (KOB\u0130A) t\u0259\u015fkilat\u00e7\u0131l\u0131\u011f\u0131 il\u0259 ke\u00e7iril\u0259c\u0259k \u201cKOB FEST\u201din m\u0259qs\u0259di KOB subyektl\u0259rinin istehsal etdiyi m\u0259hsul v\u0259 xidm\u0259tl\u0259rin geni\u015f istehlak\u00e7\u0131 auditoriyas\u0131na tan\u0131d\u0131lmas\u0131 v\u0259 sat\u0131\u015f\u0131na d\u0259st\u0259k olmaq, istehlak\u00e7\u0131lar\u0131 KOB-lar\u0131n m\u0259hsul v\u0259 xidm\u0259tl\u0259rind\u0259n istifad\u0259y\u0259 t\u0259\u015fviq etm\u0259kl\u0259 ki\u00e7ik sahibkarlar\u0131n inki\u015faf\u0131n\u0131 d\u0259st\u0259kl\u0259m\u0259kdir. S\u0259rgi-sat\u0131\u015f yarmarkalar\u0131 h\u0259m\u00e7inin, h\u0259ssas \u0259hali qrupuna aid sahibkarl\u0131q subyektl\u0259rinin v\u0259 s\u0259n\u0259tkarlar\u0131n sat\u0131\u015f imkanlar\u0131n\u0131 art\u0131rma\u011f\u0131, istehsal\u00e7\u0131lar\u0131 v\u0259 istehlak\u00e7\u0131lar\u0131 bir platformada g\u00f6r\u00fc\u015fd\u00fcrm\u0259yi, KOB-lar v\u0259 t\u0259chizat\u00e7\u0131 \u015firk\u0259tl\u0259r aras\u0131nda i\u015fg\u00fczar \u0259laq\u0259l\u0259rin qurulmas\u0131n\u0131 h\u0259d\u0259fl\u0259yir. Yarmarkalarda m\u0259hsul v\u0259 xidm\u0259tl\u0259rini t\u0259qdim ed\u0259c\u0259k mikro v\u0259 ki\u00e7ik sahibkarlar\u0131n i\u015ftirak\u0131 \u00fc\u00e7\u00fcn \u00f6d\u0259ni\u015f n\u0259z\u0259rd\u0259 tutulmur, b\u00fct\u00fcn x\u0259rcl\u0259r d\u00f6vl\u0259t d\u0259st\u0259yi hesab\u0131na qar\u015f\u0131lanacaq.<\/p>\n\n\n\n<p>Yarmarkalar \u00e7\u0259r\u00e7iv\u0259sind\u0259 m\u0259d\u0259ni-\u0259yl\u0259nc\u0259li proqram, yarad\u0131c\u0131 \u015f\u0259xsl\u0259r v\u0259 s\u0259n\u0259tkarlar t\u0259r\u0259find\u0259n master-klasslar da t\u0259\u015fkil olunacaq.&nbsp;<\/p>\n\n\n\n<p>\u201cKOB FEST\u201dl\u0259rd\u0259 i\u015ftirak etm\u0259k ist\u0259y\u0259n KOB-lar\u0131, el\u0259c\u0259 d\u0259 ictimaiyy\u0259ti m\u0259lumatland\u0131rmaq m\u0259qs\u0259dil\u0259 \u0259vv\u0259lc\u0259d\u0259n yarmarkan\u0131n ke\u00e7iril\u0259c\u0259yi \u015f\u0259h\u0259r v\u0259 rayonlar bar\u0259d\u0259 mediada, Agentliyin sayt\u0131nda v\u0259 sosial \u015f\u0259b\u0259k\u0259l\u0259rd\u0259ki s\u0259hif\u0259l\u0259rind\u0259 elanlar veril\u0259c\u0259k.<\/p>\n\n\n\n<p>5-7 iyul tarixl\u0259rind\u0259 G\u00f6yg\u00f6l rayonunun \u0259razisind\u0259 yerl\u0259\u015f\u0259n Hac\u0131k\u0259nd Xan Yayla\u011f\u0131nda ke\u00e7iril\u0259c\u0259k Milli Yaylaq Festival\u0131 \u00e7\u0259r\u00e7iv\u0259sind\u0259 \u201cKOB FEST\u201d s\u0259rgi-sat\u0131\u015f yarmarkas\u0131 t\u0259\u015fkil olunacaq. Yarmarkada m\u0259hsul v\u0259 xidm\u0259tl\u0259rini t\u0259qdim etm\u0259k ist\u0259y\u0259n KOB subyektl\u0259ri, yarad\u0131c\u0131 \u015f\u0259xsl\u0259r v\u0259 s\u0259n\u0259tkarlar iyunun 28-d\u0259k Agentliyin sayt\u0131ndak\u0131 m\u00fcvafiq forman\u0131 doldurmaqla m\u00fcraci\u0259t ed\u0259 bil\u0259rl\u0259r: \u00a0<a href=\"https:\/\/smb.gov.az\/az\/contact-form\/exhibition-form\/1\" target=\"_blank\" rel=\"noopener\" title=\"\">https:\/\/smb.gov.az\/az\/contact-form\/exhibition-form\/1<\/a> (\u201c\u0130\u015ftirak etm\u0259k ist\u0259diyiniz t\u0259dbir\u201d b\u00f6l\u00fcm\u00fcnd\u0259 \u201cKOB Fest \u2013 G\u00f6yg\u00f6l\u201d qeyd olunmal\u0131d\u0131r).<\/p>\n","protected":false},"excerpt":{"rendered":"<p>\u00d6lk\u0259 regionlar\u0131nda \u201cKOB FEST\u201d s\u0259rgi-sat\u0131\u015f yarmarkalar\u0131 ke\u00e7iril\u0259c\u0259k Milli Yaylaq Festival\u0131 \u00e7\u0259r\u00e7iv\u0259sind\u0259 ke\u00e7iril\u0259c\u0259k \u201cKOB FEST\u201d s\u0259rgi-sat\u0131\u015f yarmarkas\u0131nda m\u0259hsul v\u0259 xidm\u0259tl\u0259rini t\u0259qdim etm\u0259k ist\u0259y\u0259n KOB-lardan m\u00fcraci\u0259tl\u0259rin q\u0259buluna ba\u015flan\u0131ld\u0131. Mikro v\u0259 ki\u00e7ik sahibkarlar\u0131n m\u0259hsul v\u0259 xidm\u0259tl\u0259rinin sat\u0131\u015f\u0131na d\u0259st\u0259k&#8230;<\/p>\n","protected":false},"author":2,"featured_media":24768,"comment_status":"closed","ping_status":"closed","sticky":false,"template":"","format":"standard","meta":{"footnotes":""},"categories":[41],"tags":[],"aioseo_notices":[],"_links":{"self":[{"href":"https:\/\/rockvell.com\/index.php?rest_route=\/wp\/v2\/posts\/24767"}],"collection":[{"href":"https:\/\/rockvell.com\/index.php?rest_route=\/wp\/v2\/posts"}],"about":[{"href":"https:\/\/rockvell.com\/index.php?rest_route=\/wp\/v2\/types\/post"}],"author":[{"embeddable":true,"href":"https:\/\/rockvell.com\/index.php?rest_route=\/wp\/v2\/users\/2"}],"replies":[{"embeddable":true,"href":"https:\/\/rockvell.com\/index.php?rest_route=%2Fwp%2Fv2%2Fcomments&post=24767"}],"version-history":[{"count":1,"href":"https:\/\/rockvell.com\/index.php?rest_route=\/wp\/v2\/posts\/24767\/revisions"}],"predecessor-version":[{"id":24769,"href":"https:\/\/rockvell.com\/index.php?rest_route=\/wp\/v2\/posts\/24767\/revisions\/24769"}],"wp:featuredmedia":[{"embeddable":true,"href":"https:\/\/rockvell.com\/index.php?rest_route=\/wp\/v2\/media\/24768"}],"wp:attachment":[{"href":"https:\/\/rockvell.com\/index.php?rest_route=%2Fwp%2Fv2%2Fmedia&parent=24767"}],"wp:term":[{"taxonomy":"category","embeddable":true,"href":"https:\/\/rockvell.com\/index.php?rest_route=%2Fwp%2Fv2%2Fcategories&post=24767"},{"taxonomy":"post_tag","embeddable":true,"href":"https:\/\/rockvell.com\/index.php?rest_route=%2Fwp%2Fv2%2Ftags&post=24767"}],"curies":[{"name":"wp","href":"https:\/\/api.w.org\/{rel}","templated":true}]}}