{"id":24822,"date":"2024-06-10T07:00:00","date_gmt":"2024-06-10T04:00:00","guid":{"rendered":"https:\/\/rockvell.com\/?p=24822"},"modified":"2024-06-10T19:28:42","modified_gmt":"2024-06-10T16:28:42","slug":"qlobal-iqlim-d%c9%99yisikliyinin-usaqlarin-saglamligina-t%c9%99siri-layih%c9%99sinin-qeydiyyat-tarixi-iyunun-21-d%c9%99k-uzadilib","status":"publish","type":"post","link":"https:\/\/rockvell.com\/?p=24822","title":{"rendered":"\u201cQlobal iqlim d\u0259yi\u015fikliyinin u\u015faqlar\u0131n sa\u011flaml\u0131\u011f\u0131na t\u0259siri\u201d layih\u0259sinin qeydiyyat tarixi iyunun 21-d\u0259k uzad\u0131l\u0131b"},"content":{"rendered":"\n<p class=\"has-medium-font-size\"><strong>\u201cQlobal iqlim d\u0259yi\u015fikliyinin u\u015faqlar\u0131n sa\u011flaml\u0131\u011f\u0131na t\u0259siri\u201d layih\u0259sinin qeydiyyat tarixi iyunun 21-d\u0259k uzad\u0131l\u0131b<\/strong><\/p>\n\n\n\n<p>\u201cQlobal iqlim d\u0259yi\u015fikliyinin u\u015faqlar\u0131n sa\u011flaml\u0131\u011f\u0131na t\u0259sirl\u0259ri\u201d layih\u0259si \u00e7\u0259r\u00e7iv\u0259sind\u0259 m\u0259kt\u0259blil\u0259r aras\u0131nda \u00fcmumrespublika layih\u0259 m\u00fcsabiq\u0259sinin qeydiyyat m\u00fcdd\u0259ti iyunun 21-d\u0259k uzad\u0131l\u0131b.<\/p>\n\n\n<div class=\"wp-block-image\">\n<figure class=\"aligncenter size-full is-resized\"><img loading=\"lazy\" decoding=\"async\" width=\"740\" height=\"500\" src=\"https:\/\/rockvell.com\/wp-content\/uploads\/2024\/06\/rck5hx3PV8XrlMenqKO92Fy2S6AGmqgKZiUm3VDR.jpg\" alt=\"\" class=\"wp-image-24823\" style=\"width:445px;height:auto\" srcset=\"https:\/\/rockvell.com\/wp-content\/uploads\/2024\/06\/rck5hx3PV8XrlMenqKO92Fy2S6AGmqgKZiUm3VDR.jpg 740w, https:\/\/rockvell.com\/wp-content\/uploads\/2024\/06\/rck5hx3PV8XrlMenqKO92Fy2S6AGmqgKZiUm3VDR-300x203.jpg 300w, https:\/\/rockvell.com\/wp-content\/uploads\/2024\/06\/rck5hx3PV8XrlMenqKO92Fy2S6AGmqgKZiUm3VDR-360x243.jpg 360w\" sizes=\"(max-width: 740px) 100vw, 740px\" \/><\/figure><\/div>\n\n\n<p>Qeyd ed\u0259k ki, \u201cRegional \u0130nki\u015faf\u201d \u0130ctimai Birliyi t\u0259r\u0259find\u0259n Ekologiya v\u0259 T\u0259bii S\u0259rv\u0259tl\u0259r Nazirliyi, K\u0259nd T\u0259s\u0259rr\u00fcfat\u0131 Nazirliyi, Ail\u0259, Qad\u0131n v\u0259 U\u015faq Probleml\u0259ri \u00fczr\u0259 D\u00f6vl\u0259t Komit\u0259si, Elm v\u0259 T\u0259hsil Nazirliyi yan\u0131nda M\u0259kt\u0259b\u0259q\u0259d\u0259r v\u0259 \u00dcmumi T\u0259hsil \u00fczr\u0259 D\u00f6vl\u0259t Agentliyi, Az\u0259rbaycan Qida T\u0259hl\u00fck\u0259sizliyi \u0130nstitutu, S\u0259hiyy\u0259 Nazirliyinin \u0130ctimai S\u0259hiyy\u0259 v\u0259 \u0130slahatlar M\u0259rk\u0259zi, Az\u0259rbaycan S\u0259naye Korporasiyas\u0131, ADA M\u0259kt\u0259bi, Az\u0259rbaycan M\u00fch\u0259ndislik Akademiyasi v\u0259 \u201cAzerGold\u201d QSC-nin d\u0259st\u0259yi il\u0259 h\u0259yata ke\u00e7iril\u0259n \u201cQlobal iqlim d\u0259yi\u015fikliyinin u\u015faqlar\u0131n sa\u011flaml\u0131\u011f\u0131na t\u0259sirl\u0259ri\u201d layih\u0259si \u00e7\u0259r\u00e7iv\u0259sind\u0259 m\u0259kt\u0259blil\u0259r aras\u0131nda \u00fcmumrespublika layih\u0259 m\u00fcsabiq\u0259si elan edilib.<\/p>\n\n\n\n<p>VI-IX sinif \u015fagirdl\u0259ri \u00fc\u00e7\u00fcn n\u0259z\u0259rd\u0259 tutulan m\u00fcsabiq\u0259d\u0259 h\u0259r m\u0259kt\u0259b 5 \u0259sas v\u0259 3 ehtiyat olmaqla 8 n\u0259f\u0259rd\u0259n ibar\u0259t bir komanda il\u0259 t\u0259msil oluna v\u0259 yaln\u0131z bir layih\u0259 t\u0259qdim ed\u0259 bil\u0259r.<\/p>\n\n\n\n<p>Haz\u0131rl\u0131q m\u0259rh\u0259l\u0259sind\u0259 komandalar t\u0259lim v\u0259 vebinarlar vasit\u0259sil\u0259 m\u00fcsabiq\u0259nin qaydalar\u0131, layih\u0259 m\u00f6vzular\u0131 v\u0259 istiqam\u0259tl\u0259ri, layih\u0259nin strukturu v\u0259 dig\u0259r \u015f\u0259rtl\u0259ri bar\u0259d\u0259 \u0259trafl\u0131 m\u0259lumatland\u0131r\u0131lacaqlar. (M\u00fcsabiq\u0259nin ke\u00e7irilm\u0259 qaydalar\u0131 haqq\u0131nda\u00a0<a href=\"https:\/\/shorturl.at\/lnX9n\" target=\"_blank\" rel=\"noopener\" title=\"\">link<\/a>\u00a0vasit\u0259sit\u0259sil\u0259 \u0259trafl\u0131 m\u0259lumat ala bil\u0259rsiniz.)\u00a0<\/p>\n\n\n\n<p>M\u00fcsabiq\u0259d\u0259 i\u015ftirak etm\u0259k ist\u0259y\u0259n m\u0259kt\u0259bl\u0259r\u00a0<a href=\"https:\/\/shorturl.at\/6APQ1\" target=\"_blank\" rel=\"noopener\" title=\"\">link<\/a>-d\u0259n\u00a0istifad\u0259 ed\u0259r\u0259k qeydiyyatdan ke\u00e7m\u0259lidir. Qeydiyyat cari ilin 10 iyun tarixin\u0259d\u0259k davam ed\u0259c\u0259k.<\/p>\n\n\n\n<p>T\u0259\u015fkilat Komit\u0259si t\u0259r\u0259find\u0259n t\u0259qdim olunan layih\u0259l\u0259r iqlim d\u0259yi\u015fikliyinin \u0259traf m\u00fchit\u0259 v\u0259 u\u015faqlar\u0131n sa\u011flaml\u0131\u011f\u0131na m\u0259nfi t\u0259sirl\u0259rinin azald\u0131lmas\u0131na z\u0259min yarad\u0131lmas\u0131, n\u0259z\u0259rd\u0259 tutulan f\u0259aliyy\u0259tl\u0259rin real v\u0259 icras\u0131n\u0131n m\u00fcmk\u00fcnl\u00fcy\u00fc, problemin h\u0259llind\u0259 yarad\u0131c\u0131 v\u0259 innovativ yana\u015fmalara \u00fcst\u00fcnl\u00fck verilm\u0259si, layih\u0259 yekunla\u015fd\u0131qdan sonra f\u0259aliyy\u0259tl\u0259rin davaml\u0131l\u0131\u011f\u0131n\u0131n t\u0259mini, maliyy\u0259 s\u0259m\u0259r\u0259liliyi v\u0259 dig\u0259r meyarlar \u0259sas\u0131nda qiym\u0259tl\u0259ndiril\u0259c\u0259k v\u0259 \u0259n u\u011furlu 5 layih\u0259 qalib elan olunacaq. Qalib komandalara layih\u0259nin icras\u0131 \u00fc\u00e7\u00fcn b\u00fcdc\u0259 m\u0259bl\u0259\u011find\u0259 pul m\u00fckafat\u0131 veril\u0259c\u0259k.<\/p>\n\n\n\n<p>Qeyd ed\u0259k ki, layih\u0259nin m\u0259qs\u0259di \u00f6lk\u0259mizd\u0259 2024-c\u00fc il \u201cYa\u015f\u0131l d\u00fcnya namin\u0259 h\u0259mr\u0259ylik ili\u201d elan edilm\u0259si n\u0259z\u0259r\u0259 al\u0131naraq, b\u00fct\u00fcn d\u00fcnyan\u0131 narahat ed\u0259n qlobal probleml\u0259rd\u0259n biri kimi iqlim d\u0259yi\u015fikliyi v\u0259 onun t\u0259sirl\u0259ri bar\u0259d\u0259 m\u0259kt\u0259blil\u0259ri maarifl\u0259ndirm\u0259k, onlar\u0131 bu problemin h\u0259llind\u0259 i\u015ftiraka v\u0259 sa\u011flam g\u0259l\u0259c\u0259k namin\u0259 ideyalar\u0131n\u0131 b\u00f6l\u00fc\u015f\u0259r\u0259k h\u0259ll\u0259r ir\u0259li s\u00fcrm\u0259y\u0259 t\u0259\u015fviq etm\u0259kdir.&nbsp;<\/p>\n\n\n\n<p>Layih\u0259 \u00fczr\u0259, h\u0259m\u00e7inin iqlim d\u0259yi\u015fikliyinin u\u015faqlar\u0131n sa\u011flaml\u0131\u011f\u0131na t\u0259sirl\u0259rin\u0259 dair \u00fcmumrespublika U\u015faq Forumunun ke\u00e7irilm\u0259si, m\u0259kt\u0259blil\u0259r aras\u0131ndan se\u00e7ilmi\u015f \u201ciqlim s\u0259firl\u0259ri\u201dnin v\u0259 m\u00fct\u0259x\u0259ssisl\u0259rin i\u015ftirak\u0131 il\u0259 paytaxt v\u0259 regionlarda pilot orta \u00fcmumt\u0259hsil m\u0259kt\u0259bl\u0259rind\u0259 maarifl\u0259ndirici t\u0259dbirl\u0259rin, ekoloji aksiyalar\u0131n t\u0259\u015fkili v\u0259 iqlim d\u0259yi\u015fikliyi m\u00f6vzusuna dair &nbsp;d\u0259rn\u0259kl\u0259rin yarad\u0131lmas\u0131 planla\u015fd\u0131r\u0131l\u0131r.<\/p>\n","protected":false},"excerpt":{"rendered":"<p>\u201cQlobal iqlim d\u0259yi\u015fikliyinin u\u015faqlar\u0131n sa\u011flaml\u0131\u011f\u0131na t\u0259siri\u201d layih\u0259sinin qeydiyyat tarixi iyunun 21-d\u0259k uzad\u0131l\u0131b \u201cQlobal iqlim d\u0259yi\u015fikliyinin u\u015faqlar\u0131n sa\u011flaml\u0131\u011f\u0131na t\u0259sirl\u0259ri\u201d layih\u0259si \u00e7\u0259r\u00e7iv\u0259sind\u0259 m\u0259kt\u0259blil\u0259r aras\u0131nda \u00fcmumrespublika layih\u0259 m\u00fcsabiq\u0259sinin qeydiyyat m\u00fcdd\u0259ti iyunun 21-d\u0259k uzad\u0131l\u0131b. Qeyd ed\u0259k ki, \u201cRegional \u0130nki\u015faf\u201d&#8230;<\/p>\n","protected":false},"author":2,"featured_media":24823,"comment_status":"closed","ping_status":"closed","sticky":false,"template":"","format":"standard","meta":{"footnotes":""},"categories":[12],"tags":[],"aioseo_notices":[],"_links":{"self":[{"href":"https:\/\/rockvell.com\/index.php?rest_route=\/wp\/v2\/posts\/24822"}],"collection":[{"href":"https:\/\/rockvell.com\/index.php?rest_route=\/wp\/v2\/posts"}],"about":[{"href":"https:\/\/rockvell.com\/index.php?rest_route=\/wp\/v2\/types\/post"}],"author":[{"embeddable":true,"href":"https:\/\/rockvell.com\/index.php?rest_route=\/wp\/v2\/users\/2"}],"replies":[{"embeddable":true,"href":"https:\/\/rockvell.com\/index.php?rest_route=%2Fwp%2Fv2%2Fcomments&post=24822"}],"version-history":[{"count":2,"href":"https:\/\/rockvell.com\/index.php?rest_route=\/wp\/v2\/posts\/24822\/revisions"}],"predecessor-version":[{"id":24829,"href":"https:\/\/rockvell.com\/index.php?rest_route=\/wp\/v2\/posts\/24822\/revisions\/24829"}],"wp:featuredmedia":[{"embeddable":true,"href":"https:\/\/rockvell.com\/index.php?rest_route=\/wp\/v2\/media\/24823"}],"wp:attachment":[{"href":"https:\/\/rockvell.com\/index.php?rest_route=%2Fwp%2Fv2%2Fmedia&parent=24822"}],"wp:term":[{"taxonomy":"category","embeddable":true,"href":"https:\/\/rockvell.com\/index.php?rest_route=%2Fwp%2Fv2%2Fcategories&post=24822"},{"taxonomy":"post_tag","embeddable":true,"href":"https:\/\/rockvell.com\/index.php?rest_route=%2Fwp%2Fv2%2Ftags&post=24822"}],"curies":[{"name":"wp","href":"https:\/\/api.w.org\/{rel}","templated":true}]}}