{"id":24825,"date":"2024-06-10T09:00:00","date_gmt":"2024-06-10T06:00:00","guid":{"rendered":"https:\/\/rockvell.com\/?p=24825"},"modified":"2024-06-10T19:30:14","modified_gmt":"2024-06-10T16:30:14","slug":"isgaldan-azad-edilmis-%c9%99razil%c9%99rd%c9%99ki-yaylaqlara-qirgizistandan-daha-116-bas-yak-g%c9%99tirilib","status":"publish","type":"post","link":"https:\/\/rockvell.com\/?p=24825","title":{"rendered":"\u0130\u015f\u011faldan azad edilmi\u015f \u0259razil\u0259rd\u0259ki yaylaqlara Q\u0131r\u011f\u0131z\u0131standan daha 116 ba\u015f yak g\u0259tirilib"},"content":{"rendered":"\n<p class=\"has-medium-font-size\"><strong>\u0130\u015f\u011faldan azad edilmi\u015f \u0259razil\u0259rd\u0259ki yaylaqlara Q\u0131r\u011f\u0131z\u0131standan daha 116 ba\u015f yak g\u0259tirilib<\/strong><\/p>\n\n\n\n<p><em>Q\u0131r\u011f\u0131z\u0131stan d\u00f6vl\u0259t ba\u015f\u00e7\u0131s\u0131n\u0131n Az\u0259rbaycan Prezidentin\u0259 h\u0259diyy\u0259 etdiyi yaklar K\u0259lb\u0259c\u0259r yaylaqlar\u0131nda t\u0259bi\u0259t\u0259 burax\u0131l\u0131b<\/em><\/p>\n\n\n\n<p>Q\u0131r\u011f\u0131z\u0131stan h\u00f6kum\u0259ti Az\u0259rbaycanda \u0259tlik istiqam\u0259t \u00fczr\u0259 ixtisasla\u015fm\u0131\u015f eksperimental yak t\u0259s\u0259rr\u00fcfat\u0131n\u0131n daha da inki\u015faf etdirilm\u0259si m\u0259qs\u0259dil\u0259 \u00f6lk\u0259miz\u0259 101 ba\u015f yak h\u0259diyy\u0259 edib. Q\u0131r\u011f\u0131z\u0131stan Prezidenti Sad\u0131r Japarovun Az\u0259rbaycan Respublikas\u0131n\u0131n Prezidenti c\u0259nab \u0130lham \u018fliyev\u0259 \u015f\u0259xsi h\u0259diyy\u0259si olan yaklar art\u0131q \u00f6lk\u0259miz\u0259 g\u0259tiril\u0259r\u0259k i\u015f\u011faldan azad edilmi\u015f K\u0259lb\u0259c\u0259r \u0259razisind\u0259 t\u0259bi\u0259t\u0259 burax\u0131l\u0131b.<\/p>\n\n\n<div class=\"wp-block-image\">\n<figure class=\"aligncenter size-full is-resized\"><img loading=\"lazy\" decoding=\"async\" width=\"740\" height=\"500\" src=\"https:\/\/rockvell.com\/wp-content\/uploads\/2024\/06\/8ntPjRQs9YIB7IjGzc284vPEL1i7YSaEyu0Uveet.jpg\" alt=\"\" class=\"wp-image-24826\" style=\"width:445px;height:auto\" srcset=\"https:\/\/rockvell.com\/wp-content\/uploads\/2024\/06\/8ntPjRQs9YIB7IjGzc284vPEL1i7YSaEyu0Uveet.jpg 740w, https:\/\/rockvell.com\/wp-content\/uploads\/2024\/06\/8ntPjRQs9YIB7IjGzc284vPEL1i7YSaEyu0Uveet-300x203.jpg 300w, https:\/\/rockvell.com\/wp-content\/uploads\/2024\/06\/8ntPjRQs9YIB7IjGzc284vPEL1i7YSaEyu0Uveet-360x243.jpg 360w\" sizes=\"(max-width: 740px) 100vw, 740px\" \/><\/figure><\/div>\n\n\n<p>\u00d6lk\u0259miz\u0259 g\u0259tiril\u0259n yaklar\u0131n se\u00e7im prosesind\u0259 K\u0259nd T\u0259s\u0259rr\u00fcfat\u0131 Nazirliyinin n\u00fcmay\u0259nd\u0259l\u0259ri i\u015ftirak edibl\u0259r. Q\u0131r\u011f\u0131z\u0131stana ezam olunan nazirlik \u0259m\u0259kda\u015flar\u0131 yerli m\u00fct\u0259x\u0259ssisl\u0259rl\u0259 birlikd\u0259 Nar\u0131n rayonundak\u0131 yak t\u0259s\u0259rr\u00fcfatlar\u0131nda heyvan se\u00e7imi apar\u0131blar. Se\u00e7ilmi\u015f yaklar \u0259vv\u0259l karantin rejimind\u0259 saxlan\u0131b, onlara m\u00fcvafiq peyv\u0259ndl\u0259r vurulub. Daha sonra heyvanlar x\u00fcsusi n\u0259qliyyat vasit\u0259l\u0259ri il\u0259 Bi\u015fkek\u0259 g\u0259tirilib, oradan t\u0259yyar\u0259 il\u0259 G\u0259nc\u0259 \u015f\u0259h\u0259rin\u0259 yola sal\u0131n\u0131b.<\/p>\n\n\n\n<p>Az\u0259rbaycana yaklar\u0131n t\u0259yyar\u0259 il\u0259 g\u00f6nd\u0259rilm\u0259sin\u0259 h\u0259sr olunmu\u015f t\u0259dbird\u0259 \u00e7\u0131x\u0131\u015f ed\u0259n Q\u0131r\u011f\u0131z\u0131stan\u0131n Su Resurslar\u0131, K\u0259nd T\u0259s\u0259rr\u00fcfat\u0131 v\u0259 Emal S\u0259nayesi nazirinin birinci m\u00fcavini Kubat Kaseinov bildirib ki, Az\u0259rbaycana h\u0259diyy\u0259 edil\u0259n yaklar b\u00fct\u00fcn sanitar baytarl\u0131q n\u0259zar\u0259tind\u0259n ke\u00e7ib v\u0259 heyvanlar\u0131n tam sa\u011flam oldu\u011funu t\u0259sdiql\u0259y\u0259n m\u00fcvafiq s\u0259n\u0259dl\u0259r K\u0259nd T\u0259s\u0259rr\u00fcfat\u0131 Nazirliyinin Heyvandarl\u0131\u011f\u0131n T\u0259\u015fkili v\u0259 Monitorinqi \u015f\u00f6b\u0259sinin n\u00fcmay\u0259nd\u0259l\u0259rin\u0259 t\u0259qdim edilib.<\/p>\n\n\n\n<p>Qeyd ed\u0259k ki, Az\u0259rbaycan K\u0259nd T\u0259s\u0259rr\u00fcfat\u0131 Nazirliyinin n\u00fcmay\u0259nd\u0259l\u0259ri \u00f6lk\u0259miz\u0259 g\u0259tirm\u0259k \u00fc\u00e7\u00fcn 82 di\u015fi, 19 erk\u0259k yak se\u00e7ibl\u0259r. Be\u015f g\u00fcnl\u00fck karantin rejimi d\u00f6vr\u00fcnd\u0259 se\u00e7ilmi\u015f di\u015fi yaklardan 15-i balalay\u0131b. Do\u011fulan buzovlardan 6-s\u0131 erk\u0259k, 9-u is\u0259 di\u015fidir.<\/p>\n\n\n\n<p>Do\u011fulan balalar da dig\u0259r heyvanlarla birlikd\u0259 Az\u0259rbaycana g\u00f6nd\u0259rilib.<\/p>\n\n\n\n<p>T\u0259yyar\u0259 il\u0259 G\u0259nc\u0259 Beyn\u0259lxalq Hava Liman\u0131na g\u0259tiril\u0259n yaklar burada x\u00fcsusi ma\u015f\u0131nlarla A\u011fd\u0259r\u0259 yolu il\u0259 K\u0259lb\u0259c\u0259r yaylaqlar\u0131na apar\u0131l\u0131b. Qazxan yayla\u011f\u0131nda t\u0259bi\u0259t\u0259 burax\u0131lan yaklar\u0131n h\u0259m buradak\u0131 s\u00fcr\u00fcy\u0259, h\u0259m d\u0259 yerli t\u0259bi\u0259t\u0259 uy\u011funla\u015fmas\u0131 prosesi davam edir.<\/p>\n\n\n<div class=\"wp-block-image\">\n<figure class=\"aligncenter size-large is-resized\"><img loading=\"lazy\" decoding=\"async\" width=\"1024\" height=\"683\" src=\"https:\/\/rockvell.com\/wp-content\/uploads\/2024\/06\/OjueplSxAtcDn9PvypfyBUR8ruVet1kvJzFcfYh5-1024x683.jpg\" alt=\"\" class=\"wp-image-24827\" style=\"width:437px;height:auto\" srcset=\"https:\/\/rockvell.com\/wp-content\/uploads\/2024\/06\/OjueplSxAtcDn9PvypfyBUR8ruVet1kvJzFcfYh5-1024x683.jpg 1024w, https:\/\/rockvell.com\/wp-content\/uploads\/2024\/06\/OjueplSxAtcDn9PvypfyBUR8ruVet1kvJzFcfYh5-300x200.jpg 300w, https:\/\/rockvell.com\/wp-content\/uploads\/2024\/06\/OjueplSxAtcDn9PvypfyBUR8ruVet1kvJzFcfYh5-768x512.jpg 768w, https:\/\/rockvell.com\/wp-content\/uploads\/2024\/06\/OjueplSxAtcDn9PvypfyBUR8ruVet1kvJzFcfYh5-1536x1024.jpg 1536w, https:\/\/rockvell.com\/wp-content\/uploads\/2024\/06\/OjueplSxAtcDn9PvypfyBUR8ruVet1kvJzFcfYh5-2048x1365.jpg 2048w, https:\/\/rockvell.com\/wp-content\/uploads\/2024\/06\/OjueplSxAtcDn9PvypfyBUR8ruVet1kvJzFcfYh5-360x240.jpg 360w\" sizes=\"(max-width: 1024px) 100vw, 1024px\" \/><\/figure><\/div>\n\n\n<p>Qeyd ed\u0259k ki, Az\u0259rbaycan\u0131n i\u015f\u011faldan azad edilmi\u015f \u0259razil\u0259rind\u0259ki yaylaqlarda eksperimental yak t\u0259s\u0259rr\u00fcfat\u0131n\u0131n yarad\u0131lmas\u0131na 2022-ci ild\u0259 ba\u015flan\u0131b. H\u0259min il Az\u0259rbaycanda eksperimental yak t\u0259s\u0259rr\u00fcfat\u0131n\u0131n yarad\u0131lmas\u0131 m\u0259qs\u0259dil\u0259 \u00f6lk\u0259miz\u0259 d\u0259v\u0259t olunan q\u0131r\u011f\u0131z ekspertl\u0259rin i\u015ftirak\u0131 il\u0259 monitorinql\u0259r ke\u00e7irilib v\u0259 yer se\u00e7imi edilib. M\u00fct\u0259x\u0259ssisl\u0259rin r\u0259yi il\u0259 i\u015f\u011faldan azad olunmu\u015f La\u00e7\u0131n v\u0259 K\u0259lb\u0259c\u0259r rayonunun y\u00fcks\u0259k da\u011fl\u0131q \u0259razil\u0259ri yak t\u0259s\u0259rr\u00fcfat\u0131n\u0131n yarad\u0131lmas\u0131 \u00fc\u00e7\u00fcn uy\u011fun say\u0131l\u0131b. Daha sonra Q\u0131r\u011f\u0131z\u0131standan Az\u0259rbaycana g\u0259tiril\u0259c\u0259k yaklar se\u00e7ilib v\u0259 onlar\u0131n t\u0259hl\u00fck\u0259siz da\u015f\u0131nmas\u0131 \u00fc\u00e7\u00fcn hava n\u0259qliyyat\u0131n\u0131n t\u0259l\u0259bl\u0259rin\u0259 uy\u011fun x\u00fcsusi q\u0259f\u0259sl\u0259r haz\u0131rlan\u0131b v\u0259 t\u0259hl\u00fck\u0259siz da\u015f\u0131nmas\u0131 \u00fc\u00e7\u00fcn x\u00fcsusi q\u0259f\u0259sl\u0259rd\u0259 t\u0259yyar\u0259 vasit\u0259sil\u0259 Az\u0259rbaycana g\u0259tirilib.<\/p>\n\n\n\n<p>Soyuq iqlim \u015f\u0259raitind\u0259 ya\u015fama\u011fa uy\u011funla\u015fm\u0131\u015f yaklar La\u00e7\u0131n rayonunun y\u00fcks\u0259k da\u011fl\u0131q \u0259razil\u0259rin\u0259 apar\u0131l\u0131b v\u0259 burada heyvanlar\u0131n yerli iqlim\u0259 adaptasiyas\u0131 ba\u015flay\u0131b. \u00d6t\u0259n il \u0259rzind\u0259 eksperimental yak t\u0259s\u0259rr\u00fcfat\u0131nda art\u0131q iki d\u0259f\u0259 d\u00f6ll\u0259nm\u0259 qeyd\u0259 al\u0131n\u0131b, al\u0131nan balalar\u0131n yerli \u015f\u0259rait\u0259 daha s\u00fcr\u0259tl\u0259 uy\u011funla\u015fd\u0131\u011f\u0131 m\u00fc\u015fahid\u0259 olunub.<\/p>\n\n\n\n<p>A\u00e7\u0131q \u0259razil\u0259rd\u0259 b\u0259sl\u0259n\u0259n yaklar m\u00fct\u0259x\u0259ssis n\u0259zar\u0259tind\u0259 saxlan\u0131r. \u018frazid\u0259 heyvanlar\u0131n ovlanmas\u0131n\u0131 qada\u011fan ed\u0259n x\u00fcsusi x\u0259b\u0259rdarl\u0131q l\u00f6vh\u0259l\u0259ri qura\u015fd\u0131r\u0131l\u0131b. Heyvanlar\u0131n t\u0259bii \u015f\u0259rait\u0259 uy\u011funla\u015fma prosesini izl\u0259m\u0259k \u00fc\u00e7\u00fcn K\u0259nd T\u0259s\u0259rr\u00fcfat\u0131 Nazirliyi davaml\u0131 monitorinql\u0259r ke\u00e7irir.<\/p>\n\n\n\n<p>D\u0259niz s\u0259viyy\u0259sind\u0259n 2500 metr h\u00fcnd\u00fcrl\u00fckd\u0259 ya\u015fayan yaklar ba\u015fqa heyvanlar \u00fc\u00e7\u00fcn \u0259l\u00e7atmaz olan yem v\u0259 su m\u0259nb\u0259l\u0259rind\u0259n qidalan\u0131r. Bu s\u0259b\u0259bd\u0259n onlar\u0131n \u0259ti v\u0259 s\u00fcd\u00fc ekoloji c\u0259h\u0259td\u0259n y\u00fcks\u0259k keyfiyy\u0259tli hesab olunur. Yak heyvan n\u00f6v\u00fcn\u00fcn \u0259sas x\u00fcsusiyy\u0259ti \u00f6z\u0259l yem rasionu olmadan t\u0259bii otlaq sah\u0259sind\u0259 yeti\u015fdirilm\u0259sidir. \u00d6r\u00fc\u015f-otlaq sah\u0259sind\u0259 olan bitkil\u0259rl\u0259 qidalanan yaklar yem\u0259 az t\u0259l\u0259bkard\u0131r. Yaklar\u0131n qoxu bilm\u0259 hissl\u0259ri dig\u0259r heyvanlardan f\u0259rqli olaraq daha yax\u015f\u0131 inki\u015faf edib. Bu s\u0259b\u0259bd\u0259n yaklar qar alt\u0131nda olan (10-20 sm) bitkil\u0259ri hiss etm\u0259kl\u0259 onlar\u0131 \u00e7ox asanl\u0131qla m\u0259nims\u0259yir. Bu heyvanlar d\u0259niz s\u0259viyy\u0259sind\u0259n 2500-4000 metr y\u00fcks\u0259klikd\u0259 yerli \u015f\u0259rait\u0259 daha yax\u015f\u0131 adaptasiya olurlar. 25 il\u0259 q\u0259d\u0259r ya\u015faya bil\u0259n yaklar\u0131n s\u00fcd\u00fcn\u00fcn ya\u011fl\u0131l\u0131\u011f\u0131 9 faizdir. \u018ft \u00e7\u0131x\u0131m\u0131na v\u0259 keyfiyy\u0259tin\u0259 g\u00f6r\u0259 bu heyvanlar\u0131n yeti\u015fdirilm\u0259si iqtisadi c\u0259h\u0259td\u0259n s\u0259m\u0259r\u0259lidir.<\/p>\n","protected":false},"excerpt":{"rendered":"<p>\u0130\u015f\u011faldan azad edilmi\u015f \u0259razil\u0259rd\u0259ki yaylaqlara Q\u0131r\u011f\u0131z\u0131standan daha 116 ba\u015f yak g\u0259tirilib Q\u0131r\u011f\u0131z\u0131stan d\u00f6vl\u0259t ba\u015f\u00e7\u0131s\u0131n\u0131n Az\u0259rbaycan Prezidentin\u0259 h\u0259diyy\u0259 etdiyi yaklar K\u0259lb\u0259c\u0259r yaylaqlar\u0131nda t\u0259bi\u0259t\u0259 burax\u0131l\u0131b Q\u0131r\u011f\u0131z\u0131stan h\u00f6kum\u0259ti Az\u0259rbaycanda \u0259tlik istiqam\u0259t \u00fczr\u0259 ixtisasla\u015fm\u0131\u015f eksperimental yak t\u0259s\u0259rr\u00fcfat\u0131n\u0131n daha da&#8230;<\/p>\n","protected":false},"author":2,"featured_media":24826,"comment_status":"closed","ping_status":"closed","sticky":false,"template":"","format":"standard","meta":{"footnotes":""},"categories":[12],"tags":[],"aioseo_notices":[],"_links":{"self":[{"href":"https:\/\/rockvell.com\/index.php?rest_route=\/wp\/v2\/posts\/24825"}],"collection":[{"href":"https:\/\/rockvell.com\/index.php?rest_route=\/wp\/v2\/posts"}],"about":[{"href":"https:\/\/rockvell.com\/index.php?rest_route=\/wp\/v2\/types\/post"}],"author":[{"embeddable":true,"href":"https:\/\/rockvell.com\/index.php?rest_route=\/wp\/v2\/users\/2"}],"replies":[{"embeddable":true,"href":"https:\/\/rockvell.com\/index.php?rest_route=%2Fwp%2Fv2%2Fcomments&post=24825"}],"version-history":[{"count":1,"href":"https:\/\/rockvell.com\/index.php?rest_route=\/wp\/v2\/posts\/24825\/revisions"}],"predecessor-version":[{"id":24828,"href":"https:\/\/rockvell.com\/index.php?rest_route=\/wp\/v2\/posts\/24825\/revisions\/24828"}],"wp:featuredmedia":[{"embeddable":true,"href":"https:\/\/rockvell.com\/index.php?rest_route=\/wp\/v2\/media\/24826"}],"wp:attachment":[{"href":"https:\/\/rockvell.com\/index.php?rest_route=%2Fwp%2Fv2%2Fmedia&parent=24825"}],"wp:term":[{"taxonomy":"category","embeddable":true,"href":"https:\/\/rockvell.com\/index.php?rest_route=%2Fwp%2Fv2%2Fcategories&post=24825"},{"taxonomy":"post_tag","embeddable":true,"href":"https:\/\/rockvell.com\/index.php?rest_route=%2Fwp%2Fv2%2Ftags&post=24825"}],"curies":[{"name":"wp","href":"https:\/\/api.w.org\/{rel}","templated":true}]}}