{"id":24859,"date":"2024-06-11T04:00:00","date_gmt":"2024-06-11T01:00:00","guid":{"rendered":"https:\/\/rockvell.com\/?p=24859"},"modified":"2024-06-11T10:14:46","modified_gmt":"2024-06-11T07:14:46","slug":"albaniya-v%c9%99-az%c9%99rbaycan-arasinda-turizm-%c9%99laq%c9%99l%c9%99ri-muzakir%c9%99-edilib","status":"publish","type":"post","link":"https:\/\/rockvell.com\/?p=24859","title":{"rendered":"Albaniya v\u0259 Az\u0259rbaycan aras\u0131nda turizm \u0259laq\u0259l\u0259ri m\u00fczakir\u0259 edilib"},"content":{"rendered":"\n<p class=\"has-medium-font-size\"><strong>Albaniya v\u0259 Az\u0259rbaycan aras\u0131nda turizm \u0259laq\u0259l\u0259ri m\u00fczakir\u0259 edilib.<\/strong><\/p>\n\n\n\n<p>Turizm \u0259laq\u0259l\u0259rinin inki\u015faf etdirilm\u0259si v\u0259 \u0259m\u0259kda\u015fl\u0131q imkanlar\u0131 iyunun 10-da D\u00f6vl\u0259t Turizm Agentliyinin s\u0259dri Fuad Na\u011f\u0131yevl\u0259 Albaniya Respublikas\u0131n\u0131n \u0259traf m\u00fchit v\u0259 turizm naziri xan\u0131m Mirela Kumbaro aras\u0131nda g\u00f6r\u00fc\u015fd\u0259 m\u00fczakir\u0259 edilib.<\/p>\n\n\n<div class=\"wp-block-image\">\n<figure class=\"aligncenter size-large is-resized\"><img loading=\"lazy\" decoding=\"async\" width=\"1024\" height=\"777\" src=\"https:\/\/rockvell.com\/wp-content\/uploads\/2024\/06\/WhatsApp-Image-2024-06-11-at-11.11.01-1024x777.jpeg\" alt=\"\" class=\"wp-image-24860\" style=\"width:466px;height:auto\" srcset=\"https:\/\/rockvell.com\/wp-content\/uploads\/2024\/06\/WhatsApp-Image-2024-06-11-at-11.11.01-1024x777.jpeg 1024w, https:\/\/rockvell.com\/wp-content\/uploads\/2024\/06\/WhatsApp-Image-2024-06-11-at-11.11.01-300x228.jpeg 300w, https:\/\/rockvell.com\/wp-content\/uploads\/2024\/06\/WhatsApp-Image-2024-06-11-at-11.11.01-768x583.jpeg 768w, https:\/\/rockvell.com\/wp-content\/uploads\/2024\/06\/WhatsApp-Image-2024-06-11-at-11.11.01-1536x1166.jpeg 1536w, https:\/\/rockvell.com\/wp-content\/uploads\/2024\/06\/WhatsApp-Image-2024-06-11-at-11.11.01-2048x1554.jpeg 2048w, https:\/\/rockvell.com\/wp-content\/uploads\/2024\/06\/WhatsApp-Image-2024-06-11-at-11.11.01-360x273.jpeg 360w\" sizes=\"(max-width: 1024px) 100vw, 1024px\" \/><\/figure><\/div>\n\n\n<p>G\u00f6r\u00fc\u015fd\u0259 h\u0259r iki \u00f6lk\u0259nin \u00fczv oldu\u011fu beyn\u0259lxalq t\u0259\u015fkilatlar, x\u00fcsusil\u0259 Qara D\u0259niz \u0130qtisadi \u018fm\u0259kda\u015fl\u0131q T\u0259\u015fkilat\u0131 (QD\u0130\u018fT) v\u0259 BMT-Turizm \u00e7\u0259r\u00e7iv\u0259sind\u0259 \u0259m\u0259kda\u015fl\u0131q bar\u0259d\u0259 fikir m\u00fcbadil\u0259si apar\u0131l\u0131b.<\/p>\n\n\n\n<p>G\u00f6r\u00fc\u015f zaman\u0131, h\u0259m\u00e7inin turizm t\u0259hsili, xidm\u0259t sah\u0259si \u00fczr\u0259 kadrlar\u0131n haz\u0131rlanmas\u0131, assosiasiyalar v\u0259 \u00f6z\u0259l sektorla t\u0259r\u0259fda\u015fl\u0131q imkanlar\u0131 m\u00fczakir\u0259 edilib.<\/p>\n","protected":false},"excerpt":{"rendered":"<p>Albaniya v\u0259 Az\u0259rbaycan aras\u0131nda turizm \u0259laq\u0259l\u0259ri m\u00fczakir\u0259 edilib. Turizm \u0259laq\u0259l\u0259rinin inki\u015faf etdirilm\u0259si v\u0259 \u0259m\u0259kda\u015fl\u0131q imkanlar\u0131 iyunun 10-da D\u00f6vl\u0259t Turizm Agentliyinin s\u0259dri Fuad Na\u011f\u0131yevl\u0259 Albaniya Respublikas\u0131n\u0131n \u0259traf m\u00fchit v\u0259 turizm naziri xan\u0131m Mirela Kumbaro aras\u0131nda g\u00f6r\u00fc\u015fd\u0259&#8230;<\/p>\n","protected":false},"author":2,"featured_media":24860,"comment_status":"closed","ping_status":"closed","sticky":false,"template":"","format":"standard","meta":{"footnotes":""},"categories":[47],"tags":[],"aioseo_notices":[],"_links":{"self":[{"href":"https:\/\/rockvell.com\/index.php?rest_route=\/wp\/v2\/posts\/24859"}],"collection":[{"href":"https:\/\/rockvell.com\/index.php?rest_route=\/wp\/v2\/posts"}],"about":[{"href":"https:\/\/rockvell.com\/index.php?rest_route=\/wp\/v2\/types\/post"}],"author":[{"embeddable":true,"href":"https:\/\/rockvell.com\/index.php?rest_route=\/wp\/v2\/users\/2"}],"replies":[{"embeddable":true,"href":"https:\/\/rockvell.com\/index.php?rest_route=%2Fwp%2Fv2%2Fcomments&post=24859"}],"version-history":[{"count":1,"href":"https:\/\/rockvell.com\/index.php?rest_route=\/wp\/v2\/posts\/24859\/revisions"}],"predecessor-version":[{"id":24861,"href":"https:\/\/rockvell.com\/index.php?rest_route=\/wp\/v2\/posts\/24859\/revisions\/24861"}],"wp:featuredmedia":[{"embeddable":true,"href":"https:\/\/rockvell.com\/index.php?rest_route=\/wp\/v2\/media\/24860"}],"wp:attachment":[{"href":"https:\/\/rockvell.com\/index.php?rest_route=%2Fwp%2Fv2%2Fmedia&parent=24859"}],"wp:term":[{"taxonomy":"category","embeddable":true,"href":"https:\/\/rockvell.com\/index.php?rest_route=%2Fwp%2Fv2%2Fcategories&post=24859"},{"taxonomy":"post_tag","embeddable":true,"href":"https:\/\/rockvell.com\/index.php?rest_route=%2Fwp%2Fv2%2Ftags&post=24859"}],"curies":[{"name":"wp","href":"https:\/\/api.w.org\/{rel}","templated":true}]}}