{"id":24880,"date":"2024-06-11T09:00:00","date_gmt":"2024-06-11T06:00:00","guid":{"rendered":"https:\/\/rockvell.com\/?p=24880"},"modified":"2024-06-11T15:02:27","modified_gmt":"2024-06-11T12:02:27","slug":"abb-nin-s%c9%99hml%c9%99rin%c9%99-abun%c9%99-yazilisi-baslandi","status":"publish","type":"post","link":"https:\/\/rockvell.com\/?p=24880","title":{"rendered":"ABB-nin s\u0259hml\u0259rin\u0259 abun\u0259 yaz\u0131l\u0131\u015f\u0131 ba\u015fland\u0131"},"content":{"rendered":"\n<p class=\"has-medium-font-size\"><strong>A<\/strong><strong>BB-nin s<\/strong><strong>\u0259hml\u0259rin\u0259 abun\u0259 yaz\u0131l\u0131\u015f\u0131 ba\u015fland\u0131<\/strong><strong>!<\/strong><\/p>\n\n\n\n<p>11 iyun 2024-c\u00fc ild\u0259 ABB-nin s\u0259hml\u0259rin\u0259 abun\u0259 yaz\u0131l\u0131\u015f\u0131n\u0131n ba\u015flanmas\u0131 il\u0259 ba\u011fl\u0131 t\u0259dbir ke\u00e7irilib. <strong>\u201cABB s\u0259hmdar\u0131 ol! &#8211; M\u0259rk\u0259zd\u0259n h\u0259r k\u0259s\u0259!\u201d <\/strong>devizi il\u0259 ke\u00e7iril\u0259n t\u0259dbir \u00fc\u00e7\u00fcn simvolik m\u0259kan se\u00e7ilib. T\u0259dbir \u00f6t\u0259n \u0259srin \u0259vv\u0259ll\u0259rind\u0259 m\u0259hz bank binas\u0131 kimi tikilmi\u015f, fasad\u0131nda \u201c\u0411\u0430\u043d\u043a\u044a\u201d s\u00f6z\u00fc olan, 90-c\u0131 ill\u0259rin \u0259vv\u0259ll\u0259rind\u0259 ABB-nin ba\u015f ofisinin, haz\u0131rda is\u0259 M\u0259rk\u0259zi filial\u0131n\u0131n f\u0259aliyy\u0259t g\u00f6st\u0259rdiyi tarixi m\u0259kanda t\u0259\u015fkil olunub.<\/p>\n\n\n<div class=\"wp-block-image\">\n<figure class=\"aligncenter size-large is-resized\"><img decoding=\"async\" src=\"https:\/\/rockvell.com\/wp-content\/uploads\/2024\/06\/PressReliz-1-1-1024x643.png\" alt=\"\" class=\"wp-image-24882\" style=\"width:470px;height:auto\"\/><\/figure><\/div>\n\n\n<p>T\u0259dird\u0259 ABB r\u0259hb\u0259rliyi il\u0259 birg\u0259, Az\u0259rbaycan M\u0259rk\u0259zi Bank\u0131n\u0131n, Bak\u0131 Fond Birjas\u0131n\u0131n, Milli Depozit M\u0259rk\u0259zinin, Az\u0259rbaycan Banklar Assosiasiyas\u0131n\u0131n r\u0259hb\u0259rliyi d\u0259 i\u015ftirak edib.<\/p>\n\n\n\n<p>Abun\u0259 yaz\u0131l\u0131\u015f\u0131 3 ay davam ed\u0259c\u0259k. Bank\u0131n 322 000 000 \u0259d\u0259d s\u0259hmi sat\u0131\u015fa \u00e7\u0131xar\u0131l\u0131b. Bir s\u0259hmin minimal qiym\u0259ti 27 q\u0259pikdir. Abun\u0259 yaz\u0131l\u0131\u015f\u0131 d\u00f6vr\u00fcnd\u0259 v\u0259t\u0259nda\u015flar sifari\u015fl\u0259rini 27 q\u0259pik, yaxud daha yuxar\u0131 qiym\u0259tl\u0259 t\u0259qdim ed\u0259 bil\u0259rl\u0259r. Bir v\u0259t\u0259nda\u015f minimum 100 \u0259d\u0259d, maksimum 75 000 \u0259d\u0259d ABB s\u0259hmi sifari\u015f ver\u0259 bil\u0259r.<\/p>\n\n\n\n<p>Bank\u0131n s\u0259hml\u0259rin\u0259 abun\u0259 yaz\u0131l\u0131\u015f\u0131n\u0131 ABB mobile t\u0259tbiqind\u0259ki \u201c\u0130nvestisiya\u201d b\u00f6lm\u0259sind\u0259n, ABB-nin b\u00fct\u00fcn filiallar\u0131ndan, h\u0259m\u00e7inin, s\u0259hml\u0259rin emissiyas\u0131n\u0131n anderrayteri olan \u201cABB \u0130nvest\u201d v\u0259 \u00f6lk\u0259mizd\u0259ki dig\u0259r investiya \u015firk\u0259tl\u0259ri vasit\u0259sil\u0259 h\u0259yata ke\u00e7irm\u0259k olar.<\/p>\n\n\n\n<p>ABB-nin \u0130dar\u0259 Hey\u0259tinin s\u0259dri Abbas \u0130brahimov bildirib: <strong>\u201cEmissiya prosesi ba\u015fa \u00e7atd\u0131qdan sonra da Az\u0259rbaycan d\u00f6vl\u0259ti yen\u0259 Bank\u0131m\u0131z\u0131n \u0259sas b\u00f6y\u00fck s\u0259hmdar\u0131 kimi qalacaq. Banka iri \u00f6z\u0259l investorlar\u0131n deyil, m\u0259hz ki\u00e7ik pay sahibi olan investorlar\u0131n c\u0259lb edilm\u0259sin\u0259 \u00fcst\u00fcnl\u00fck verilir. \u00c7\u00fcnki m\u0259qs\u0259d daha \u00e7ox v\u0259t\u0259nda\u015f\u0131m\u0131z\u0131n ABB-d\u0259 pay sahibi olub alternativ investisiya f\u00fcrs\u0259tl\u0259rind\u0259n faydalana bilm\u0259sidir.<\/strong> <strong>Bunun \u00f6lk\u0259mizin qiym\u0259tli ka\u011f\u0131zlar bazar\u0131na \u0259h\u0259miyy\u0259tli m\u00fcsb\u0259t t\u0259sirl\u0259ri olacaq\u201d.<\/strong><\/p>\n\n\n\n<p>ABB \u00f6lk\u0259nin v\u0259 regionun \u0259n g\u0259lirli kommersiya qurumlar\u0131ndand\u0131r. Bank illik m\u0259nf\u0259\u0259tind\u0259n s\u0259hmdarlar\u0131na davaml\u0131 \u015f\u0259kild\u0259 dividendl\u0259r \u00f6d\u0259yir. Son \u00fc\u00e7 il \u00fczr\u0259 dividend \u00f6d\u0259ni\u015finin m\u0259bl\u0259\u011fi 2022-c\u00fc ild\u0259 125 milyon manat, 2023-c\u00fc ild\u0259 156 milyon 600 min manat, 2024-c\u00fc ild\u0259 185 milyon manat olub. Bu il ABB-nin s\u0259hml\u0259rinin illik dividend g\u0259lirliliyi 15,1%-\u0259 y\u00fcks\u0259lib.<\/p>\n\n\n\n<p>Daha \u0259trafl\u0131 m\u0259lumat\u0131 <a href=\"https:\/\/abb-bank.az\/az\/abb-sehmler\" target=\"_blank\" rel=\"noopener\" title=\"\">buradan<\/a> \u0259ld\u0259 ed\u0259 bil\u0259rsiniz.<\/p>\n\n\n\n<p>ABB-nin m\u00fcasir, faydal\u0131 v\u0259 universal m\u0259hsul v\u0259 xidm\u0259tl\u0259ri bar\u0259d\u0259 m\u0259lumatlar\u0131 Bank\u0131n filial v\u0259 \u015f\u00f6b\u0259l\u0259rind\u0259n, https:\/\/abb-bank.az\/ r\u0259smi internet s\u0259hif\u0259sind\u0259n v\u0259 ya 937 n\u00f6mr\u0259li M\u0259lumat M\u0259rk\u0259zind\u0259n, h\u0259m\u00e7inin sosial \u015f\u0259b\u0259k\u0259l\u0259rd\u0259ki korporativ s\u0259hif\u0259l\u0259rind\u0259n \u0259ld\u0259 etm\u0259k olar.<\/p>\n","protected":false},"excerpt":{"rendered":"<p>ABB-nin s\u0259hml\u0259rin\u0259 abun\u0259 yaz\u0131l\u0131\u015f\u0131 ba\u015fland\u0131! 11 iyun 2024-c\u00fc ild\u0259 ABB-nin s\u0259hml\u0259rin\u0259 abun\u0259 yaz\u0131l\u0131\u015f\u0131n\u0131n ba\u015flanmas\u0131 il\u0259 ba\u011fl\u0131 t\u0259dbir ke\u00e7irilib. \u201cABB s\u0259hmdar\u0131 ol! &#8211; M\u0259rk\u0259zd\u0259n h\u0259r k\u0259s\u0259!\u201d devizi il\u0259 ke\u00e7iril\u0259n t\u0259dbir \u00fc\u00e7\u00fcn simvolik m\u0259kan se\u00e7ilib. T\u0259dbir \u00f6t\u0259n&#8230;<\/p>\n","protected":false},"author":2,"featured_media":24881,"comment_status":"closed","ping_status":"closed","sticky":false,"template":"","format":"standard","meta":{"footnotes":""},"categories":[41],"tags":[],"aioseo_notices":[],"_links":{"self":[{"href":"https:\/\/rockvell.com\/index.php?rest_route=\/wp\/v2\/posts\/24880"}],"collection":[{"href":"https:\/\/rockvell.com\/index.php?rest_route=\/wp\/v2\/posts"}],"about":[{"href":"https:\/\/rockvell.com\/index.php?rest_route=\/wp\/v2\/types\/post"}],"author":[{"embeddable":true,"href":"https:\/\/rockvell.com\/index.php?rest_route=\/wp\/v2\/users\/2"}],"replies":[{"embeddable":true,"href":"https:\/\/rockvell.com\/index.php?rest_route=%2Fwp%2Fv2%2Fcomments&post=24880"}],"version-history":[{"count":2,"href":"https:\/\/rockvell.com\/index.php?rest_route=\/wp\/v2\/posts\/24880\/revisions"}],"predecessor-version":[{"id":24884,"href":"https:\/\/rockvell.com\/index.php?rest_route=\/wp\/v2\/posts\/24880\/revisions\/24884"}],"wp:featuredmedia":[{"embeddable":true,"href":"https:\/\/rockvell.com\/index.php?rest_route=\/wp\/v2\/media\/24881"}],"wp:attachment":[{"href":"https:\/\/rockvell.com\/index.php?rest_route=%2Fwp%2Fv2%2Fmedia&parent=24880"}],"wp:term":[{"taxonomy":"category","embeddable":true,"href":"https:\/\/rockvell.com\/index.php?rest_route=%2Fwp%2Fv2%2Fcategories&post=24880"},{"taxonomy":"post_tag","embeddable":true,"href":"https:\/\/rockvell.com\/index.php?rest_route=%2Fwp%2Fv2%2Ftags&post=24880"}],"curies":[{"name":"wp","href":"https:\/\/api.w.org\/{rel}","templated":true}]}}