{"id":24892,"date":"2024-06-11T11:00:00","date_gmt":"2024-06-11T08:00:00","guid":{"rendered":"https:\/\/rockvell.com\/?p=24892"},"modified":"2024-06-11T15:48:56","modified_gmt":"2024-06-11T12:48:56","slug":"az%c9%99rbaycan-bmt-turizmin-icraiyy%c9%99-surasinin-121-ci-sessiyasinda-t%c9%99msil-olunub","status":"publish","type":"post","link":"https:\/\/rockvell.com\/?p=24892","title":{"rendered":"Az\u0259rbaycan BMT Turizmin \u0130craiyy\u0259 \u015euras\u0131n\u0131n 121-ci sessiyas\u0131nda t\u0259msil olunub"},"content":{"rendered":"\n<p class=\"has-medium-font-size\"><strong>Az\u0259rbaycan BMT Turizmin \u0130craiyy\u0259 \u015euras\u0131n\u0131n 121-ci sessiyas\u0131nda t\u0259msil olunub<\/strong><\/p>\n\n\n\n<p>10-11 iyun tarixl\u0259rind\u0259 \u0130spaniya Krall\u0131\u011f\u0131n\u0131n Barselona \u015f\u0259h\u0259rind\u0259 BMT Turizmin \u0130craiyy\u0259 \u015euras\u0131n\u0131n 121-ci sessiyas\u0131 ke\u00e7irilib.<\/p>\n\n\n\n<p>S\u0259udiyy\u0259 \u018fr\u0259bistan\u0131 Krall\u0131\u011f\u0131n\u0131n s\u0259drliyi il\u0259 t\u0259\u015fkil edil\u0259n sessiyada t\u0259\u015fkilata \u00fczv olan 30-dan \u00e7ox d\u00f6vl\u0259tin n\u00fcmay\u0259nd\u0259l\u0259ri i\u015ftirak edib.<\/p>\n\n\n<div class=\"wp-block-image\">\n<figure class=\"aligncenter size-large is-resized\"><img loading=\"lazy\" decoding=\"async\" width=\"1024\" height=\"683\" src=\"https:\/\/rockvell.com\/wp-content\/uploads\/2024\/06\/unnamed-8-1024x683.jpg\" alt=\"\" class=\"wp-image-24893\" style=\"width:443px;height:auto\" srcset=\"https:\/\/rockvell.com\/wp-content\/uploads\/2024\/06\/unnamed-8-1024x683.jpg 1024w, https:\/\/rockvell.com\/wp-content\/uploads\/2024\/06\/unnamed-8-300x200.jpg 300w, https:\/\/rockvell.com\/wp-content\/uploads\/2024\/06\/unnamed-8-768x512.jpg 768w, https:\/\/rockvell.com\/wp-content\/uploads\/2024\/06\/unnamed-8-360x240.jpg 360w, https:\/\/rockvell.com\/wp-content\/uploads\/2024\/06\/unnamed-8.jpg 1200w\" sizes=\"(max-width: 1024px) 100vw, 1024px\" \/><\/figure><\/div>\n\n\n<p>Sessiya \u00e7\u0259r\u00e7iv\u0259sind\u0259 \u00e7\u0131x\u0131\u015f ed\u0259n D\u00f6vl\u0259t Turizm Agentliyinin Aparat\u0131n\u0131n r\u0259hb\u0259ri K\u0259nan Qas\u0131mov, \u00f6z n\u00f6vb\u0259sind\u0259 cari ilin noyabr ay\u0131nda \u00f6lk\u0259mizin ev sahibliyi ed\u0259c\u0259yi BMT-nin \u0130qlim D\u0259yi\u015fikliyi \u00fczr\u0259 \u00c7\u0259r\u00e7iv\u0259 Konvensiyas\u0131n\u0131n T\u0259r\u0259fl\u0259r Konfrans\u0131n\u0131n 29-cu sessiyas\u0131 (COP29) \u00e7\u0259r\u00e7iv\u0259sind\u0259 turizm m\u00f6vzusunun daha geni\u015f t\u0259msil olunmas\u0131 il\u0259 ba\u011fl\u0131 haz\u0131rda BMT Turizm il\u0259 apar\u0131lan \u0259m\u0259kda\u015fl\u0131q haqq\u0131nda \u0259trafl\u0131 m\u0259lumat verib.<\/p>\n\n\n\n<p>COP29-un iqlim d\u0259yi\u015fikliyi siyas\u0259tind\u0259 turizmin rolunun g\u00fccl\u0259ndirilm\u0259sinin \u0259h\u0259miyy\u0259tli t\u0259sir\u0259 malik oldu\u011funu vur\u011fulayan K\u0259nan Qas\u0131mov \u0130craiyy\u0259 \u015euras\u0131n\u0131n \u00fczvl\u0259rini COP29 t\u0259\u015fkilat\u00e7\u0131l\u0131\u011f\u0131nda BMT Turizm il\u0259 birg\u0259 ir\u0259li s\u00fcr\u00fcl\u0259n t\u0259\u015f\u0259bb\u00fcsl\u0259r\u0259 d\u0259st\u0259k olma\u011fa \u00e7a\u011f\u0131r\u0131b.<\/p>\n","protected":false},"excerpt":{"rendered":"<p>Az\u0259rbaycan BMT Turizmin \u0130craiyy\u0259 \u015euras\u0131n\u0131n 121-ci sessiyas\u0131nda t\u0259msil olunub 10-11 iyun tarixl\u0259rind\u0259 \u0130spaniya Krall\u0131\u011f\u0131n\u0131n Barselona \u015f\u0259h\u0259rind\u0259 BMT Turizmin \u0130craiyy\u0259 \u015euras\u0131n\u0131n 121-ci sessiyas\u0131 ke\u00e7irilib. S\u0259udiyy\u0259 \u018fr\u0259bistan\u0131 Krall\u0131\u011f\u0131n\u0131n s\u0259drliyi il\u0259 t\u0259\u015fkil edil\u0259n sessiyada t\u0259\u015fkilata \u00fczv olan 30-dan&#8230;<\/p>\n","protected":false},"author":2,"featured_media":24893,"comment_status":"closed","ping_status":"closed","sticky":false,"template":"","format":"standard","meta":{"footnotes":""},"categories":[47],"tags":[],"aioseo_notices":[],"_links":{"self":[{"href":"https:\/\/rockvell.com\/index.php?rest_route=\/wp\/v2\/posts\/24892"}],"collection":[{"href":"https:\/\/rockvell.com\/index.php?rest_route=\/wp\/v2\/posts"}],"about":[{"href":"https:\/\/rockvell.com\/index.php?rest_route=\/wp\/v2\/types\/post"}],"author":[{"embeddable":true,"href":"https:\/\/rockvell.com\/index.php?rest_route=\/wp\/v2\/users\/2"}],"replies":[{"embeddable":true,"href":"https:\/\/rockvell.com\/index.php?rest_route=%2Fwp%2Fv2%2Fcomments&post=24892"}],"version-history":[{"count":1,"href":"https:\/\/rockvell.com\/index.php?rest_route=\/wp\/v2\/posts\/24892\/revisions"}],"predecessor-version":[{"id":24894,"href":"https:\/\/rockvell.com\/index.php?rest_route=\/wp\/v2\/posts\/24892\/revisions\/24894"}],"wp:featuredmedia":[{"embeddable":true,"href":"https:\/\/rockvell.com\/index.php?rest_route=\/wp\/v2\/media\/24893"}],"wp:attachment":[{"href":"https:\/\/rockvell.com\/index.php?rest_route=%2Fwp%2Fv2%2Fmedia&parent=24892"}],"wp:term":[{"taxonomy":"category","embeddable":true,"href":"https:\/\/rockvell.com\/index.php?rest_route=%2Fwp%2Fv2%2Fcategories&post=24892"},{"taxonomy":"post_tag","embeddable":true,"href":"https:\/\/rockvell.com\/index.php?rest_route=%2Fwp%2Fv2%2Ftags&post=24892"}],"curies":[{"name":"wp","href":"https:\/\/api.w.org\/{rel}","templated":true}]}}