{"id":24989,"date":"2024-06-14T03:00:00","date_gmt":"2024-06-14T00:00:00","guid":{"rendered":"https:\/\/rockvell.com\/?p=24989"},"modified":"2024-06-14T13:40:26","modified_gmt":"2024-06-14T10:40:26","slug":"fuzuli-konullul%c9%99ri-il%c9%99-gorus-kecirilib","status":"publish","type":"post","link":"https:\/\/rockvell.com\/?p=24989","title":{"rendered":"F\u00fczuli K\u00f6n\u00fcll\u00fcl\u0259ri il\u0259 g\u00f6r\u00fc\u015f ke\u00e7irilib"},"content":{"rendered":"\n<p class=\"has-medium-font-size\"><strong>F\u00fczuli K\u00f6n\u00fcll\u00fcl\u0259ri il\u0259 g\u00f6r\u00fc\u015f ke\u00e7irilib<\/strong><\/p>\n\n\n\n<p>\u201cQay\u0131d\u0131\u015f K\u00f6n\u00fcll\u00fcl\u0259ri\u201d Proqram\u0131 \u00e7\u0259r\u00e7iv\u0259sind\u0259 yeni yarad\u0131lm\u0131\u015f \u201cF\u00fczuli K\u00f6n\u00fcll\u00fcl\u0259ri\u201d qrupu il\u0259 g\u00f6r\u00fc\u015f ke\u00e7irilib.<\/p>\n\n\n\n<p>G\u0259ncl\u0259r T\u0259\u015fkilatlar\u0131n\u0131n Resurs M\u0259rk\u0259zind\u0259 ba\u015f tutan g\u00f6r\u00fc\u015fd\u0259 G\u0259ncl\u0259r Fondunun icra\u00e7\u0131 direktoru v\u0259zif\u0259sini icra ed\u0259n Q\u0259dir X\u0259lilov, G\u0259ncl\u0259r v\u0259 \u0130dman Nazirliyinin G\u0259ncl\u0259rl\u0259 i\u015f \u015f\u00f6b\u0259sinin m\u00fcdiri Ramil Cabbarov, A\u011fdam, F\u00fczuli v\u0259 Xocav\u0259nd rayonlar\u0131nda Az\u0259rbaycan Respublikas\u0131 Prezidentinin X\u00fcsusi N\u00fcmay\u0259nd\u0259liyinin apar\u0131c\u0131\u00a0m\u0259sl\u0259h\u0259t\u00e7isi \u00dcmid \u0130sazad\u0259 v\u0259 \u201cB\u00f6y\u00fck Qay\u0131d\u0131\u015f\u201d G\u0259ncl\u0259r T\u0259\u015fkilat\u0131n\u0131n s\u0259dri Nail \u015e\u00fck\u00fcrov i\u015ftirak edib. G\u00f6r\u00fc\u015f zaman\u0131 \u201cQay\u0131d\u0131\u015f K\u00f6n\u00fcll\u00fcl\u0259ri\u201d Proqram\u0131 \u00e7\u0259r\u00e7iv\u0259sind\u0259 h\u0259yata ke\u00e7iril\u0259n v\u0259 yax\u0131n g\u0259l\u0259c\u0259kd\u0259 ke\u00e7irilm\u0259si planla\u015fd\u0131r\u0131lan f\u0259aliyy\u0259tl\u0259r haqq\u0131nda fikir m\u00fcbadil\u0259si apar\u0131l\u0131b, k\u00f6n\u00fcll\u00fcl\u0259rin\u00a0 t\u0259klifl\u0259ri dinl\u0259nilib v\u0259 suallar\u0131 cavabland\u0131r\u0131l\u0131b. H\u0259m\u00e7inin k\u00f6n\u00fcll\u00fcl\u0259r\u0259 bilik v\u0259 bacar\u0131qlar\u0131n\u0131n art\u0131r\u0131lmas\u0131na, i\u015f\u011faldan azad edilmi\u015f \u0259razil\u0259rd\u0259 aktiv f\u0259aliyy\u0259tin h\u0259yata ke\u00e7irilm\u0259sin\u0259 dair t\u00f6vsiy\u0259l\u0259r verilib, u\u011furlar arzulan\u0131b.<\/p>\n\n\n\n<figure class=\"wp-block-gallery has-nested-images columns-default is-cropped wp-block-gallery-1 is-layout-flex wp-block-gallery-is-layout-flex\">\n<figure class=\"wp-block-image size-large\"><a href=\"https:\/\/rockvell.com\/wp-content\/uploads\/2024\/06\/1-5.jpg\" target=\"_blank\" rel=\"noopener\" data-rel=\"lightbox-gallery-ZvAgKvhz\" data-rl_title=\"\" data-rl_caption=\"\" title=\"\"><img loading=\"lazy\" decoding=\"async\" width=\"1024\" height=\"682\" data-id=\"24990\" src=\"https:\/\/rockvell.com\/wp-content\/uploads\/2024\/06\/1-5-1024x682.jpg\" alt=\"\" class=\"wp-image-24990\" srcset=\"https:\/\/rockvell.com\/wp-content\/uploads\/2024\/06\/1-5-1024x682.jpg 1024w, https:\/\/rockvell.com\/wp-content\/uploads\/2024\/06\/1-5-300x200.jpg 300w, https:\/\/rockvell.com\/wp-content\/uploads\/2024\/06\/1-5-768x512.jpg 768w, https:\/\/rockvell.com\/wp-content\/uploads\/2024\/06\/1-5-1536x1024.jpg 1536w, https:\/\/rockvell.com\/wp-content\/uploads\/2024\/06\/1-5-2048x1365.jpg 2048w, https:\/\/rockvell.com\/wp-content\/uploads\/2024\/06\/1-5-360x240.jpg 360w\" sizes=\"(max-width: 1024px) 100vw, 1024px\" \/><\/a><\/figure>\n\n\n\n<figure class=\"wp-block-image size-large\"><a href=\"https:\/\/rockvell.com\/wp-content\/uploads\/2024\/06\/2-5.jpg\" target=\"_blank\" rel=\"noopener\" data-rel=\"lightbox-gallery-ZvAgKvhz\" data-rl_title=\"\" data-rl_caption=\"\" title=\"\"><img loading=\"lazy\" decoding=\"async\" width=\"1024\" height=\"689\" data-id=\"24991\" src=\"https:\/\/rockvell.com\/wp-content\/uploads\/2024\/06\/2-5-1024x689.jpg\" alt=\"\" class=\"wp-image-24991\" srcset=\"https:\/\/rockvell.com\/wp-content\/uploads\/2024\/06\/2-5-1024x689.jpg 1024w, https:\/\/rockvell.com\/wp-content\/uploads\/2024\/06\/2-5-300x202.jpg 300w, https:\/\/rockvell.com\/wp-content\/uploads\/2024\/06\/2-5-768x517.jpg 768w, https:\/\/rockvell.com\/wp-content\/uploads\/2024\/06\/2-5-1536x1033.jpg 1536w, https:\/\/rockvell.com\/wp-content\/uploads\/2024\/06\/2-5-2048x1378.jpg 2048w, https:\/\/rockvell.com\/wp-content\/uploads\/2024\/06\/2-5-360x242.jpg 360w\" sizes=\"(max-width: 1024px) 100vw, 1024px\" \/><\/a><\/figure>\n<\/figure>\n\n\n\n<p>Bildirilib ki, Prezident \u0130lham \u018fliyevin i\u015f\u011faldan azad edilmi\u015f \u0259razil\u0259rimizd\u0259 apar\u0131lan i\u015fl\u0259r\u0259 g\u0259nc n\u0259slin, x\u00fcsusil\u0259 d\u0259 k\u00f6kl\u0259ri bu torpaqlara ba\u011fl\u0131 olan g\u0259ncl\u0259rin daha geni\u015f c\u0259lb edilm\u0259si \u00e7a\u011f\u0131r\u0131\u015f\u0131na uy\u011fun olaraq h\u0259yata ke\u00e7iril\u0259n \u201cQay\u0131d\u0131\u015f K\u00f6n\u00fcll\u00fcl\u0259ri\u201d proqram\u0131 \u00e7\u0259r\u00e7iv\u0259sind\u0259 14 mart 2024-c\u00fc il tarixind\u0259 \u201cF\u00fczuli K\u00f6n\u00fcll\u00fcl\u0259ri\u201d qrupuna q\u0259bula start verilib v\u0259 proqramda t\u0259msil olunmaq \u00fc\u00e7\u00fcn 150-d\u0259n \u00e7ox m\u00fcraci\u0259t daxil olub. M\u00fcraci\u0259ti m\u00fcsb\u0259t d\u0259y\u0259rl\u0259ndirilmi\u015f g\u0259ncl\u0259r ard\u0131c\u0131l olaraq m\u00fcsahib\u0259, baza t\u0259liml\u0259ndirm\u0259 kursu v\u0259 imtahan m\u0259rh\u0259l\u0259sind\u0259n ke\u00e7ibl\u0259r.<\/p>\n\n\n\n<p>K\u00f6n\u00fcll\u00fcl\u0259rin haz\u0131rlanmas\u0131 \u00fc\u00e7\u00fcn baza t\u0259liml\u0259ri pe\u015f\u0259kar t\u0259lim\u00e7il\u0259r t\u0259r\u0259find\u0259n \u201cK\u00f6n\u00fcll\u00fcl\u00fck f\u0259aliyy\u0259tinin \u0259saslar\u0131\u201d, \u201cK\u00f6n\u00fcll\u00fc xidm\u0259tin t\u0259\u015fkili\u201d, \u201cG\u0259ncl\u0259rin ideoloji haz\u0131rl\u0131\u011f\u0131\u201d, \u201cYum\u015faq bacar\u0131qlar\u201d, \u201cPsixoloji inki\u015faf\u201d, \u201cLiderlik v\u0259 natiqlik bacar\u0131qlar\u0131\u201d v\u0259 \u201cMinalardan qorunma qaydalar\u0131\u201d m\u00f6vzular\u0131nda h\u0259yata ke\u00e7irilib. T\u0259lim v\u0259 imtahan m\u0259rh\u0259l\u0259rini m\u00fcv\u0259ff\u0259qiyy\u0259tl\u0259 ba\u015fa vuran 25 n\u0259f\u0259r g\u0259nc F\u00fczuli K\u00f6n\u00fcll\u00fcs\u00fc olaraq f\u0259aliyy\u0259t\u0259 ba\u015flay\u0131b. K\u00f6n\u00fcll\u00fcl\u0259rin i\u015f\u011faldan azad olunmu\u015f F\u00fczuli \u015f\u0259h\u0259rin\u0259 ilk s\u0259f\u0259ri t\u0259\u015fkil edilib v\u0259 \u015f\u0259h\u0259rd\u0259 F\u00fczuli K\u00f6n\u00fcll\u00fcl\u0259rinin t\u0259qdimat\u0131 ke\u00e7irilib. K\u00f6n\u00fcll\u00fcl\u0259r yenid\u0259n qurulan, h\u0259yat\u0131n canland\u0131\u011f\u0131 F\u00fczuli \u015f\u0259h\u0259rinin \u0259razisini g\u0259z\u0259r\u0259k apar\u0131lan b\u0259rpa-quruculuq i\u015fl\u0259ri il\u0259 yax\u0131ndan tan\u0131\u015f olublar. H\u0259m\u00e7inin k\u00f6n\u00fcll\u00fcl\u0259r \u015f\u0259h\u0259rd\u0259 m\u0259skunla\u015fan u\u015faq, yeniyetm\u0259 v\u0259 g\u0259ncl\u0259rl\u0259 g\u00f6r\u00fc\u015f\u00fcb, \u00f6z t\u0259\u0259ss\u00fcratlar\u0131n\u0131 onlarla b\u00f6l\u00fc\u015f\u00fcbl\u0259r.<\/p>\n\n\n\n<p>Qeyd ed\u0259k ki, i\u015f\u011faldan azad olunmu\u015f \u0259razil\u0259rd\u0259 k\u00f6n\u00fcll\u00fcl\u00fck f\u0259aliyy\u0259tini d\u0259st\u0259kl\u0259m\u0259k, \u0259sl\u0259n oradan olan g\u0259ncl\u0259rin \u00f6z do\u011fma torpaqlar\u0131nda yenid\u0259nqurma v\u0259 b\u0259rpa i\u015fl\u0259rind\u0259, el\u0259c\u0259 d\u0259 b\u00f6lg\u0259nin z\u0259ngin tarixi-m\u0259d\u0259ni irsinin t\u0259bli\u011find\u0259 i\u015ftirak\u0131n\u0131 t\u0259\u015fviq etm\u0259k v\u0259 B\u00f6y\u00fck Qay\u0131d\u0131\u015f prosesin\u0259 t\u00f6hf\u0259 verm\u0259k m\u0259qs\u0259dil\u0259 formala\u015fd\u0131r\u0131lan &#8220;Qay\u0131d\u0131\u015f K\u00f6n\u00fcll\u00fcl\u0259ri&#8221; Proqram\u0131 i\u015f\u011faldan azad edilmi\u015f \u0259razil\u0259rd\u0259 Az\u0259rbaycan Respublikas\u0131 Prezidentinin m\u00fcvafiq x\u00fcsusi n\u00fcmay\u0259nd\u0259likl\u0259rinin, G\u0259ncl\u0259r v\u0259 \u0130dman Nazirliyinin v\u0259 G\u0259ncl\u0259r Fondunun d\u0259st\u0259yi il\u0259 \u201cB\u00f6y\u00fck Qay\u0131d\u0131\u015f\u201d G\u0259ncl\u0259r T\u0259\u015fkilat\u0131 t\u0259r\u0259find\u0259n h\u0259yata ke\u00e7irilir. Haz\u0131rda proqram \u00e7\u0259r\u00e7iv\u0259sind\u0259 \u201c\u015eu\u015fa K\u00f6n\u00fcll\u00fcl\u0259ri\u201d, \u201cA\u011fdam K\u00f6n\u00fcll\u00fcl\u0259ri\u201d, \u201cZ\u0259ngilan K\u00f6n\u00fcll\u00fcl\u0259ri\u201d v\u0259 \u201cF\u00fczuli K\u00f6n\u00fcll\u00fcl\u0259ri\u201d&nbsp; qruplar\u0131 f\u0259aliyy\u0259t g\u00f6st\u0259rir. S\u00f6z\u00fcged\u0259n qruplar \u00fczr\u0259 f\u0259aliyy\u0259t g\u00f6st\u0259r\u0259n k\u00f6n\u00fcll\u00fcl\u0259r m\u00fcvafiq \u0259razil\u0259rd\u0259 m\u00fcxt\u0259lif k\u00f6n\u00fcll\u00fc f\u0259aliyy\u0259tl\u0259rin\u0259 c\u0259lb olunur v\u0259 aktiv i\u015ftirak edirl\u0259r. N\u00f6vb\u0259ti m\u0259rh\u0259l\u0259d\u0259 dig\u0259r i\u015f\u011faldan azad olunmu\u015f inzibati \u0259razi vahidl\u0259rin\u0259 uy\u011fun olaraq k\u00f6n\u00fcll\u00fc qruplar\u0131n\u0131n yarad\u0131lmas\u0131 n\u0259z\u0259rd\u0259 tutulub.<\/p>\n","protected":false},"excerpt":{"rendered":"<p>F\u00fczuli K\u00f6n\u00fcll\u00fcl\u0259ri il\u0259 g\u00f6r\u00fc\u015f ke\u00e7irilib \u201cQay\u0131d\u0131\u015f K\u00f6n\u00fcll\u00fcl\u0259ri\u201d Proqram\u0131 \u00e7\u0259r\u00e7iv\u0259sind\u0259 yeni yarad\u0131lm\u0131\u015f \u201cF\u00fczuli K\u00f6n\u00fcll\u00fcl\u0259ri\u201d qrupu il\u0259 g\u00f6r\u00fc\u015f ke\u00e7irilib. G\u0259ncl\u0259r T\u0259\u015fkilatlar\u0131n\u0131n Resurs M\u0259rk\u0259zind\u0259 ba\u015f tutan g\u00f6r\u00fc\u015fd\u0259 G\u0259ncl\u0259r Fondunun icra\u00e7\u0131 direktoru v\u0259zif\u0259sini icra ed\u0259n Q\u0259dir X\u0259lilov, G\u0259ncl\u0259r v\u0259&#8230;<\/p>\n","protected":false},"author":2,"featured_media":24990,"comment_status":"closed","ping_status":"closed","sticky":false,"template":"","format":"standard","meta":{"footnotes":""},"categories":[46],"tags":[],"aioseo_notices":[],"_links":{"self":[{"href":"https:\/\/rockvell.com\/index.php?rest_route=\/wp\/v2\/posts\/24989"}],"collection":[{"href":"https:\/\/rockvell.com\/index.php?rest_route=\/wp\/v2\/posts"}],"about":[{"href":"https:\/\/rockvell.com\/index.php?rest_route=\/wp\/v2\/types\/post"}],"author":[{"embeddable":true,"href":"https:\/\/rockvell.com\/index.php?rest_route=\/wp\/v2\/users\/2"}],"replies":[{"embeddable":true,"href":"https:\/\/rockvell.com\/index.php?rest_route=%2Fwp%2Fv2%2Fcomments&post=24989"}],"version-history":[{"count":1,"href":"https:\/\/rockvell.com\/index.php?rest_route=\/wp\/v2\/posts\/24989\/revisions"}],"predecessor-version":[{"id":24992,"href":"https:\/\/rockvell.com\/index.php?rest_route=\/wp\/v2\/posts\/24989\/revisions\/24992"}],"wp:featuredmedia":[{"embeddable":true,"href":"https:\/\/rockvell.com\/index.php?rest_route=\/wp\/v2\/media\/24990"}],"wp:attachment":[{"href":"https:\/\/rockvell.com\/index.php?rest_route=%2Fwp%2Fv2%2Fmedia&parent=24989"}],"wp:term":[{"taxonomy":"category","embeddable":true,"href":"https:\/\/rockvell.com\/index.php?rest_route=%2Fwp%2Fv2%2Fcategories&post=24989"},{"taxonomy":"post_tag","embeddable":true,"href":"https:\/\/rockvell.com\/index.php?rest_route=%2Fwp%2Fv2%2Ftags&post=24989"}],"curies":[{"name":"wp","href":"https:\/\/api.w.org\/{rel}","templated":true}]}}