{"id":25001,"date":"2024-06-14T07:00:00","date_gmt":"2024-06-14T04:00:00","guid":{"rendered":"https:\/\/rockvell.com\/?p=25001"},"modified":"2024-06-14T14:42:43","modified_gmt":"2024-06-14T11:42:43","slug":"az%c9%99rbaycan-bee-isguzar-sessiyasi-kecirilib","status":"publish","type":"post","link":"https:\/\/rockvell.com\/?p=25001","title":{"rendered":"Az\u0259rbaycan \u2013 B\u018f\u018f i\u015fg\u00fczar sessiyas\u0131 ke\u00e7irilib"},"content":{"rendered":"\n<p class=\"has-medium-font-size\"><strong>Az\u0259rbaycan \u2013 B\u018f\u018f i\u015fg\u00fczar sessiyas\u0131 ke\u00e7irilib<\/strong><\/p>\n\n\n\n<p><em>Sessiyada \u00f6lk\u0259l\u0259rimizd\u0259 y\u00fcks\u0259k texnologiyalar, k\u0259nd t\u0259s\u0259rr\u00fcfat\u0131, turizm v\u0259 b\u0259rpa olunan enerji sah\u0259l\u0259rinin ortaq t\u0259\u015f\u0259bb\u00fcsl\u0259rl\u0259 art\u0131m\u0131n\u0131n d\u0259st\u0259kl\u0259nm\u0259si \u0259traf\u0131nda fikir m\u00fcbadil\u0259si apar\u0131l\u0131b.<\/em><\/p>\n\n\n\n<p>Bak\u0131da Az\u0259rbaycan \u2013 Birl\u0259\u015fmi\u015f \u018fr\u0259b \u018fmirlikl\u0259ri (B\u018f\u018f) Nazirl\u0259rinin T\u0259cr\u00fcb\u0259 M\u00fcbadil\u0259si Forumu \u00e7\u0259r\u00e7iv\u0259sind\u0259 \u201c\u0130qtisadi diversifikasiya v\u0259 investisiyalar\u201d m\u00f6vzusunda sessiya ke\u00e7irilib.<\/p>\n\n\n<div class=\"wp-block-image\">\n<figure class=\"aligncenter size-large is-resized\"><img loading=\"lazy\" decoding=\"async\" width=\"1024\" height=\"683\" src=\"https:\/\/rockvell.com\/wp-content\/uploads\/2024\/06\/cOe4DgmvYaolhant52zrGxatk40WpHLQwQqMkcXk-1024x683.jpg\" alt=\"\" class=\"wp-image-25002\" style=\"width:450px;height:auto\" srcset=\"https:\/\/rockvell.com\/wp-content\/uploads\/2024\/06\/cOe4DgmvYaolhant52zrGxatk40WpHLQwQqMkcXk-1024x683.jpg 1024w, https:\/\/rockvell.com\/wp-content\/uploads\/2024\/06\/cOe4DgmvYaolhant52zrGxatk40WpHLQwQqMkcXk-300x200.jpg 300w, https:\/\/rockvell.com\/wp-content\/uploads\/2024\/06\/cOe4DgmvYaolhant52zrGxatk40WpHLQwQqMkcXk-768x512.jpg 768w, https:\/\/rockvell.com\/wp-content\/uploads\/2024\/06\/cOe4DgmvYaolhant52zrGxatk40WpHLQwQqMkcXk-1536x1024.jpg 1536w, https:\/\/rockvell.com\/wp-content\/uploads\/2024\/06\/cOe4DgmvYaolhant52zrGxatk40WpHLQwQqMkcXk-2048x1365.jpg 2048w, https:\/\/rockvell.com\/wp-content\/uploads\/2024\/06\/cOe4DgmvYaolhant52zrGxatk40WpHLQwQqMkcXk-360x240.jpg 360w\" sizes=\"(max-width: 1024px) 100vw, 1024px\" \/><\/figure><\/div>\n\n\n<p>T\u0259dbird\u0259 Az\u0259rbaycan t\u0259r\u0259find\u0259n iqtisadiyyat nazirinin m\u00fcavini S\u0259m\u0259d B\u0259\u015firli, \u0130xrac\u0131n v\u0259 \u0130nvestisiyalar\u0131n T\u0259\u015fviqi Agentliyi \u2013 AZPROMO, Ki\u00e7ik v\u0259 Orta Biznesin \u0130nki\u015faf\u0131 Agentliyi (KOB\u0130A), el\u0259c\u0259 d\u0259 D\u00f6rd\u00fcnc\u00fc S\u0259naye \u0130nqilab\u0131n\u0131n T\u0259hlili v\u0259 Koordinasiya M\u0259rk\u0259zinin (4S\u0130M) n\u00fcmay\u0259nd\u0259l\u0259ri i\u015ftirak edibl\u0259r. B\u018f\u018f t\u0259r\u0259fi iqtisadiyyat nazirinin m\u00fcavini Abdulla \u018flsaleh, investisiya nazirinin m\u00fcavini M\u0259h\u0259mm\u0259d \u018flhavi v\u0259 maliyy\u0259 nazirinin m\u00fcavini Yunis \u018flxuri il\u0259 t\u0259msil olunub.<\/p>\n\n\n\n<p>T\u0259dbird\u0259 \u00f6lk\u0259l\u0259rimizin dayan\u0131ql\u0131 v\u0259 \u00e7ox\u015fax\u0259li iqtisadi art\u0131m\u0131n\u0131 t\u0259min etm\u0259k m\u0259qs\u0259dil\u0259 Az\u0259rbaycan v\u0259 B\u018f\u018f aras\u0131nda \u0259m\u0259kda\u015fl\u0131q potensial\u0131n\u0131n s\u0259m\u0259r\u0259li realla\u015fd\u0131r\u0131lmas\u0131 imkanlar\u0131 bar\u0259d\u0259 dan\u0131\u015f\u0131qlar apar\u0131l\u0131b. Sessiyada investisiya iqliminin t\u0259kmill\u0259\u015fdirilm\u0259si istiqam\u0259tind\u0259 h\u0259r iki \u00f6lk\u0259d\u0259 t\u0259tbiq olunan t\u0259cr\u00fcb\u0259l\u0259r, b\u0259rpa olunan enerji, k\u0259nd t\u0259s\u0259rr\u00fcfat\u0131 v\u0259 turizm sektorlar\u0131nda \u0259m\u0259kda\u015fl\u0131\u011f\u0131n g\u00fccl\u0259ndirilm\u0259si, d\u00f6vl\u0259t-\u00f6z\u0259l t\u0259r\u0259fda\u015fl\u0131\u011f\u0131 \u00e7\u0259r\u00e7iv\u0259sind\u0259 birg\u0259 f\u0259aliyy\u0259t \u00fc\u00e7\u00fcn u\u011furlu modell\u0259rinin v\u0259 potensial sah\u0259l\u0259rin m\u00fc\u0259yy\u0259nl\u0259\u015fdirilm\u0259si m\u0259s\u0259l\u0259l\u0259ri m\u00fczakir\u0259 olunub.<\/p>\n","protected":false},"excerpt":{"rendered":"<p>Az\u0259rbaycan \u2013 B\u018f\u018f i\u015fg\u00fczar sessiyas\u0131 ke\u00e7irilib Sessiyada \u00f6lk\u0259l\u0259rimizd\u0259 y\u00fcks\u0259k texnologiyalar, k\u0259nd t\u0259s\u0259rr\u00fcfat\u0131, turizm v\u0259 b\u0259rpa olunan enerji sah\u0259l\u0259rinin ortaq t\u0259\u015f\u0259bb\u00fcsl\u0259rl\u0259 art\u0131m\u0131n\u0131n d\u0259st\u0259kl\u0259nm\u0259si \u0259traf\u0131nda fikir m\u00fcbadil\u0259si apar\u0131l\u0131b. Bak\u0131da Az\u0259rbaycan \u2013 Birl\u0259\u015fmi\u015f \u018fr\u0259b \u018fmirlikl\u0259ri (B\u018f\u018f) Nazirl\u0259rinin T\u0259cr\u00fcb\u0259&#8230;<\/p>\n","protected":false},"author":2,"featured_media":25002,"comment_status":"closed","ping_status":"closed","sticky":false,"template":"","format":"standard","meta":{"footnotes":""},"categories":[41],"tags":[],"aioseo_notices":[],"_links":{"self":[{"href":"https:\/\/rockvell.com\/index.php?rest_route=\/wp\/v2\/posts\/25001"}],"collection":[{"href":"https:\/\/rockvell.com\/index.php?rest_route=\/wp\/v2\/posts"}],"about":[{"href":"https:\/\/rockvell.com\/index.php?rest_route=\/wp\/v2\/types\/post"}],"author":[{"embeddable":true,"href":"https:\/\/rockvell.com\/index.php?rest_route=\/wp\/v2\/users\/2"}],"replies":[{"embeddable":true,"href":"https:\/\/rockvell.com\/index.php?rest_route=%2Fwp%2Fv2%2Fcomments&post=25001"}],"version-history":[{"count":1,"href":"https:\/\/rockvell.com\/index.php?rest_route=\/wp\/v2\/posts\/25001\/revisions"}],"predecessor-version":[{"id":25003,"href":"https:\/\/rockvell.com\/index.php?rest_route=\/wp\/v2\/posts\/25001\/revisions\/25003"}],"wp:featuredmedia":[{"embeddable":true,"href":"https:\/\/rockvell.com\/index.php?rest_route=\/wp\/v2\/media\/25002"}],"wp:attachment":[{"href":"https:\/\/rockvell.com\/index.php?rest_route=%2Fwp%2Fv2%2Fmedia&parent=25001"}],"wp:term":[{"taxonomy":"category","embeddable":true,"href":"https:\/\/rockvell.com\/index.php?rest_route=%2Fwp%2Fv2%2Fcategories&post=25001"},{"taxonomy":"post_tag","embeddable":true,"href":"https:\/\/rockvell.com\/index.php?rest_route=%2Fwp%2Fv2%2Ftags&post=25001"}],"curies":[{"name":"wp","href":"https:\/\/api.w.org\/{rel}","templated":true}]}}