{"id":25004,"date":"2024-06-14T08:00:00","date_gmt":"2024-06-14T05:00:00","guid":{"rendered":"https:\/\/rockvell.com\/?p=25004"},"modified":"2024-06-14T14:47:43","modified_gmt":"2024-06-14T11:47:43","slug":"az%c9%99rbaycan-dili-uzr%c9%99-natiqlik-cempionatina-qeydiyyat-basladi","status":"publish","type":"post","link":"https:\/\/rockvell.com\/?p=25004","title":{"rendered":"Az\u0259rbaycan dili \u00fczr\u0259 natiqlik \u00e7empionat\u0131na qeydiyyat ba\u015flad\u0131"},"content":{"rendered":"\n<p class=\"has-medium-font-size\"><strong>Az\u0259rbaycan dili \u00fczr\u0259 natiqlik \u00e7empionat\u0131na qeydiyyat ba\u015flad\u0131<\/strong><\/p>\n\n\n\n<p>Az\u0259rbaycan dilinin inki\u015faf\u0131na t\u00f6hf\u0259 m\u0259qs\u0259dil\u0259 \u201cDiksiya Akademiyas\u0131\u201d n\u00f6vb\u0259ti d\u0259f\u0259 &#8220;Ana dilind\u0259 hekay\u0259ni dan\u0131\u015f&#8221; adl\u0131 natiqlik \u00e7empionat\u0131n\u0131 elan edir. D\u00f6rd\u00fcnc\u00fc d\u0259f\u0259 ke\u00e7iril\u0259c\u0259k \u00e7empionat g\u0259ncl\u0259rin natiqlik bacar\u0131qlar\u0131n\u0131 n\u00fcmayi\u015f etdirm\u0259l\u0259ri v\u0259 ana dilind\u0259 \u00f6zl\u0259rini ifad\u0259 etm\u0259l\u0259ri \u00fc\u00e7\u00fcn faydal\u0131 platforma t\u0259min etm\u0259k m\u0259qs\u0259di da\u015f\u0131y\u0131r.<\/p>\n\n\n<div class=\"wp-block-image\">\n<figure class=\"aligncenter size-full is-resized\"><img loading=\"lazy\" decoding=\"async\" width=\"800\" height=\"600\" src=\"https:\/\/rockvell.com\/wp-content\/uploads\/2024\/06\/N_800x600.png\" alt=\"\" class=\"wp-image-25005\" style=\"width:435px;height:auto\" srcset=\"https:\/\/rockvell.com\/wp-content\/uploads\/2024\/06\/N_800x600.png 800w, https:\/\/rockvell.com\/wp-content\/uploads\/2024\/06\/N_800x600-300x225.png 300w, https:\/\/rockvell.com\/wp-content\/uploads\/2024\/06\/N_800x600-768x576.png 768w, https:\/\/rockvell.com\/wp-content\/uploads\/2024\/06\/N_800x600-360x270.png 360w\" sizes=\"(max-width: 800px) 100vw, 800px\" \/><\/figure><\/div>\n\n\n<p>\u201cNar\u201d\u0131n \u0259sas d\u0259st\u0259yi il\u0259 \u00fc\u00e7 ay \u0259rzind\u0259 davam ed\u0259c\u0259k &#8220;Ana dilind\u0259 hekay\u0259ni dan\u0131\u015f&#8221; natiqlik \u00e7empionat\u0131nda i\u015ftirak\u00e7\u0131lara h\u0259rt\u0259r\u0259fli natiqlik t\u0259liml\u0259ri ke\u00e7iril\u0259c\u0259k v\u0259 \u00fcnsiyy\u0259t bacar\u0131qlar\u0131n\u0131 inki\u015faf etdirm\u0259l\u0259ri \u00fc\u00e7\u00fcn \u015f\u0259rait yarad\u0131lacaq. M\u00fcsabiq\u0259nin \u015f\u0259rtl\u0259ri bar\u0259d\u0259 \u0259trafl\u0131 m\u0259lumat\u0131 bu <a href=\"https:\/\/www.instagram.com\/p\/C8HjQtMtu0t\/?img_index=1\" target=\"_blank\" rel=\"noopener\" title=\"\">linkd\u0259n<\/a> oxuya bil\u0259rsiniz.<\/p>\n\n\n\n<p>\u201cNar\u201d ana dilimizin inki\u015faf\u0131na y\u00f6n\u0259lik layih\u0259l\u0259ri d\u0259st\u0259kl\u0259m\u0259kl\u0259 Az\u0259rbaycan m\u0259d\u0259niyy\u0259tinin qorunub saxlanmas\u0131na v\u0259 t\u0259bli\u011fin\u0259 f\u0259al t\u00f6hf\u0259 verir, eyni zamanda g\u0259l\u0259c\u0259k n\u0259sl\u0259 \u00fcnsiyy\u0259td\u0259 v\u0259 \u00f6z\u00fcn\u00fcifad\u0259d\u0259 \u00fcst\u00fcn olma\u011fa imkan yarad\u0131r. Mobil operatorun korporativ sosial m\u0259suliyy\u0259t sah\u0259sind\u0259 ger\u00e7\u0259kl\u0259\u015fdirdiyi layih\u0259l\u0259rl\u0259 <a href=\"https:\/\/www.nar.az\/senin-ucun\/xeberler?page=1&amp;category=Layih%C9%99l%C9%99r\" target=\"_blank\" rel=\"noopener\" title=\"\">nar.az \u00a0<\/a>s\u0259hif\u0259sind\u0259n \u0259trafl\u0131 m\u0259lumat \u0259ld\u0259 ed\u0259 bil\u0259rsiniz.<\/p>\n\n\n\n<p><strong>Haz\u0131rda 2,2 milyon abun\u0259\u00e7iy\u0259 y\u00fcks\u0259k keyfiyy\u0259tli rabit\u0259 xidm\u0259tl\u0259ri g\u00f6st\u0259r\u0259n \u201cNar\u201d son 5 ild\u0259 M\u00fc\u015ft\u0259ri Loyall\u0131\u011f\u0131 \u0130ndeksin\u0259 g\u00f6r\u0259 \u00f6lk\u0259d\u0259 lider mobil operatordur. Mobil operator m\u00fc\u015ft\u0259riy\u00f6n\u00fcml\u00fcl\u00fck strategiyas\u0131na sadiq qalaraq s\u0259rf\u0259li qiym\u0259t qar\u015f\u0131l\u0131\u011f\u0131nda \u00fcst\u00fcn xidm\u0259t t\u0259qdim edir.<\/strong><\/p>\n","protected":false},"excerpt":{"rendered":"<p>Az\u0259rbaycan dili \u00fczr\u0259 natiqlik \u00e7empionat\u0131na qeydiyyat ba\u015flad\u0131 Az\u0259rbaycan dilinin inki\u015faf\u0131na t\u00f6hf\u0259 m\u0259qs\u0259dil\u0259 \u201cDiksiya Akademiyas\u0131\u201d n\u00f6vb\u0259ti d\u0259f\u0259 &#8220;Ana dilind\u0259 hekay\u0259ni dan\u0131\u015f&#8221; adl\u0131 natiqlik \u00e7empionat\u0131n\u0131 elan edir. D\u00f6rd\u00fcnc\u00fc d\u0259f\u0259 ke\u00e7iril\u0259c\u0259k \u00e7empionat g\u0259ncl\u0259rin natiqlik bacar\u0131qlar\u0131n\u0131 n\u00fcmayi\u015f etdirm\u0259l\u0259ri v\u0259&#8230;<\/p>\n","protected":false},"author":2,"featured_media":25005,"comment_status":"closed","ping_status":"closed","sticky":false,"template":"","format":"standard","meta":{"footnotes":""},"categories":[46],"tags":[],"aioseo_notices":[],"_links":{"self":[{"href":"https:\/\/rockvell.com\/index.php?rest_route=\/wp\/v2\/posts\/25004"}],"collection":[{"href":"https:\/\/rockvell.com\/index.php?rest_route=\/wp\/v2\/posts"}],"about":[{"href":"https:\/\/rockvell.com\/index.php?rest_route=\/wp\/v2\/types\/post"}],"author":[{"embeddable":true,"href":"https:\/\/rockvell.com\/index.php?rest_route=\/wp\/v2\/users\/2"}],"replies":[{"embeddable":true,"href":"https:\/\/rockvell.com\/index.php?rest_route=%2Fwp%2Fv2%2Fcomments&post=25004"}],"version-history":[{"count":1,"href":"https:\/\/rockvell.com\/index.php?rest_route=\/wp\/v2\/posts\/25004\/revisions"}],"predecessor-version":[{"id":25006,"href":"https:\/\/rockvell.com\/index.php?rest_route=\/wp\/v2\/posts\/25004\/revisions\/25006"}],"wp:featuredmedia":[{"embeddable":true,"href":"https:\/\/rockvell.com\/index.php?rest_route=\/wp\/v2\/media\/25005"}],"wp:attachment":[{"href":"https:\/\/rockvell.com\/index.php?rest_route=%2Fwp%2Fv2%2Fmedia&parent=25004"}],"wp:term":[{"taxonomy":"category","embeddable":true,"href":"https:\/\/rockvell.com\/index.php?rest_route=%2Fwp%2Fv2%2Fcategories&post=25004"},{"taxonomy":"post_tag","embeddable":true,"href":"https:\/\/rockvell.com\/index.php?rest_route=%2Fwp%2Fv2%2Ftags&post=25004"}],"curies":[{"name":"wp","href":"https:\/\/api.w.org\/{rel}","templated":true}]}}