{"id":25050,"date":"2024-06-17T01:00:00","date_gmt":"2024-06-16T22:00:00","guid":{"rendered":"https:\/\/rockvell.com\/?p=25050"},"modified":"2024-06-17T13:20:01","modified_gmt":"2024-06-17T10:20:01","slug":"azad-edilmis-%c9%99razil%c9%99rd%c9%99-f%c9%99aliyy%c9%99t-gost%c9%99r%c9%99n-sahibkarlara-d%c9%99st%c9%99k-mexanizmi","status":"publish","type":"post","link":"https:\/\/rockvell.com\/?p=25050","title":{"rendered":"\u201cAzad edilmi\u015f \u0259razil\u0259rd\u0259 f\u0259aliyy\u0259t g\u00f6st\u0259r\u0259n sahibkarlara d\u0259st\u0259k\u201d mexanizmi"},"content":{"rendered":"\n<p class=\"has-medium-font-size\"><strong>\u201cAzad edilmi\u015f \u0259razil\u0259rd\u0259 f\u0259aliyy\u0259t g\u00f6st\u0259r\u0259n sahibkarlara d\u0259st\u0259k\u201d mexanizminin hans\u0131 \u015f\u0259rtl\u0259ri var?<\/strong><\/p>\n\n\n\n<p>Bu \u015f\u0259rtl\u0259r h\u0259r bir sahibkara maraql\u0131 oldu\u011fundan bu m\u00f6vzuya m\u00fcraci\u0259t etdik.<\/p>\n\n\n\n<p>M\u00f6vzuya Sahibkarl\u0131\u011f\u0131n \u0130nki\u015faf\u0131 Fondunun n\u00fcmay\u0259nd\u0259si Q\u0259m\u0259rcan Xasayzad\u0259 ayd\u0131nl\u0131q g\u0259tirir.<\/p>\n\n\n\n<figure class=\"wp-block-embed aligncenter is-type-video is-provider-youtube wp-block-embed-youtube wp-embed-aspect-16-9 wp-has-aspect-ratio\"><div class=\"wp-block-embed__wrapper\">\n<div class=\"embed-container\"><iframe loading=\"lazy\" title=\"\u201cAzad edilmi\u015f \u0259razil\u0259rd\u0259 f\u0259aliyy\u0259t g\u00f6st\u0259r\u0259n sahibkarlara d\u0259st\u0259k\u201d mexanizminin hans\u0131 \u015f\u0259rtl\u0259ri var?\" width=\"1140\" height=\"641\" src=\"https:\/\/www.youtube.com\/embed\/y0-GV8Rm4qg?feature=oembed\" frameborder=\"0\" allow=\"accelerometer; autoplay; clipboard-write; encrypted-media; gyroscope; picture-in-picture; web-share\" referrerpolicy=\"strict-origin-when-cross-origin\" allowfullscreen><\/iframe><\/div>\n<\/div><\/figure>\n","protected":false},"excerpt":{"rendered":"<p>\u201cAzad edilmi\u015f \u0259razil\u0259rd\u0259 f\u0259aliyy\u0259t g\u00f6st\u0259r\u0259n sahibkarlara d\u0259st\u0259k\u201d mexanizminin hans\u0131 \u015f\u0259rtl\u0259ri var? Bu \u015f\u0259rtl\u0259r h\u0259r bir sahibkara maraql\u0131 oldu\u011fundan bu m\u00f6vzuya m\u00fcraci\u0259t etdik. M\u00f6vzuya Sahibkarl\u0131\u011f\u0131n \u0130nki\u015faf\u0131 Fondunun n\u00fcmay\u0259nd\u0259si Q\u0259m\u0259rcan Xasayzad\u0259 ayd\u0131nl\u0131q g\u0259tirir.<\/p>\n","protected":false},"author":2,"featured_media":12300,"comment_status":"closed","ping_status":"closed","sticky":false,"template":"","format":"standard","meta":{"footnotes":""},"categories":[41],"tags":[],"aioseo_notices":[],"_links":{"self":[{"href":"https:\/\/rockvell.com\/index.php?rest_route=\/wp\/v2\/posts\/25050"}],"collection":[{"href":"https:\/\/rockvell.com\/index.php?rest_route=\/wp\/v2\/posts"}],"about":[{"href":"https:\/\/rockvell.com\/index.php?rest_route=\/wp\/v2\/types\/post"}],"author":[{"embeddable":true,"href":"https:\/\/rockvell.com\/index.php?rest_route=\/wp\/v2\/users\/2"}],"replies":[{"embeddable":true,"href":"https:\/\/rockvell.com\/index.php?rest_route=%2Fwp%2Fv2%2Fcomments&post=25050"}],"version-history":[{"count":1,"href":"https:\/\/rockvell.com\/index.php?rest_route=\/wp\/v2\/posts\/25050\/revisions"}],"predecessor-version":[{"id":25051,"href":"https:\/\/rockvell.com\/index.php?rest_route=\/wp\/v2\/posts\/25050\/revisions\/25051"}],"wp:featuredmedia":[{"embeddable":true,"href":"https:\/\/rockvell.com\/index.php?rest_route=\/wp\/v2\/media\/12300"}],"wp:attachment":[{"href":"https:\/\/rockvell.com\/index.php?rest_route=%2Fwp%2Fv2%2Fmedia&parent=25050"}],"wp:term":[{"taxonomy":"category","embeddable":true,"href":"https:\/\/rockvell.com\/index.php?rest_route=%2Fwp%2Fv2%2Fcategories&post=25050"},{"taxonomy":"post_tag","embeddable":true,"href":"https:\/\/rockvell.com\/index.php?rest_route=%2Fwp%2Fv2%2Ftags&post=25050"}],"curies":[{"name":"wp","href":"https:\/\/api.w.org\/{rel}","templated":true}]}}