{"id":26862,"date":"2024-08-09T03:00:00","date_gmt":"2024-08-09T00:00:00","guid":{"rendered":"https:\/\/rockvell.com\/?p=26862"},"modified":"2024-08-09T09:06:35","modified_gmt":"2024-08-09T06:06:35","slug":"kapital-bank-t%c9%99hsilin-inkisafi-fondu-v%c9%99-visa-sirk%c9%99ti-arasinda-memorandum-imzalandi","status":"publish","type":"post","link":"https:\/\/rockvell.com\/?p=26862","title":{"rendered":"Kapital Bank,\u00a0 T\u0259hsilin \u0130nki\u015faf\u0131 Fondu v\u0259 \u201cVisa\u201d \u015firk\u0259ti aras\u0131nda memorandum imzaland\u0131"},"content":{"rendered":"\n<p class=\"has-medium-font-size\"><strong>Kapital Bank,\u00a0 T\u0259hsilin \u0130nki\u015faf\u0131 Fondu v\u0259 \u201cVisa\u201d \u015firk\u0259ti aras\u0131nda memorandum imzaland\u0131<\/strong><\/p>\n\n\n\n<p>Korporativ Sosial M\u0259suliyy\u0259t strategiyas\u0131na \u0259sas\u0259n h\u0259r zaman t\u0259hsilin inki\u015faf\u0131na d\u0259st\u0259k m\u0259qs\u0259dil\u0259 ke\u00e7iril\u0259n layih\u0259l\u0259rd\u0259 yer alan Kapital Bank daha bir t\u0259\u015f\u0259bb\u00fcsl\u0259 yadda qal\u0131b. Bel\u0259 ki, \u00f6t\u0259n g\u00fcn Kapital Bank, T\u0259hsilin \u0130nki\u015faf\u0131 Fondu v\u0259 \u201cVisa\u201d beyn\u0259lxalq \u00f6d\u0259m\u0259 texnologiyalar\u0131 \u015firk\u0259ti aras\u0131nda memorandum imzalan\u0131b.<\/p>\n\n\n\n<p>S\u0259n\u0259di Kapital Bank-\u0131n \u0130dar\u0259 Hey\u0259tinin \u00fczv\u00fc F\u0259rid Hiday\u0259tzad\u0259, T\u0259hsilin \u0130nki\u015faf\u0131 Fondunun \u0130dar\u0259 Hey\u0259tinin s\u0259dri Elnur N\u0259sibov v\u0259 \u201cVisa\u201d \u015firk\u0259tinin Az\u0259rbaycan \u00fczr\u0259 \u00f6lk\u0259 meneceri, Ba\u015f direktor Nurlan Hac\u0131yev imzalay\u0131blar.<\/p>\n\n\n<div class=\"wp-block-image\">\n<figure class=\"aligncenter size-large is-resized\"><img loading=\"lazy\" decoding=\"async\" width=\"1024\" height=\"1024\" src=\"https:\/\/rockvell.com\/wp-content\/uploads\/2024\/08\/KB-TIF-1x1-1-1024x1024.png\" alt=\"\" class=\"wp-image-26863\" style=\"width:450px;height:auto\" srcset=\"https:\/\/rockvell.com\/wp-content\/uploads\/2024\/08\/KB-TIF-1x1-1-1024x1024.png 1024w, https:\/\/rockvell.com\/wp-content\/uploads\/2024\/08\/KB-TIF-1x1-1-300x300.png 300w, https:\/\/rockvell.com\/wp-content\/uploads\/2024\/08\/KB-TIF-1x1-1-150x150.png 150w, https:\/\/rockvell.com\/wp-content\/uploads\/2024\/08\/KB-TIF-1x1-1-768x768.png 768w, https:\/\/rockvell.com\/wp-content\/uploads\/2024\/08\/KB-TIF-1x1-1-1536x1536.png 1536w, https:\/\/rockvell.com\/wp-content\/uploads\/2024\/08\/KB-TIF-1x1-1-360x360.png 360w, https:\/\/rockvell.com\/wp-content\/uploads\/2024\/08\/KB-TIF-1x1-1.png 2000w\" sizes=\"(max-width: 1024px) 100vw, 1024px\" \/><\/figure><\/div>\n\n\n<p>Memoranduma \u0259sas\u0259n t\u0259l\u0259b\u0259l\u0259r\u0259 yeni \u201cT\u0259l\u0259b\u0259+\u201d kart\u0131 t\u0259qdim edil\u0259c\u0259k. Bu kartla t\u0259l\u0259b\u0259l\u0259r sosial layih\u0259l\u0259rd\u0259 i\u015ftirak etm\u0259k, y\u00fczl\u0259rl\u0259 partnyor ma\u011fazalar\u0131nda endiriml\u0259rd\u0259n yararlanmaq v\u0259 Birbank mobil t\u0259tbiqind\u0259 kart x\u0259rcl\u0259rin\u0259 n\u0259zar\u0259t etm\u0259k f\u00fcrs\u0259ti \u0259ld\u0259 ed\u0259c\u0259kl\u0259r. G\u0259ncl\u0259rin maliyy\u0259 savadl\u0131l\u0131\u011f\u0131n\u0131n art\u0131r\u0131lmas\u0131na y\u00f6n\u0259l\u0259n layih\u0259 il\u0259 ba\u011fl\u0131 g\u00f6zl\u0259ntil\u0259r olduqca b\u00f6y\u00fckd\u00fcr.<\/p>\n\n\n\n<p>Bu haqda bank\u0131n r\u0259smisi F\u0259rid Hiday\u0259tzad\u0259 \u00e7\u0131x\u0131\u015f\u0131nda da qeyd edib: \u201cKapital Bank olaraq bu t\u0259\u015f\u0259bb\u00fcs\u0259 imza atmaqla bir daha t\u0259hsilin v\u0259 g\u0259nc n\u0259slin inki\u015faf\u0131nda maraql\u0131 oldu\u011fumuzu ifad\u0259 edirik. \u00d6lk\u0259nin \u0259n b\u00f6y\u00fck i\u015f\u0259g\u00f6t\u00fcr\u0259n maliyy\u0259 qurumlar\u0131ndan biri olaraq bu kimi layih\u0259l\u0259rl\u0259 biz h\u0259m d\u0259 \u0259m\u0259k bazar\u0131na investisiya etmi\u015f oluruq. Biz yax\u015f\u0131 bilirik ki, bu g\u00fcn\u00fcn t\u0259hsilli g\u0259ncl\u0259ri, g\u0259l\u0259c\u0259yin pe\u015f\u0259kar m\u00fct\u0259x\u0259ssisl\u0259ridir. M\u00fcasir d\u00f6vrd\u0259 is\u0259 ist\u0259nil\u0259n sah\u0259d\u0259, x\u00fcsus\u0259n d\u0259 bank sektorunda bilikli m\u00fct\u0259x\u0259ssisl\u0259r\u0259 ehtiyac var. Biz bu g\u00fcn investisiya etdiyimiz h\u0259r bir g\u0259nci g\u0259l\u0259c\u0259k h\u0259mkar\u0131m\u0131z kimi d\u0259y\u0259rl\u0259ndiririk\u201d.<\/p>\n\n\n\n<p>T\u0259hsilin \u0130nki\u015faf\u0131 Fondunun \u0130dar\u0259 Hey\u0259tinin s\u0259dri Elnur N\u0259sibov bu t\u0259r\u0259fda\u015fl\u0131\u011f\u0131n &nbsp;t\u0259l\u0259b\u0259l\u0259rin g\u00fcnd\u0259lik h\u0259yat\u0131n\u0131 asanla\u015fd\u0131rmaq v\u0259 onlara m\u00fcxt\u0259lif imtiyazlar t\u0259qdim etm\u0259kl\u0259 yana\u015f\u0131, r\u0259q\u0259msal texnologiyalar\u0131n t\u0259hsild\u0259 geni\u015f t\u0259tbiqini t\u0259min etm\u0259k m\u0259qs\u0259di da\u015f\u0131d\u0131\u011f\u0131n\u0131 qeyd edib.<\/p>\n\n\n\n<p>Nurlan Hac\u0131yev is\u0259 \u015firk\u0259t olaraq layih\u0259nin bir hiss\u0259si olmaqdan m\u0259mnun olduqlar\u0131n\u0131 v\u0259 b\u00fct\u00fcn t\u0259l\u0259b\u0259l\u0259ri \u0259hat\u0259 ed\u0259c\u0259k layih\u0259nin \u0259h\u0259miyy\u0259tind\u0259n dan\u0131\u015f\u0131b.&nbsp;<\/p>\n\n\n\n<p>Qeyd ed\u0259k ki, \u201cT\u0259l\u0259b\u0259+\u201d kart\u0131n\u0131n avantajlar\u0131, t\u0259l\u0259b\u0259l\u0259r\u0259 yaratd\u0131\u011f\u0131 imkanlar v\u0259 dig\u0259r x\u00fcsusiyy\u0259tl\u0259ri haqq\u0131nda \u0259n q\u0131sa zamanda m\u0259lumat veril\u0259c\u0259k.<\/p>\n\n\n\n<p>\u00d6lk\u0259nin birinci bank\u0131 olan Kapital Bank PA\u015eA Holding-\u0259 daxildir v\u0259 Az\u0259rbaycanda \u0259n b\u00f6y\u00fck filial \u015f\u0259b\u0259k\u0259si, 119 filial\u0131 v\u0259 53 \u015f\u00f6b\u0259si il\u0259 m\u00fc\u015ft\u0259ril\u0259rin xidm\u0259tind\u0259dir. Bank\u0131n m\u0259hsul v\u0259 xidm\u0259tl\u0259ri bar\u0259d\u0259 daha \u0259trafl\u0131 m\u0259lumat almaq \u00fc\u00e7\u00fcn <a href=\"https:\/\/kapitalbank.az\" target=\"_blank\" rel=\"noopener\" title=\"\">https:\/\/kapitalbank.az<\/a> sayt\u0131na, 196 Sor\u011fu M\u0259rk\u0259zin\u0259 v\u0259 ya Bank\u0131n m\u00fcxt\u0259lif sosial \u015f\u0259b\u0259k\u0259l\u0259rd\u0259 olan s\u0259hif\u0259l\u0259rin\u0259 m\u00fcraci\u0259t ed\u0259 bil\u0259rsiniz. Na\u011fd pul krediti sifari\u015fi \u00fc\u00e7\u00fcn\u2014 <a href=\"https:\/\/kbl.az\/prgtk\" target=\"_blank\" rel=\"noopener\" title=\"\">https:\/\/kbl.az\/prgtk<\/a>, Birbank kart\u0131 sifari\u015fi \u00fc\u00e7\u00fcn \u2014 <a href=\"https:\/\/kbl.az\/prcrc\" target=\"_blank\" rel=\"noopener\" title=\"\">https:\/\/kbl.az\/prcrc<\/a>.<\/p>\n","protected":false},"excerpt":{"rendered":"<p>Kapital Bank,\u00a0 T\u0259hsilin \u0130nki\u015faf\u0131 Fondu v\u0259 \u201cVisa\u201d \u015firk\u0259ti aras\u0131nda memorandum imzaland\u0131 Korporativ Sosial M\u0259suliyy\u0259t strategiyas\u0131na \u0259sas\u0259n h\u0259r zaman t\u0259hsilin inki\u015faf\u0131na d\u0259st\u0259k m\u0259qs\u0259dil\u0259 ke\u00e7iril\u0259n layih\u0259l\u0259rd\u0259 yer alan Kapital Bank daha bir t\u0259\u015f\u0259bb\u00fcsl\u0259 yadda qal\u0131b. Bel\u0259 ki,&#8230;<\/p>\n","protected":false},"author":2,"featured_media":26863,"comment_status":"closed","ping_status":"closed","sticky":false,"template":"","format":"standard","meta":{"footnotes":""},"categories":[41],"tags":[],"aioseo_notices":[],"_links":{"self":[{"href":"https:\/\/rockvell.com\/index.php?rest_route=\/wp\/v2\/posts\/26862"}],"collection":[{"href":"https:\/\/rockvell.com\/index.php?rest_route=\/wp\/v2\/posts"}],"about":[{"href":"https:\/\/rockvell.com\/index.php?rest_route=\/wp\/v2\/types\/post"}],"author":[{"embeddable":true,"href":"https:\/\/rockvell.com\/index.php?rest_route=\/wp\/v2\/users\/2"}],"replies":[{"embeddable":true,"href":"https:\/\/rockvell.com\/index.php?rest_route=%2Fwp%2Fv2%2Fcomments&post=26862"}],"version-history":[{"count":1,"href":"https:\/\/rockvell.com\/index.php?rest_route=\/wp\/v2\/posts\/26862\/revisions"}],"predecessor-version":[{"id":26864,"href":"https:\/\/rockvell.com\/index.php?rest_route=\/wp\/v2\/posts\/26862\/revisions\/26864"}],"wp:featuredmedia":[{"embeddable":true,"href":"https:\/\/rockvell.com\/index.php?rest_route=\/wp\/v2\/media\/26863"}],"wp:attachment":[{"href":"https:\/\/rockvell.com\/index.php?rest_route=%2Fwp%2Fv2%2Fmedia&parent=26862"}],"wp:term":[{"taxonomy":"category","embeddable":true,"href":"https:\/\/rockvell.com\/index.php?rest_route=%2Fwp%2Fv2%2Fcategories&post=26862"},{"taxonomy":"post_tag","embeddable":true,"href":"https:\/\/rockvell.com\/index.php?rest_route=%2Fwp%2Fv2%2Ftags&post=26862"}],"curies":[{"name":"wp","href":"https:\/\/api.w.org\/{rel}","templated":true}]}}