{"id":26865,"date":"2024-08-09T04:00:00","date_gmt":"2024-08-09T01:00:00","guid":{"rendered":"https:\/\/rockvell.com\/?p=26865"},"modified":"2024-08-09T09:22:37","modified_gmt":"2024-08-09T06:22:37","slug":"az%c9%99rbaycan-s%c9%99naye-korporasiyasi-asc-it-sisteml%c9%99rini-qism%c9%99n-hokum%c9%99t-buluduna-kocurub","status":"publish","type":"post","link":"https:\/\/rockvell.com\/?p=26865","title":{"rendered":"\u201cAz\u0259rbaycan S\u0259naye Korporasiyas\u0131\u201d ASC \u0130T sisteml\u0259rini qism\u0259n \u201cH\u00f6kum\u0259t buludu\u201dna k\u00f6\u00e7\u00fcr\u00fcb"},"content":{"rendered":"\n<p class=\"has-medium-font-size\"><strong>\u201cAz\u0259rbaycan S\u0259naye Korporasiyas\u0131\u201d ASC \u0130T sisteml\u0259rini qism\u0259n \u201cH\u00f6kum\u0259t buludu\u201dna k\u00f6\u00e7\u00fcr\u00fcb<\/strong><\/p>\n\n\n\n<p>\u201cH\u00f6kum\u0259t buludu\u201dnun (G-cloud) yarad\u0131lmas\u0131 v\u0259 \u201cbulud\u201d xidm\u0259tl\u0259rinin g\u00f6st\u0259rilm\u0259si sah\u0259sind\u0259 t\u0259dbirl\u0259r haqq\u0131nda\u201d Az\u0259rbaycan Respublikas\u0131n\u0131n Prezidenti \u0130lham \u018fliyevin 2019-cu il 3 iyun tarixli 718 n\u00f6mr\u0259li F\u0259rman\u0131n\u0131n icras\u0131 davam etdirilir.<\/p>\n\n\n<div class=\"wp-block-image\">\n<figure class=\"aligncenter size-large is-resized\"><img loading=\"lazy\" decoding=\"async\" width=\"1024\" height=\"687\" src=\"https:\/\/rockvell.com\/wp-content\/uploads\/2024\/08\/ASK-banner-AZE-1610x1080px-1024x687.jpg\" alt=\"\" class=\"wp-image-26866\" style=\"width:463px;height:auto\" srcset=\"https:\/\/rockvell.com\/wp-content\/uploads\/2024\/08\/ASK-banner-AZE-1610x1080px-1024x687.jpg 1024w, https:\/\/rockvell.com\/wp-content\/uploads\/2024\/08\/ASK-banner-AZE-1610x1080px-300x201.jpg 300w, https:\/\/rockvell.com\/wp-content\/uploads\/2024\/08\/ASK-banner-AZE-1610x1080px-768x515.jpg 768w, https:\/\/rockvell.com\/wp-content\/uploads\/2024\/08\/ASK-banner-AZE-1610x1080px-1536x1030.jpg 1536w, https:\/\/rockvell.com\/wp-content\/uploads\/2024\/08\/ASK-banner-AZE-1610x1080px-360x241.jpg 360w, https:\/\/rockvell.com\/wp-content\/uploads\/2024\/08\/ASK-banner-AZE-1610x1080px.jpg 1610w\" sizes=\"(max-width: 1024px) 100vw, 1024px\" \/><\/figure><\/div>\n\n\n<p>F\u0259rman\u0131n icras\u0131 \u00e7\u0259r\u00e7iv\u0259sind\u0259 informasiya sisteml\u0259ri v\u0259 ehtiyatlar\u0131n\u0131 \u201cH\u00f6kum\u0259t buludu\u201dna k\u00f6\u00e7\u00fcr\u0259n n\u00f6vb\u0259ti d\u00f6vl\u0259t qurumu \u201cAz\u0259rbaycan S\u0259naye Korporasiyas\u0131\u201d A\u00e7\u0131q S\u0259hmdar C\u0259miyy\u0259ti (\u201cASK\u201d ASC) olub. ASC \u00f6z informasiya sisteml\u0259ri v\u0259 ehtiyatlar\u0131n\u0131 R\u0259q\u0259msal \u0130nki\u015faf v\u0259 N\u0259qliyyat Nazirliyinin (R\u0130NN) tabeliyind\u0259ki \u201cAznTelecom\u201d MMC-y\u0259 m\u0259xsus Bak\u0131 Data M\u0259rk\u0259zin\u0259 qism\u0259n yerl\u0259\u015fdirib. Az\u0259rbaycan S\u0259naye Korporasiyas\u0131 \u201cAzInTelecom\u201dun t\u0259qdim etdiyi Virtual server \u2013 IaaS (\u0130nfrastructure-as-a-Service) v\u0259 Rezervl\u0259nm\u0259 \u2013 BaaS (Backup-as-a-Service) \u201cbulud\u201d xidm\u0259tl\u0259rini \u0259ld\u0259 edib. ASK, h\u0259m\u00e7inin \u201cAzInTelecom\u201d &nbsp;t\u0259r\u0259find\u0259n lisenziyal\u0131 \u201cMicrosoft\u201d m\u0259hsullar\u0131 il\u0259 t\u0259min olunub. D\u00f6vl\u0259t qurumu \u0130T sisteml\u0259rini \u201cH\u00f6kum\u0259t buludu\u201dna yerl\u0259\u015fdirm\u0259kl\u0259 kritik sisteml\u0259rin y\u00fcks\u0259k \u0259l\u00e7atanl\u0131\u011f\u0131n\u0131 t\u0259min edib.<\/p>\n\n\n\n<p>M\u0259lumat \u00fc\u00e7\u00fcn bildir\u0259k ki, \u201cASK\u201d ASC-nin informasiya sisteml\u0259ri 2019-cu ild\u0259n etibar\u0259n \u201cAzInTelecom\u201d MMC-y\u0259 m\u0259xsus Data M\u0259rk\u0259zin\u0259 yerl\u0259\u015fdirilib.<\/p>\n\n\n\n<p>Qeyd ed\u0259k ki, R\u0130NN t\u0259r\u0259find\u0259n h\u0259yata ke\u00e7iril\u0259n \u201cH\u00f6kum\u0259t buludu\u201d layih\u0259sinin icra\u00e7\u0131s\u0131 nazirliyin tabeliyind\u0259ki \u201cAzInTelecom\u201d MMC-dir. Layih\u0259 \u00e7\u0259r\u00e7iv\u0259sind\u0259 d\u00f6vl\u0259t qurumlar\u0131n\u0131n \u0130T sisteml\u0259rinin \u201cAzInTelecom\u201da m\u0259xsus Bak\u0131 v\u0259 Yevlax Data m\u0259rk\u0259zl\u0259rin\u0259 tam v\u0259 ya qism\u0259n miqrasiyas\u0131 h\u0259yata ke\u00e7irilir. D\u00f6vl\u0259t qurumlar\u0131n\u0131n \u201cH\u00f6kum\u0259t buludu\u201dna miqrasiyas\u0131 il\u0259 cari \u0130T x\u0259rcl\u0259ri azal\u0131r v\u0259 informasiya sisteml\u0259rinin m\u0259hsuldarl\u0131\u011f\u0131 art\u0131r. Bel\u0259likl\u0259, informasiya sisteml\u0259rinin t\u0259hl\u00fck\u0259sizliyinin daha da t\u0259kmill\u0259\u015fdirilm\u0259sin\u0259, sabit v\u0259 dayan\u0131ql\u0131 \u0130T infrastrukturuna, operativ koordinasiya il\u0259 y\u00fcks\u0259kkeyfiyy\u0259tli servis t\u0259minat\u0131 v\u0259 24\/7 monitorinq xidm\u0259tin\u0259 nail olunur.<\/p>\n\n\n\n<p>\u201cAzInTelecom\u201d MMC Az\u0259rbaycan v\u0259 C\u0259nubi Qafqaz regionunda \u201cTIER III\u201d beyn\u0259lxalq uy\u011funluq sertifikat\u0131na malik ilk qurumdur. \u015eirk\u0259t\u0259 m\u0259xsus Data m\u0259rk\u0259zl\u0259ri, h\u0259m\u00e7inin \u201cISO 20000\u201d, \u201cISO 22301\u201d v\u0259 \u201cISO 27001\u201d sertifikatlar\u0131n\u0131n t\u0259l\u0259bl\u0259rini \u00f6d\u0259yir.<\/p>\n","protected":false},"excerpt":{"rendered":"<p>\u201cAz\u0259rbaycan S\u0259naye Korporasiyas\u0131\u201d ASC \u0130T sisteml\u0259rini qism\u0259n \u201cH\u00f6kum\u0259t buludu\u201dna k\u00f6\u00e7\u00fcr\u00fcb \u201cH\u00f6kum\u0259t buludu\u201dnun (G-cloud) yarad\u0131lmas\u0131 v\u0259 \u201cbulud\u201d xidm\u0259tl\u0259rinin g\u00f6st\u0259rilm\u0259si sah\u0259sind\u0259 t\u0259dbirl\u0259r haqq\u0131nda\u201d Az\u0259rbaycan Respublikas\u0131n\u0131n Prezidenti \u0130lham \u018fliyevin 2019-cu il 3 iyun tarixli 718 n\u00f6mr\u0259li F\u0259rman\u0131n\u0131n icras\u0131&#8230;<\/p>\n","protected":false},"author":2,"featured_media":26866,"comment_status":"closed","ping_status":"closed","sticky":false,"template":"","format":"standard","meta":{"footnotes":""},"categories":[10],"tags":[],"aioseo_notices":[],"_links":{"self":[{"href":"https:\/\/rockvell.com\/index.php?rest_route=\/wp\/v2\/posts\/26865"}],"collection":[{"href":"https:\/\/rockvell.com\/index.php?rest_route=\/wp\/v2\/posts"}],"about":[{"href":"https:\/\/rockvell.com\/index.php?rest_route=\/wp\/v2\/types\/post"}],"author":[{"embeddable":true,"href":"https:\/\/rockvell.com\/index.php?rest_route=\/wp\/v2\/users\/2"}],"replies":[{"embeddable":true,"href":"https:\/\/rockvell.com\/index.php?rest_route=%2Fwp%2Fv2%2Fcomments&post=26865"}],"version-history":[{"count":1,"href":"https:\/\/rockvell.com\/index.php?rest_route=\/wp\/v2\/posts\/26865\/revisions"}],"predecessor-version":[{"id":26867,"href":"https:\/\/rockvell.com\/index.php?rest_route=\/wp\/v2\/posts\/26865\/revisions\/26867"}],"wp:featuredmedia":[{"embeddable":true,"href":"https:\/\/rockvell.com\/index.php?rest_route=\/wp\/v2\/media\/26866"}],"wp:attachment":[{"href":"https:\/\/rockvell.com\/index.php?rest_route=%2Fwp%2Fv2%2Fmedia&parent=26865"}],"wp:term":[{"taxonomy":"category","embeddable":true,"href":"https:\/\/rockvell.com\/index.php?rest_route=%2Fwp%2Fv2%2Fcategories&post=26865"},{"taxonomy":"post_tag","embeddable":true,"href":"https:\/\/rockvell.com\/index.php?rest_route=%2Fwp%2Fv2%2Ftags&post=26865"}],"curies":[{"name":"wp","href":"https:\/\/api.w.org\/{rel}","templated":true}]}}