{"id":26885,"date":"2024-08-09T08:00:00","date_gmt":"2024-08-09T05:00:00","guid":{"rendered":"https:\/\/rockvell.com\/?p=26885"},"modified":"2024-08-09T14:22:21","modified_gmt":"2024-08-09T11:22:21","slug":"qarabagin-davamli-inkisafi-ucun-g%c9%99ncl%c9%99rin-bacariqlari-artirilib","status":"publish","type":"post","link":"https:\/\/rockvell.com\/?p=26885","title":{"rendered":"\u00a0Qaraba\u011f\u0131n davaml\u0131 inki\u015faf\u0131 \u00fc\u00e7\u00fcn g\u0259ncl\u0259rin bacar\u0131qlar\u0131 art\u0131r\u0131l\u0131b"},"content":{"rendered":"\n<p class=\"has-medium-font-size\"><strong>\u00a0Qaraba\u011f\u0131n davaml\u0131 inki\u015faf\u0131 \u00fc\u00e7\u00fcn g\u0259ncl\u0259rin bacar\u0131qlar\u0131 art\u0131r\u0131l\u0131b<\/strong><\/p>\n\n\n\n<p>8 avqust 2024-c\u00fc il tarixind\u0259 Bak\u0131 Konqres M\u0259rk\u0259zind\u0259 \u201cB\u00f6y\u00fck Qay\u0131d\u0131\u015f\u201d G\u0259ncl\u0259r T\u0259\u015fkilat\u0131 t\u0259r\u0259find\u0259n Az\u0259rbaycan Respublikas\u0131n\u0131n G\u0259ncl\u0259r Fondunun v\u0259 UNICEF-in Az\u0259rbaycan N\u00fcmay\u0259nd\u0259liyinin d\u0259st\u0259yi il\u0259 h\u0259yata ke\u00e7iril\u0259n \u201cQaraba\u011f\u0131n davaml\u0131 inki\u015faf\u0131 \u00fc\u00e7\u00fcn g\u0259ncl\u0259rin bacar\u0131qlar\u0131n\u0131n art\u0131r\u0131lmas\u0131\u201d layih\u0259sinin yekunlar\u0131na h\u0259sr olunmu\u015f t\u0259dbir ke\u00e7irilib.<\/p>\n\n\n<div class=\"wp-block-image\">\n<figure class=\"aligncenter size-large is-resized\"><img loading=\"lazy\" decoding=\"async\" width=\"1024\" height=\"672\" src=\"https:\/\/rockvell.com\/wp-content\/uploads\/2024\/08\/1-1024x672.jpeg\" alt=\"\" class=\"wp-image-26886\" style=\"width:463px;height:auto\" srcset=\"https:\/\/rockvell.com\/wp-content\/uploads\/2024\/08\/1-1024x672.jpeg 1024w, https:\/\/rockvell.com\/wp-content\/uploads\/2024\/08\/1-300x197.jpeg 300w, https:\/\/rockvell.com\/wp-content\/uploads\/2024\/08\/1-768x504.jpeg 768w, https:\/\/rockvell.com\/wp-content\/uploads\/2024\/08\/1-1536x1008.jpeg 1536w, https:\/\/rockvell.com\/wp-content\/uploads\/2024\/08\/1-2048x1344.jpeg 2048w, https:\/\/rockvell.com\/wp-content\/uploads\/2024\/08\/1-360x236.jpeg 360w\" sizes=\"(max-width: 1024px) 100vw, 1024px\" \/><\/figure><\/div>\n\n\n<p>T\u0259dbird\u0259 G\u0259ncl\u0259r Fondunun icra\u00e7\u0131 direktoru v\u0259zif\u0259sini icra ed\u0259n Q\u0259dir X\u0259lilov, UNICEF-in Az\u0259rbaycandak\u0131 n\u00fcmay\u0259nd\u0259si Saja Farooq Abdullah, C\u0259bray\u0131l, Qubadl\u0131 v\u0259 Z\u0259ngilan rayonlar\u0131nda Az\u0259rbaycan Respublikas\u0131 Prezidentinin X\u00fcsusi N\u00fcmay\u0259nd\u0259liyinin b\u00f6y\u00fck m\u0259sl\u0259h\u0259t\u00e7isi Anar \u018fkb\u0259rov, A\u011fdam, F\u00fczuli v\u0259 Xocav\u0259nd rayonlar\u0131nda B\u0259rpa, Tikinti v\u0259 \u0130dar\u0259etm\u0259 Xidm\u0259tinin m\u0259tbuat xidm\u0259tinin r\u0259hb\u0259ri Leyla Sarabi, G\u0259ncl\u0259rin \u0130nki\u015faf v\u0259 Karyera M\u0259rk\u0259zinin ba\u015f direktoru Az\u0259r \u018fliyev, \u201cB\u00f6y\u00fck Qay\u0131d\u0131\u015f\u201d G\u0259ncl\u0259r T\u0259\u015fkilat\u0131n\u0131n s\u0259dri Nail \u015e\u00fck\u00fcrov, t\u0259lim\u00e7il\u0259r, layih\u0259 i\u015ftirak\u00e7\u0131lar\u0131 v\u0259 media n\u00fcmay\u0259nd\u0259l\u0259ri i\u015ftirak edibl\u0259r.<\/p>\n\n\n\n<p>\u201cB\u00f6y\u00fck Qay\u0131d\u0131\u015f\u201d G\u0259ncl\u0259r T\u0259\u015fkilat\u0131n\u0131n s\u0259dri Nail \u015e\u00fck\u00fcrov layih\u0259 il\u0259 ba\u011fl\u0131 hesabat\u0131 t\u0259qdim ed\u0259r\u0259k bildirib ki, layih\u0259 i\u015f\u011faldan azad edilmi\u015f \u0259razil\u0259rd\u0259n olan, ke\u00e7mi\u015f m\u0259cburi k\u00f6\u00e7k\u00fcn g\u0259ncl\u0259rin m\u00fcasir d\u00f6vrd\u0259 t\u0259l\u0259b olunan m\u00fcxt\u0259lif istiqam\u0259tl\u0259r \u00fczr\u0259 z\u0259ruri bilik v\u0259 bacar\u0131qlar\u0131n\u0131n art\u0131r\u0131lmas\u0131 m\u0259qs\u0259dil\u0259 icra olunub. Layih\u0259 \u00e7\u0259r\u00e7iv\u0259sind\u0259 Qay\u0131d\u0131\u015f K\u00f6n\u00fcll\u00fcl\u0259ri \u00fc\u00e7\u00fcn t\u0259liml\u0259r v\u0259 ke\u00e7mi\u015f m\u0259cburi k\u00f6\u00e7k\u00fcn g\u0259ncl\u0259r \u00fc\u00e7\u00fcn \u201cB\u0130L \u2013 Bacar\u0131qlar\u0131n \u0130nki\u015faf\u0131 Layih\u0259si\u201d h\u0259yata ke\u00e7irilib.<\/p>\n\n\n\n<p>\u201cB\u0130L\u201d layih\u0259sind\u0259 pe\u015f\u0259kar t\u0259lim\u00e7il\u0259r t\u0259r\u0259find\u0259n 65 n\u0259f\u0259r Qaraba\u011f v\u0259 \u015e\u0259rqi Z\u0259ng\u0259zur regionundan olan g\u0259nc\u0259 &#8220;\u018fsas H\u0259yat Bacar\u0131qlar\u0131&#8221;, &#8220;R\u0259q\u0259msal bacar\u0131qlar&#8221; v\u0259 &#8220;\u0130\u015fg\u00fczar bacar\u0131qlar&#8221; olmaqla 3 modul \u00fczr\u0259 h\u0259r biri 5 m\u00fcxt\u0259lif m\u00f6vzudan ibar\u0259t t\u0259liml\u0259r ke\u00e7irilib. \u0130\u015ftirak\u00e7\u0131lar \u00f6nc\u0259d\u0259n m\u00fcxt\u0259lif internet resurslar\u0131nda, sosial \u015f\u0259b\u0259k\u0259l\u0259rd\u0259 verilmi\u015f elanlar vasit\u0259sil\u0259 layih\u0259y\u0259 c\u0259lb olunublar. Qeydiyyat bitdikd\u0259n sonra m\u00fcraci\u0259ti m\u00fcsb\u0259t d\u0259y\u0259rl\u0259ndirilmi\u015f g\u0259ncl\u0259r se\u00e7dikl\u0259ri modul \u00fczr\u0259 t\u0259liml\u0259rd\u0259 i\u015ftirak haqq\u0131 qazan\u0131blar.<\/p>\n\n\n\n<p>T\u0259liml\u0259r pe\u015f\u0259kar t\u0259lim\u00e7il\u0259r t\u0259r\u0259find\u0259n \u201c\u0130\u015fg\u00fczar bacar\u0131qlar\u201d modulu \u00fczr\u0259 \u201cKomanda i\u015fi\u201d, \u201cLayih\u0259l\u0259rin yaz\u0131lmas\u0131 v\u0259 idar\u0259edilm\u0259si\u201d, \u201cPe\u015f\u0259kar CV yaz\u0131l\u0131\u015f\u0131 v\u0259 u\u011furlu m\u00fcsahib\u0259\u201d, \u201cVaxt\u0131n d\u00fczg\u00fcn idar\u0259edilm\u0259si\u201d v\u0259 \u201cT\u0259qdimat v\u0259 inand\u0131rma bacar\u0131qlar\u0131\u201d, \u201cR\u0259q\u0259msal bacar\u0131qlar\u201d modulu \u00fczr\u0259 \u201cOnlayn fayllarla i\u015f\u201d, \u201c\u0130nternetd\u0259 m\u0259lumatlar\u0131n saxlan\u0131lmas\u0131 v\u0259 istifad\u0259si\u201d, \u201cSosial \u015f\u0259b\u0259k\u0259l\u0259rd\u0259n pe\u015f\u0259kar istifad\u0259\u201d, \u201cSosial Media Marketinqinin \u0259saslar\u0131\u201d v\u0259 \u201c\u0130nternetd\u0259 \u015f\u0259xsi m\u0259lumatlar\u0131n t\u0259hl\u00fck\u0259sizliyi\u201d, \u201c\u018fsas H\u0259yat Bacar\u0131qlar\u0131\u201d modulu \u00fczr\u0259 is\u0259 \u201cStressin idar\u0259 olunmas\u0131, emosional t\u0259nziml\u0259nm\u0259\u201d, \u201cM\u0259qs\u0259di m\u00fc\u0259yy\u0259nl\u0259\u015fdirm\u0259, q\u0259rar q\u0259bul etm\u0259\u201d, \u201cM\u00fcnasib\u0259tl\u0259rin idar\u0259edilm\u0259si, inaml\u0131 \u00fcnsiyy\u0259t\u201d, \u201cM\u00fcsb\u0259t d\u00fc\u015f\u00fcnm\u0259, empatiya\u201d v\u0259 \u201cF\u0259al dinl\u0259m\u0259, qar\u015f\u0131l\u0131ql\u0131 t\u0259siretm\u0259\u201d m\u00f6vzular\u0131nda h\u0259yata ke\u00e7irilib.<\/p>\n\n\n\n<p>\u201cQaraba\u011f\u0131n davaml\u0131 inki\u015faf\u0131 \u00fc\u00e7\u00fcn g\u0259ncl\u0259rin bacar\u0131qlar\u0131n\u0131n art\u0131r\u0131lmas\u0131\u201d layih\u0259si \u00e7\u0259r\u00e7iv\u0259sind\u0259, h\u0259m\u00e7inin 80 n\u0259f\u0259r Qay\u0131d\u0131\u015f K\u00f6n\u00fcll\u00fcs\u00fcn\u0259 t\u0259liml\u0259r ke\u00e7irilib. T\u0259liml\u0259r zaman\u0131 k\u00f6n\u00fcll\u00fcl\u0259r \u201cKomanda i\u015finin qurulmas\u0131 v\u0259 inki\u015faf\u0131\u201d, \u201cPartlay\u0131c\u0131 sursatlar\u0131n t\u0259hl\u00fck\u0259sin\u0259 dair maarifl\u0259ndirm\u0259\u201d (PSTM), \u201c\u018fsas h\u0259yat bacar\u0131qlar\u0131\u201c v\u0259 \u201c\u0130cma quruculu\u011fu\u201d modullar\u0131 \u00fczr\u0259 t\u0259liml\u0259rd\u0259 f\u0259al i\u015ftirak edibl\u0259r.<\/p>\n\n\n\n<p>Daha sonra t\u0259r\u0259fda\u015f qurumlar\u0131n n\u00fcmay\u0259nd\u0259l\u0259ri \u00e7\u0131x\u0131\u015f ed\u0259r\u0259k layih\u0259nin g\u0259ncl\u0259r \u00fc\u00e7\u00fcn, onlar\u0131n inki\u015faf\u0131 \u00fc\u00e7\u00fcn \u00f6n\u0259mini qeyd edibl\u0259r. Bildirilib ki, layih\u0259 \u201cAz\u0259rbaycan Respublikas\u0131n\u0131n i\u015f\u011faldan azad edilmi\u015f \u0259razil\u0259rin\u0259 B\u00f6y\u00fck Qay\u0131d\u0131\u015fa dair I D\u00f6vl\u0259t Proqram\u0131\u201dn\u0131n icras\u0131na d\u0259st\u0259k olaraq i\u015f\u011faldan azad edilmi\u015f \u0259razil\u0259rin yenid\u0259n dir\u00e7\u0259ldilm\u0259sind\u0259, b\u0259rpa-quruculuq i\u015fl\u0259rind\u0259 i\u015ftirak ed\u0259n k\u00f6n\u00fcll\u00fc g\u0259ncl\u0259rin v\u0259 h\u0259min \u0259razil\u0259rd\u0259n olan dig\u0259r g\u0259ncl\u0259rin z\u0259ruri bilik v\u0259 bacar\u0131qlar\u0131n\u0131 art\u0131rmaq, h\u0259m\u00e7inin inki\u015faf\u0131 istiqam\u0259tind\u0259 f\u0259aliyy\u0259tl\u0259ri h\u0259yata ke\u00e7irm\u0259k, onlar\u0131n yeni icmalara t\u0259hl\u00fck\u0259siz v\u0259 r\u0259van \u015f\u0259kild\u0259 inteqrasiyas\u0131na k\u00f6m\u0259k olmaq bax\u0131m\u0131ndan olduqca \u0259h\u0259miyy\u0259tlidir.<\/p>\n\n\n\n<p>T\u0259dbirin sonunda layih\u0259ni u\u011furla ba\u015fa vuran g\u0259ncl\u0259r sertifikatlarla t\u0259ltif olunub, h\u0259m\u00e7inin layih\u0259nin t\u0259lim\u00e7il\u0259rin\u0259 g\u0259ncl\u0259rin inki\u015faf\u0131na verdikl\u0259ri t\u00f6hf\u0259l\u0259r\u0259 g\u00f6r\u0259 t\u0259\u015f\u0259kk\u00fcrnam\u0259l\u0259r t\u0259qdim edilib.<\/p>\n","protected":false},"excerpt":{"rendered":"<p>\u00a0Qaraba\u011f\u0131n davaml\u0131 inki\u015faf\u0131 \u00fc\u00e7\u00fcn g\u0259ncl\u0259rin bacar\u0131qlar\u0131 art\u0131r\u0131l\u0131b 8 avqust 2024-c\u00fc il tarixind\u0259 Bak\u0131 Konqres M\u0259rk\u0259zind\u0259 \u201cB\u00f6y\u00fck Qay\u0131d\u0131\u015f\u201d G\u0259ncl\u0259r T\u0259\u015fkilat\u0131 t\u0259r\u0259find\u0259n Az\u0259rbaycan Respublikas\u0131n\u0131n G\u0259ncl\u0259r Fondunun v\u0259 UNICEF-in Az\u0259rbaycan N\u00fcmay\u0259nd\u0259liyinin d\u0259st\u0259yi il\u0259 h\u0259yata ke\u00e7iril\u0259n \u201cQaraba\u011f\u0131n davaml\u0131 inki\u015faf\u0131&#8230;<\/p>\n","protected":false},"author":2,"featured_media":26886,"comment_status":"closed","ping_status":"closed","sticky":false,"template":"","format":"standard","meta":{"footnotes":""},"categories":[46],"tags":[],"aioseo_notices":[],"_links":{"self":[{"href":"https:\/\/rockvell.com\/index.php?rest_route=\/wp\/v2\/posts\/26885"}],"collection":[{"href":"https:\/\/rockvell.com\/index.php?rest_route=\/wp\/v2\/posts"}],"about":[{"href":"https:\/\/rockvell.com\/index.php?rest_route=\/wp\/v2\/types\/post"}],"author":[{"embeddable":true,"href":"https:\/\/rockvell.com\/index.php?rest_route=\/wp\/v2\/users\/2"}],"replies":[{"embeddable":true,"href":"https:\/\/rockvell.com\/index.php?rest_route=%2Fwp%2Fv2%2Fcomments&post=26885"}],"version-history":[{"count":1,"href":"https:\/\/rockvell.com\/index.php?rest_route=\/wp\/v2\/posts\/26885\/revisions"}],"predecessor-version":[{"id":26887,"href":"https:\/\/rockvell.com\/index.php?rest_route=\/wp\/v2\/posts\/26885\/revisions\/26887"}],"wp:featuredmedia":[{"embeddable":true,"href":"https:\/\/rockvell.com\/index.php?rest_route=\/wp\/v2\/media\/26886"}],"wp:attachment":[{"href":"https:\/\/rockvell.com\/index.php?rest_route=%2Fwp%2Fv2%2Fmedia&parent=26885"}],"wp:term":[{"taxonomy":"category","embeddable":true,"href":"https:\/\/rockvell.com\/index.php?rest_route=%2Fwp%2Fv2%2Fcategories&post=26885"},{"taxonomy":"post_tag","embeddable":true,"href":"https:\/\/rockvell.com\/index.php?rest_route=%2Fwp%2Fv2%2Ftags&post=26885"}],"curies":[{"name":"wp","href":"https:\/\/api.w.org\/{rel}","templated":true}]}}