{"id":26904,"date":"2024-08-10T02:00:00","date_gmt":"2024-08-09T23:00:00","guid":{"rendered":"https:\/\/rockvell.com\/?p=26904"},"modified":"2024-08-10T10:21:09","modified_gmt":"2024-08-10T07:21:09","slug":"s%c9%99naye-parklarinda-sahibkarliq-f%c9%99aliyy%c9%99tinin-inkisafi-ucun-%c9%99lverisli-biznes-muhiti-yaradilib","status":"publish","type":"post","link":"https:\/\/rockvell.com\/?p=26904","title":{"rendered":"S\u0259naye parklar\u0131nda sahibkarl\u0131q f\u0259aliyy\u0259tinin inki\u015faf\u0131 \u00fc\u00e7\u00fcn \u0259lveri\u015fli biznes m\u00fchiti yarad\u0131l\u0131b"},"content":{"rendered":"\n<p class=\"has-medium-font-size\"><strong>S\u0259naye parklar\u0131nda sahibkarl\u0131q f\u0259aliyy\u0259tinin inki\u015faf\u0131 \u00fc\u00e7\u00fcn \u0259lveri\u015fli biznes m\u00fchiti yarad\u0131l\u0131b<\/strong><\/p>\n\n\n\n<p>\u0130qtisadi Zonalar\u0131n \u0130nki\u015faf\u0131 Agentliyinin idar\u0259\u00e7iliyind\u0259ki s\u0259naye parklar\u0131nda t\u0259tbiq edilmi\u015f idxal \u018fDV-si v\u0259 g\u00f6mr\u00fck g\u00fcz\u0259\u015ftl\u0259ri n\u0259tic\u0259sind\u0259 rezidentl\u0259r bu g\u00fcn\u0259 q\u0259d\u0259r 483 milyon manat, cari ilin 6 ay\u0131nda is\u0259 22 milyon manat v\u0259sait\u0259 q\u0259na\u0259t edibl\u0259r.<\/p>\n\n\n<div class=\"wp-block-image\">\n<figure class=\"aligncenter size-large\"><img loading=\"lazy\" decoding=\"async\" width=\"1024\" height=\"460\" src=\"https:\/\/rockvell.com\/wp-content\/uploads\/2024\/08\/tanis-1024x460.jpg\" alt=\"\" class=\"wp-image-26905\" srcset=\"https:\/\/rockvell.com\/wp-content\/uploads\/2024\/08\/tanis-1024x460.jpg 1024w, https:\/\/rockvell.com\/wp-content\/uploads\/2024\/08\/tanis-300x135.jpg 300w, https:\/\/rockvell.com\/wp-content\/uploads\/2024\/08\/tanis-768x345.jpg 768w, https:\/\/rockvell.com\/wp-content\/uploads\/2024\/08\/tanis-360x162.jpg 360w, https:\/\/rockvell.com\/wp-content\/uploads\/2024\/08\/tanis.jpg 1161w\" sizes=\"(max-width: 1024px) 100vw, 1024px\" \/><\/figure><\/div>\n\n\n<p>S\u0259naye parklar\u0131n\u0131n rezidentl\u0259ri qeydiyyata al\u0131nd\u0131qlar\u0131 tarixd\u0259n etibar\u0259n 10 il m\u00fcdd\u0259tin\u0259 \u0259mlak, torpaq, m\u0259nf\u0259\u0259t vergil\u0259rind\u0259n, istehsal m\u0259qs\u0259dil\u0259 idxal etdikl\u0259ri texnikan\u0131n, texnoloji avadanl\u0131qlar\u0131n v\u0259 qur\u011fular\u0131n idxal\u0131 zaman\u0131 \u018fDV-d\u0259n v\u0259 g\u00f6mr\u00fck r\u00fcsumlar\u0131ndan azad olunurlar.<\/p>\n\n\n\n<p>\u0130ndiy\u0259d\u0259k s\u0259naye zonalar\u0131nda investisiya h\u0259cmi 7,8 milyard manatdan art\u0131q olan 150 sahibkarl\u0131q subyektin\u0259 rezident statusu verilib.<\/p>\n\n\n\n<p>Sahibkarlar t\u0259r\u0259find\u0259n bug\u00fcn\u0259d\u0259k s\u0259naye zonalar\u0131na 6,8 milyard manatdan \u00e7ox investisiya yat\u0131r\u0131l\u0131b v\u0259 10 500-d\u0259n art\u0131q daimi i\u015f yeri yarad\u0131l\u0131b.<\/p>\n\n\n\n<p>M\u00f6vcud layih\u0259l\u0259r \u00fczr\u0259 n\u00f6vb\u0259ti m\u0259rh\u0259l\u0259d\u0259 s\u0259naye zonalar\u0131na \u0259lav\u0259 1 milyard manata yax\u0131n investisiyan\u0131n yat\u0131r\u0131lmas\u0131 v\u0259 7100-d\u0259n \u00e7ox yeni i\u015f yerinin yarad\u0131lmas\u0131 n\u0259z\u0259rd\u0259 tutulur.<\/p>\n","protected":false},"excerpt":{"rendered":"<p>S\u0259naye parklar\u0131nda sahibkarl\u0131q f\u0259aliyy\u0259tinin inki\u015faf\u0131 \u00fc\u00e7\u00fcn \u0259lveri\u015fli biznes m\u00fchiti yarad\u0131l\u0131b \u0130qtisadi Zonalar\u0131n \u0130nki\u015faf\u0131 Agentliyinin idar\u0259\u00e7iliyind\u0259ki s\u0259naye parklar\u0131nda t\u0259tbiq edilmi\u015f idxal \u018fDV-si v\u0259 g\u00f6mr\u00fck g\u00fcz\u0259\u015ftl\u0259ri n\u0259tic\u0259sind\u0259 rezidentl\u0259r bu g\u00fcn\u0259 q\u0259d\u0259r 483 milyon manat, cari ilin 6&#8230;<\/p>\n","protected":false},"author":2,"featured_media":26905,"comment_status":"closed","ping_status":"closed","sticky":false,"template":"","format":"standard","meta":{"footnotes":""},"categories":[41],"tags":[],"aioseo_notices":[],"_links":{"self":[{"href":"https:\/\/rockvell.com\/index.php?rest_route=\/wp\/v2\/posts\/26904"}],"collection":[{"href":"https:\/\/rockvell.com\/index.php?rest_route=\/wp\/v2\/posts"}],"about":[{"href":"https:\/\/rockvell.com\/index.php?rest_route=\/wp\/v2\/types\/post"}],"author":[{"embeddable":true,"href":"https:\/\/rockvell.com\/index.php?rest_route=\/wp\/v2\/users\/2"}],"replies":[{"embeddable":true,"href":"https:\/\/rockvell.com\/index.php?rest_route=%2Fwp%2Fv2%2Fcomments&post=26904"}],"version-history":[{"count":1,"href":"https:\/\/rockvell.com\/index.php?rest_route=\/wp\/v2\/posts\/26904\/revisions"}],"predecessor-version":[{"id":26906,"href":"https:\/\/rockvell.com\/index.php?rest_route=\/wp\/v2\/posts\/26904\/revisions\/26906"}],"wp:featuredmedia":[{"embeddable":true,"href":"https:\/\/rockvell.com\/index.php?rest_route=\/wp\/v2\/media\/26905"}],"wp:attachment":[{"href":"https:\/\/rockvell.com\/index.php?rest_route=%2Fwp%2Fv2%2Fmedia&parent=26904"}],"wp:term":[{"taxonomy":"category","embeddable":true,"href":"https:\/\/rockvell.com\/index.php?rest_route=%2Fwp%2Fv2%2Fcategories&post=26904"},{"taxonomy":"post_tag","embeddable":true,"href":"https:\/\/rockvell.com\/index.php?rest_route=%2Fwp%2Fv2%2Ftags&post=26904"}],"curies":[{"name":"wp","href":"https:\/\/api.w.org\/{rel}","templated":true}]}}