{"id":26911,"date":"2024-08-11T02:00:00","date_gmt":"2024-08-10T23:00:00","guid":{"rendered":"https:\/\/rockvell.com\/?p=26911"},"modified":"2024-08-11T15:55:34","modified_gmt":"2024-08-11T12:55:34","slug":"turkiy%c9%99nin-m%c9%99shur-qrupu-kolpa-bakida-konsert-proqrami-il%c9%99-cixis-edib","status":"publish","type":"post","link":"https:\/\/rockvell.com\/?p=26911","title":{"rendered":"T\u00fcrkiy\u0259nin m\u0259\u015fhur qrupu \u201cKolpa\u201d Bak\u0131da konsert proqram\u0131 il\u0259 \u00e7\u0131x\u0131\u015f edib"},"content":{"rendered":"\n<p><strong>T\u00fcrkiy\u0259nin m\u0259\u015fhur qrupu \u201cKolpa\u201d Bak\u0131da konsert proqram\u0131 il\u0259 \u00e7\u0131x\u0131\u015f edib<\/strong><\/p>\n\n\n\n<p>T\u00fcrkiy\u0259nin m\u0259\u015fhur v\u0259 u\u011furlu rok musiqi qruplar\u0131ndan biri olan &#8220;Kolpa&#8221; Bak\u0131da konsert proqram\u0131 il\u0259 \u00e7\u0131x\u0131\u015f edib.<\/p>\n\n\n<div class=\"wp-block-image\">\n<figure class=\"aligncenter size-full is-resized\"><img loading=\"lazy\" decoding=\"async\" width=\"720\" height=\"900\" src=\"https:\/\/rockvell.com\/wp-content\/uploads\/2024\/08\/FB_IMG_1723362602842.jpg\" alt=\"\" class=\"wp-image-26912\" style=\"width:263px;height:auto\" srcset=\"https:\/\/rockvell.com\/wp-content\/uploads\/2024\/08\/FB_IMG_1723362602842.jpg 720w, https:\/\/rockvell.com\/wp-content\/uploads\/2024\/08\/FB_IMG_1723362602842-240x300.jpg 240w, https:\/\/rockvell.com\/wp-content\/uploads\/2024\/08\/FB_IMG_1723362602842-360x450.jpg 360w\" sizes=\"(max-width: 720px) 100vw, 720px\" \/><\/figure><\/div>\n\n\n<p>Konsert 10 avqust Event Office-nin t\u0259\u015fkilat\u00e7\u0131l\u0131\u011f\u0131 il\u0259 Ya\u015f\u0131l Teatr a\u00e7\u0131q hava s\u0259hn\u0259sind\u0259 ba\u015f tutub. Qrupun t\u0259m\u0259li \u00fczvl\u0259rinin Adanada ke\u00e7irdiyi lisey ill\u0259rind\u0259 qoyulub, f\u0259aliyy\u0259ti 2005-ci ild\u0259 \u0130stanbulda ba\u015flay\u0131b.<\/p>\n\n\n\n<p>&#8220;Bak\u0131n\u0131 \u00e7ox sevirik. Burda d\u0259f\u0259l\u0259rl\u0259 konsert proqramlar\u0131 il\u0259 \u00e7\u0131x\u0131\u015f etmi\u015fik. T\u0259\u015f\u0259kk\u00fcrl\u0259r g\u0259ldiyiniz \u00fc\u00e7\u00fcn. Bu gec\u0259 yeni mahn\u0131larla yana\u015f\u0131 size k\u00f6hn\u0259 hitl\u0259rimizid\u0259 s\u0259sl\u0259ndir\u0259c\u0259yik&#8221;, qrupun \u00fczv\u00fc Bar\u0131\u015f Yurt\u00e7u p\u0259r\u0259sti\u015fkarlar\u0131n\u0131 salamlay\u0131b.Gec\u0259d\u0259 &#8220;Kolpa&#8221; hit mahn\u0131lar\u0131n\u0131 bir-birinin ard\u0131nca ifa edib. Onlar\u0131n aras\u0131nda -\u201cBeni A\u015fka \u0130nand\u0131r\u201d, &#8220;Son Nefesim&#8221;, &#8220;Hi\u00e7 Bitmez Bu Masal&#8221;,  \u201cG\u00fcrur Benim Neyime\u201d, \u201cNas\u0131l \u00d6\u011frendin Unutmay\u0131\u201d v\u0259 s.<\/p>\n\n\n\n<p>Gec\u0259nin qonaqlar\u0131 sevimli mahn\u0131lar\u0131n\u0131n s\u0259dalar\u0131 alt\u0131nda bolluca r\u0259qsl\u0259r ed\u0259r\u0259k musiqil\u0259ri birg\u0259 s\u0259sl\u0259ndiribl\u0259r.<\/p>\n\n\n\n<p>Konsert b\u00f6y\u00fck an\u015flaqla ke\u00e7ib v\u0259 ham\u0131n\u0131n z\u00f6vg\u00fcn\u0259 ox\u015fay\u0131b.<\/p>\n\n\n\n<p class=\"has-text-align-right\"><strong>G\u00fcnel H\u0259s\u0259nova<\/strong><\/p>\n","protected":false},"excerpt":{"rendered":"<p>T\u00fcrkiy\u0259nin m\u0259\u015fhur qrupu \u201cKolpa\u201d Bak\u0131da konsert proqram\u0131 il\u0259 \u00e7\u0131x\u0131\u015f edib T\u00fcrkiy\u0259nin m\u0259\u015fhur v\u0259 u\u011furlu rok musiqi qruplar\u0131ndan biri olan &#8220;Kolpa&#8221; Bak\u0131da konsert proqram\u0131 il\u0259 \u00e7\u0131x\u0131\u015f edib. Konsert 10 avqust Event Office-nin t\u0259\u015fkilat\u00e7\u0131l\u0131\u011f\u0131 il\u0259 Ya\u015f\u0131l Teatr&#8230;<\/p>\n","protected":false},"author":2,"featured_media":26912,"comment_status":"closed","ping_status":"closed","sticky":false,"template":"","format":"standard","meta":{"footnotes":""},"categories":[46],"tags":[],"aioseo_notices":[],"_links":{"self":[{"href":"https:\/\/rockvell.com\/index.php?rest_route=\/wp\/v2\/posts\/26911"}],"collection":[{"href":"https:\/\/rockvell.com\/index.php?rest_route=\/wp\/v2\/posts"}],"about":[{"href":"https:\/\/rockvell.com\/index.php?rest_route=\/wp\/v2\/types\/post"}],"author":[{"embeddable":true,"href":"https:\/\/rockvell.com\/index.php?rest_route=\/wp\/v2\/users\/2"}],"replies":[{"embeddable":true,"href":"https:\/\/rockvell.com\/index.php?rest_route=%2Fwp%2Fv2%2Fcomments&post=26911"}],"version-history":[{"count":1,"href":"https:\/\/rockvell.com\/index.php?rest_route=\/wp\/v2\/posts\/26911\/revisions"}],"predecessor-version":[{"id":26913,"href":"https:\/\/rockvell.com\/index.php?rest_route=\/wp\/v2\/posts\/26911\/revisions\/26913"}],"wp:featuredmedia":[{"embeddable":true,"href":"https:\/\/rockvell.com\/index.php?rest_route=\/wp\/v2\/media\/26912"}],"wp:attachment":[{"href":"https:\/\/rockvell.com\/index.php?rest_route=%2Fwp%2Fv2%2Fmedia&parent=26911"}],"wp:term":[{"taxonomy":"category","embeddable":true,"href":"https:\/\/rockvell.com\/index.php?rest_route=%2Fwp%2Fv2%2Fcategories&post=26911"},{"taxonomy":"post_tag","embeddable":true,"href":"https:\/\/rockvell.com\/index.php?rest_route=%2Fwp%2Fv2%2Ftags&post=26911"}],"curies":[{"name":"wp","href":"https:\/\/api.w.org\/{rel}","templated":true}]}}