{"id":26919,"date":"2024-08-12T02:00:00","date_gmt":"2024-08-11T23:00:00","guid":{"rendered":"https:\/\/rockvell.com\/?p=26919"},"modified":"2024-08-12T12:57:22","modified_gmt":"2024-08-12T09:57:22","slug":"abb-sabran-filialini-da-yenil%c9%99di","status":"publish","type":"post","link":"https:\/\/rockvell.com\/?p=26919","title":{"rendered":"ABB \u015eabran filial\u0131n\u0131 da yenil\u0259di"},"content":{"rendered":"\n<p class=\"has-medium-font-size\"><strong>ABB \u015eabran filial\u0131n\u0131 da yenil\u0259di!<\/strong><\/p>\n\n\n\n<p>ABB filial \u015f\u0259b\u0259k\u0259sinin transformasiyas\u0131 layih\u0259si \u00e7\u0259r\u00e7iv\u0259sind\u0259 \u015eabran filial\u0131n\u0131 da yenil\u0259yib. Filial\u0131n binas\u0131 ABB-nin yeni brend kimliyin\u0259, m\u00fcasir inki\u015faf konseptin\u0259 uy\u011funla\u015fd\u0131r\u0131l\u0131b. Filial \u015eabran \u015f\u0259h\u0259ri, Heyd\u0259r \u018fliyev k\u00fc\u00e7\u0259si 101 \u00fcnvan\u0131nda m\u00fc\u015ft\u0259ril\u0259rin xidm\u0259tind\u0259dir. Biznesl\u0259rin, el\u0259c\u0259 d\u0259 f\u0259rdi m\u00fc\u015ft\u0259ril\u0259rin maliyy\u0259 xidm\u0259tl\u0259rin\u0259 olan b\u00fct\u00fcn ehtiyaclar\u0131n\u0131n t\u0259min edilm\u0259si \u00fc\u00e7\u00fcn burada h\u0259r c\u00fcr \u015f\u0259rait yarad\u0131l\u0131b.<\/p>\n\n\n<div class=\"wp-block-image\">\n<figure class=\"aligncenter size-large is-resized\"><img loading=\"lazy\" decoding=\"async\" width=\"1024\" height=\"643\" src=\"https:\/\/rockvell.com\/wp-content\/uploads\/2024\/08\/Sabran-1024x643.png\" alt=\"\" class=\"wp-image-26920\" style=\"width:462px;height:auto\" srcset=\"https:\/\/rockvell.com\/wp-content\/uploads\/2024\/08\/Sabran-1024x643.png 1024w, https:\/\/rockvell.com\/wp-content\/uploads\/2024\/08\/Sabran-300x188.png 300w, https:\/\/rockvell.com\/wp-content\/uploads\/2024\/08\/Sabran-768x482.png 768w, https:\/\/rockvell.com\/wp-content\/uploads\/2024\/08\/Sabran-360x226.png 360w, https:\/\/rockvell.com\/wp-content\/uploads\/2024\/08\/Sabran.png 1274w\" sizes=\"(max-width: 1024px) 100vw, 1024px\" \/><\/figure><\/div>\n\n\n<p>M\u00fc\u015ft\u0259ril\u0259r ABB-nin \u015eabran filial\u0131nda m\u00fcxt\u0259lif n\u00f6v kredit, kassa-hesabla\u015fma \u0259m\u0259liyyatlar\u0131, \u0259man\u0259tl\u0259r, pul k\u00f6\u00e7\u00fcrm\u0259l\u0259ri, \u00f6d\u0259ni\u015f kartlar\u0131n\u0131n sifari\u015fi, na\u011fd valyuta il\u0259 \u0259m\u0259liyyatlar v\u0259 s. bu kimi m\u00fcxt\u0259lif xidm\u0259tl\u0259rd\u0259n faydalana bil\u0259rl\u0259r.<\/p>\n\n\n\n<p>ABB-nin m\u00fcasir, faydal\u0131 v\u0259 universal m\u0259hsul v\u0259 xidm\u0259tl\u0259ri bar\u0259d\u0259 m\u0259lumatlar\u0131 Bank\u0131n filial v\u0259 \u015f\u00f6b\u0259l\u0259rind\u0259n, https:\/\/abb-bank.az\/ r\u0259smi internet s\u0259hif\u0259sind\u0259n v\u0259 ya 937 n\u00f6mr\u0259li M\u0259lumat M\u0259rk\u0259zind\u0259n, h\u0259m\u00e7inin r\u0259smi Facebook s\u0259hif\u0259sind\u0259n \u0259ld\u0259 etm\u0259k olar.<\/p>\n","protected":false},"excerpt":{"rendered":"<p>ABB \u015eabran filial\u0131n\u0131 da yenil\u0259di! ABB filial \u015f\u0259b\u0259k\u0259sinin transformasiyas\u0131 layih\u0259si \u00e7\u0259r\u00e7iv\u0259sind\u0259 \u015eabran filial\u0131n\u0131 da yenil\u0259yib. Filial\u0131n binas\u0131 ABB-nin yeni brend kimliyin\u0259, m\u00fcasir inki\u015faf konseptin\u0259 uy\u011funla\u015fd\u0131r\u0131l\u0131b. Filial \u015eabran \u015f\u0259h\u0259ri, Heyd\u0259r \u018fliyev k\u00fc\u00e7\u0259si 101 \u00fcnvan\u0131nda m\u00fc\u015ft\u0259ril\u0259rin xidm\u0259tind\u0259dir&#8230;.<\/p>\n","protected":false},"author":2,"featured_media":26920,"comment_status":"closed","ping_status":"closed","sticky":false,"template":"","format":"standard","meta":{"footnotes":""},"categories":[41],"tags":[],"aioseo_notices":[],"_links":{"self":[{"href":"https:\/\/rockvell.com\/index.php?rest_route=\/wp\/v2\/posts\/26919"}],"collection":[{"href":"https:\/\/rockvell.com\/index.php?rest_route=\/wp\/v2\/posts"}],"about":[{"href":"https:\/\/rockvell.com\/index.php?rest_route=\/wp\/v2\/types\/post"}],"author":[{"embeddable":true,"href":"https:\/\/rockvell.com\/index.php?rest_route=\/wp\/v2\/users\/2"}],"replies":[{"embeddable":true,"href":"https:\/\/rockvell.com\/index.php?rest_route=%2Fwp%2Fv2%2Fcomments&post=26919"}],"version-history":[{"count":1,"href":"https:\/\/rockvell.com\/index.php?rest_route=\/wp\/v2\/posts\/26919\/revisions"}],"predecessor-version":[{"id":26921,"href":"https:\/\/rockvell.com\/index.php?rest_route=\/wp\/v2\/posts\/26919\/revisions\/26921"}],"wp:featuredmedia":[{"embeddable":true,"href":"https:\/\/rockvell.com\/index.php?rest_route=\/wp\/v2\/media\/26920"}],"wp:attachment":[{"href":"https:\/\/rockvell.com\/index.php?rest_route=%2Fwp%2Fv2%2Fmedia&parent=26919"}],"wp:term":[{"taxonomy":"category","embeddable":true,"href":"https:\/\/rockvell.com\/index.php?rest_route=%2Fwp%2Fv2%2Fcategories&post=26919"},{"taxonomy":"post_tag","embeddable":true,"href":"https:\/\/rockvell.com\/index.php?rest_route=%2Fwp%2Fv2%2Ftags&post=26919"}],"curies":[{"name":"wp","href":"https:\/\/api.w.org\/{rel}","templated":true}]}}