{"id":26935,"date":"2024-08-12T05:00:00","date_gmt":"2024-08-12T02:00:00","guid":{"rendered":"https:\/\/rockvell.com\/?p=26935"},"modified":"2024-08-12T15:05:24","modified_gmt":"2024-08-12T12:05:24","slug":"x%c9%99z%c9%99r-gunund%c9%99-sifir-tullanti-h%c9%99mr%c9%99ylik-marafonu-bas-tutdu","status":"publish","type":"post","link":"https:\/\/rockvell.com\/?p=26935","title":{"rendered":"X\u0259z\u0259r G\u00fcn\u00fcnd\u0259 \u201cS\u0131f\u0131r Tullant\u0131\u201d h\u0259mr\u0259ylik marafonu ba\u015f tutdu"},"content":{"rendered":"\n<p class=\"has-medium-font-size\"><strong>X\u0259z\u0259r G\u00fcn\u00fcnd\u0259 \u201cS\u0131f\u0131r Tullant\u0131\u201d h\u0259mr\u0259ylik marafonu ba\u015f tutdu<\/strong><\/p>\n\n\n\n<p>Korporativ Sosial M\u0259suliyy\u0259t layih\u0259l\u0259ri il\u0259 vaxta\u015f\u0131r\u0131 g\u00fcnd\u0259m\u0259 g\u0259l\u0259n Q\u0131rm\u0131z\u0131 \u00dcr\u0259kl\u0259r Fondunun bud\u0259f\u0259ki t\u0259\u015f\u0259bb\u00fcs\u00fc 12 avqust X\u0259z\u0259r G\u00fcn\u00fcnd\u0259 realla\u015f\u0131b. Bel\u0259 ki, Fond Kapital Bank-\u0131n 150 illik yubileyi m\u00fcnasib\u0259til\u0259 \u201cS\u0131f\u0131r tullant\u0131\u201d H\u0259mr\u0259ylik Marafonuna start verib. Ekologiya v\u0259 T\u0259bii S\u0259rv\u0259tl\u0259r Nazirliyi v\u0259 Kapital Bank-\u0131n t\u0259r\u0259fda\u015fl\u0131\u011f\u0131 il\u0259 ba\u015f tutan marafon L\u0259nk\u0259ran \u015f\u0259h\u0259rind\u0259 h\u0259yata ke\u00e7irilib. X\u0259z\u0259r d\u0259nizinin sahilyan\u0131 \u0259razil\u0259rinin t\u0259mizl\u0259nm\u0259sin\u0259 Kapital Bank-\u0131n L\u0259nk\u0259ran-Astara iqtisadi rayonlar\u0131n\u0131 \u0259hat\u0259 ed\u0259n filial \u015f\u0259b\u0259k\u0259l\u0259rind\u0259n 70 n\u0259f\u0259r \u0259m\u0259kda\u015f k\u00f6n\u00fcll\u00fc olaraq qo\u015fulub. N\u0259tic\u0259d\u0259 \u0259razi 628 kq h\u0259cmind\u0259 plastik v\u0259 dig\u0259r m\u0259i\u015f\u0259t tullant\u0131lar\u0131ndan t\u0259mizl\u0259nib.<\/p>\n\n\n<div class=\"wp-block-image\">\n<figure class=\"aligncenter size-large is-resized\"><img loading=\"lazy\" decoding=\"async\" width=\"1024\" height=\"536\" src=\"https:\/\/rockvell.com\/wp-content\/uploads\/2024\/08\/SM-1200x628-1-1024x536.jpg\" alt=\"\" class=\"wp-image-26936\" style=\"width:473px;height:auto\" srcset=\"https:\/\/rockvell.com\/wp-content\/uploads\/2024\/08\/SM-1200x628-1-1024x536.jpg 1024w, https:\/\/rockvell.com\/wp-content\/uploads\/2024\/08\/SM-1200x628-1-300x157.jpg 300w, https:\/\/rockvell.com\/wp-content\/uploads\/2024\/08\/SM-1200x628-1-768x402.jpg 768w, https:\/\/rockvell.com\/wp-content\/uploads\/2024\/08\/SM-1200x628-1-360x188.jpg 360w, https:\/\/rockvell.com\/wp-content\/uploads\/2024\/08\/SM-1200x628-1.jpg 1200w\" sizes=\"(max-width: 1024px) 100vw, 1024px\" \/><\/figure><\/div>\n\n\n<p>Layih\u0259nin h\u0259yata ke\u00e7irilm\u0259sind\u0259 m\u0259qs\u0259d d\u0259niz sahill\u0259rinin, da\u011f, me\u015f\u0259 \u0259razil\u0259rinin tullant\u0131lardan t\u0259mizl\u0259nm\u0259si, c\u0259miyy\u0259td\u0259 \u0259traf m\u00fchit\u0259 qar\u015f\u0131 h\u0259ssasl\u0131\u011f\u0131 art\u0131rmaq v\u0259 ekoloji maarifl\u0259ndirm\u0259ni g\u00fccl\u0259ndirm\u0259kdir. Marafon \u00e7\u0259r\u00e7iv\u0259sind\u0259 ba\u015f tutan t\u0259dbird\u0259&nbsp; fikirl\u0259rini b\u00f6l\u00fc\u015f\u0259n Q\u0131rm\u0131z\u0131 \u00dcr\u0259kl\u0259r Fondunun prezidenti Yusif Poladov layih\u0259d\u0259 i\u015ftirak ed\u0259n t\u0259bi\u0259tsev\u0259rl\u0259r\u0259 t\u0259\u015f\u0259kk\u00fcr edib. \u201cBu t\u0259\u015f\u0259bb\u00fcsl\u0259r davaml\u0131 olmal\u0131d\u0131r. D\u00fcnyam\u0131z\u0131n, \u00f6lk\u0259mizin bizim v\u0259 g\u0259l\u0259c\u0259k n\u0259sill\u0259rin sa\u011flam g\u0259l\u0259c\u0259yi \u00fc\u00e7\u00fcn h\u0259mr\u0259y olma\u011f\u0131m\u0131z \u015f\u0259rtdir. Biz Fond olaraq bu m\u00f6vzuda olan b\u00fct\u00fcn layih\u0259l\u0259rd\u0259 yer alma\u011fa \u00e7al\u0131\u015f\u0131r v\u0259 h\u0259r k\u0259si ekologiyan\u0131n qorunmas\u0131na d\u0259st\u0259k olma\u011fa, \u0259n az\u0131 \u00f6z \u00fcz\u0259rin\u0259 d\u00fc\u015f\u0259n m\u0259suliyy\u0259ti d\u0259rk ed\u0259r\u0259k \u0259traf m\u00fchiti qoruma\u011fa \u00e7a\u011f\u0131r\u0131r\u0131q\u201d.<\/p>\n\n\n\n<p>Xat\u0131rladaq ki, X\u0259z\u0259r d\u0259nizinin \u0259traf m\u00fchitinin m\u00fchafiz\u0259si haqq\u0131nda \u00c7\u0259r\u00e7iv\u0259 Konvensiyas\u0131 12 avqust 2006-c\u0131 il tarixind\u0259 q\u00fcvv\u0259y\u0259 mindikd\u0259n sonra h\u0259r il bu tarix \u201cX\u0259z\u0259r G\u00fcn\u00fc\u201d kimi qeyd olunur. Konvensiya X\u0259z\u0259ryan\u0131 d\u00f6vl\u0259tl\u0259r aras\u0131nda t\u0259bi\u0259ti m\u00fchafiz\u0259 \u015f\u0259rtl\u0259rinin \u0259ks olundu\u011fu ilk h\u00fcquqi sazi\u015fdir.<\/p>\n\n\n\n<p>Qeyd ed\u0259k ki, \u201cRed Hearts\u201d- Q\u0131rm\u0131z\u0131 \u00dcr\u0259kl\u0259r Fondu 2019-cu ild\u0259 Kapital Bank-\u0131n k\u00f6n\u00fcll\u00fc \u0259m\u0259kda\u015flar\u0131n\u0131n t\u0259\u015f\u0259bb\u00fcs\u00fc il\u0259 yarad\u0131l\u0131b. 2020-ci ild\u0259 d\u00f6vl\u0259t qeydiyyat\u0131na al\u0131nan Fond \u00f6lk\u0259mizd\u0259 ian\u0259\u00e7ilik m\u0259d\u0259niyy\u0259tinin formala\u015fmas\u0131na xidm\u0259t edir. \u018ftraf m\u00fchitin m\u00fchafiz\u0259si, ekoloji tarazl\u0131\u011f\u0131n b\u0259rpas\u0131, t\u0259hsil, t\u0259lim-t\u0259dris, maarifl\u0259ndirm\u0259 kimi c\u0259miyy\u0259tin\u00a0 h\u0259ssas v\u0259 vacib m\u00f6vzular\u0131na dair sosial t\u0259\u015f\u0259bb\u00fcsl\u0259rl\u0259 \u00e7\u0131x\u0131\u015f ed\u0259n \u201cRed Hearts\u201d- \u0131n ali m\u0259qs\u0259di yard\u0131msev\u0259r insanlar\u0131 xeyriyy\u0259\u00e7ilik m\u0259d\u0259niyy\u0259ti \u0259traf\u0131nda birl\u0259\u015fdirm\u0259kdir. Fondun f\u0259aliyy\u0259ti il\u0259 \u0259trafl\u0131 tan\u0131\u015f olmaq v\u0259 ian\u0259 ed\u0259r\u0259k s\u00f6z\u00fcged\u0259n m\u00f6vzularda d\u0259st\u0259k olmaq \u00fc\u00e7\u00fcn <a href=\"https:\/\/redhearts.az\" target=\"_blank\" rel=\"noopener\" title=\"\">https:\/\/redhearts.az<\/a> sayt\u0131na daxil olmaq kifay\u0259tdir.<\/p>\n","protected":false},"excerpt":{"rendered":"<p>X\u0259z\u0259r G\u00fcn\u00fcnd\u0259 \u201cS\u0131f\u0131r Tullant\u0131\u201d h\u0259mr\u0259ylik marafonu ba\u015f tutdu Korporativ Sosial M\u0259suliyy\u0259t layih\u0259l\u0259ri il\u0259 vaxta\u015f\u0131r\u0131 g\u00fcnd\u0259m\u0259 g\u0259l\u0259n Q\u0131rm\u0131z\u0131 \u00dcr\u0259kl\u0259r Fondunun bud\u0259f\u0259ki t\u0259\u015f\u0259bb\u00fcs\u00fc 12 avqust X\u0259z\u0259r G\u00fcn\u00fcnd\u0259 realla\u015f\u0131b. Bel\u0259 ki, Fond Kapital Bank-\u0131n 150 illik yubileyi m\u00fcnasib\u0259til\u0259&#8230;<\/p>\n","protected":false},"author":2,"featured_media":26936,"comment_status":"closed","ping_status":"closed","sticky":false,"template":"","format":"standard","meta":{"footnotes":""},"categories":[44],"tags":[],"aioseo_notices":[],"_links":{"self":[{"href":"https:\/\/rockvell.com\/index.php?rest_route=\/wp\/v2\/posts\/26935"}],"collection":[{"href":"https:\/\/rockvell.com\/index.php?rest_route=\/wp\/v2\/posts"}],"about":[{"href":"https:\/\/rockvell.com\/index.php?rest_route=\/wp\/v2\/types\/post"}],"author":[{"embeddable":true,"href":"https:\/\/rockvell.com\/index.php?rest_route=\/wp\/v2\/users\/2"}],"replies":[{"embeddable":true,"href":"https:\/\/rockvell.com\/index.php?rest_route=%2Fwp%2Fv2%2Fcomments&post=26935"}],"version-history":[{"count":1,"href":"https:\/\/rockvell.com\/index.php?rest_route=\/wp\/v2\/posts\/26935\/revisions"}],"predecessor-version":[{"id":26937,"href":"https:\/\/rockvell.com\/index.php?rest_route=\/wp\/v2\/posts\/26935\/revisions\/26937"}],"wp:featuredmedia":[{"embeddable":true,"href":"https:\/\/rockvell.com\/index.php?rest_route=\/wp\/v2\/media\/26936"}],"wp:attachment":[{"href":"https:\/\/rockvell.com\/index.php?rest_route=%2Fwp%2Fv2%2Fmedia&parent=26935"}],"wp:term":[{"taxonomy":"category","embeddable":true,"href":"https:\/\/rockvell.com\/index.php?rest_route=%2Fwp%2Fv2%2Fcategories&post=26935"},{"taxonomy":"post_tag","embeddable":true,"href":"https:\/\/rockvell.com\/index.php?rest_route=%2Fwp%2Fv2%2Ftags&post=26935"}],"curies":[{"name":"wp","href":"https:\/\/api.w.org\/{rel}","templated":true}]}}