{"id":26947,"date":"2024-08-12T09:00:00","date_gmt":"2024-08-12T06:00:00","guid":{"rendered":"https:\/\/rockvell.com\/?p=26947"},"modified":"2024-08-12T18:02:59","modified_gmt":"2024-08-12T15:02:59","slug":"azergold-qsc-v%c9%99-naxcivan-mr-in-ekologiya-v%c9%99-t%c9%99bii-s%c9%99rv%c9%99tl%c9%99r-nazirliyi-arasinda-gorus","status":"publish","type":"post","link":"https:\/\/rockvell.com\/?p=26947","title":{"rendered":"\u201cAzerGold\u201d QSC v\u0259 Nax\u00e7\u0131van MR-in Ekologiya v\u0259 T\u0259bii S\u0259rv\u0259tl\u0259r Nazirliyi aras\u0131nda g\u00f6r\u00fc\u015f"},"content":{"rendered":"\n<p class=\"has-medium-font-size\"><strong>\u201cAzerGold\u201d QSC v\u0259 Nax\u00e7\u0131van MR-in Ekologiya v\u0259 T\u0259bii S\u0259rv\u0259tl\u0259r Nazirliyi aras\u0131nda g\u00f6r\u00fc\u015f ke\u00e7irilib<\/strong><strong><\/strong><\/p>\n\n\n\n<p>Nax\u00e7\u0131van MR-da \u201cAzerGold\u201d Qapal\u0131 S\u0259hmdar C\u0259miyy\u0259tinin (QSC) \u0130dar\u0259 Hey\u0259tinin s\u0259dri Zakir \u0130brahimov v\u0259 Nax\u00e7\u0131van Muxtar Respublikas\u0131n\u0131n (MR) ekologiya v\u0259 t\u0259bii s\u0259rv\u0259tl\u0259r naziri Xanlar Mustafayev aras\u0131nda g\u00f6r\u00fc\u015f ke\u00e7irilib.<\/p>\n\n\n<div class=\"wp-block-image\">\n<figure class=\"aligncenter size-large is-resized\"><img loading=\"lazy\" decoding=\"async\" width=\"1024\" height=\"672\" src=\"https:\/\/rockvell.com\/wp-content\/uploads\/2024\/08\/1-2-1024x672.jpg\" alt=\"\" class=\"wp-image-26948\" style=\"width:460px;height:auto\" srcset=\"https:\/\/rockvell.com\/wp-content\/uploads\/2024\/08\/1-2-1024x672.jpg 1024w, https:\/\/rockvell.com\/wp-content\/uploads\/2024\/08\/1-2-300x197.jpg 300w, https:\/\/rockvell.com\/wp-content\/uploads\/2024\/08\/1-2-768x504.jpg 768w, https:\/\/rockvell.com\/wp-content\/uploads\/2024\/08\/1-2-1536x1008.jpg 1536w, https:\/\/rockvell.com\/wp-content\/uploads\/2024\/08\/1-2-2048x1344.jpg 2048w, https:\/\/rockvell.com\/wp-content\/uploads\/2024\/08\/1-2-360x236.jpg 360w\" sizes=\"(max-width: 1024px) 100vw, 1024px\" \/><\/figure><\/div>\n\n\n<p>Az\u0259rbaycan Respublikas\u0131 Ekologiya v\u0259 T\u0259bii S\u0259rv\u0259tl\u0259r Nazirliyinin n\u00fcmay\u0259nd\u0259l\u0259rinin i\u015ftirak il\u0259 ke\u00e7iril\u0259n g\u00f6r\u00fc\u015f \u201cYerin t\u0259kinin geoloji \u00f6yr\u0259nilm\u0259sin\u0259 v\u0259 mineral xammal bazas\u0131ndan s\u0259m\u0259r\u0259li istifad\u0259y\u0259 dair 2020-2024-c\u00fc ill\u0259r \u00fc\u00e7\u00fcn D\u00f6vl\u0259t Proqram\u0131\u201d v\u0259 \u201cNax\u00e7\u0131van Muxtar Respublikas\u0131n\u0131n sosial-iqtisadi inki\u015faf\u0131na dair 2023\u20132027-ci ill\u0259r \u00fc\u00e7\u00fcn D\u00f6vl\u0259t Proqram\u0131\u201dnda \u0259ks olunmu\u015f muxtar respublikada filiz, qeyri-filiz yataq v\u0259 t\u0259zah\u00fcrl\u0259rin t\u0259dqiqi sah\u0259sind\u0259 t\u0259r\u0259fl\u0259rin g\u00f6rd\u00fcy\u00fc i\u015fl\u0259r v\u0259 f\u0259aliyy\u0259tin koordinasiyal\u0131 \u015f\u0259kild\u0259 davam etdirilm\u0259si il\u0259 ba\u011fl\u0131 olub.<\/p>\n\n\n\n<p>G\u00f6r\u00fc\u015fd\u0259 Xanlar Mustafayev muxtar respublikada \u0259traf m\u00fchitin m\u00fchafiz\u0259si, t\u0259bii s\u0259rv\u0259tl\u0259rd\u0259n s\u0259m\u0259r\u0259li istifad\u0259nin t\u0259min olunmas\u0131 il\u0259 ba\u011fl\u0131 g\u00f6r\u00fcl\u0259n i\u015fl\u0259r bar\u0259d\u0259 m\u0259lumat verib. Nazir milli da\u011f-m\u0259d\u0259n s\u0259nayesinin dayan\u0131ql\u0131 inki\u015faf\u0131 y\u00f6n\u00fcnd\u0259 s\u0259m\u0259r\u0259li f\u0259aliyy\u0259t h\u0259yata ke\u00e7ir\u0259n \u201cAzerGold\u201d QSC-nin muxtar respublikada icra etdiyi geoloji t\u0259dqiqatlar\u0131n g\u0259l\u0259c\u0259kd\u0259 m\u0259d\u0259n layih\u0259l\u0259rinin istismara verilm\u0259si il\u0259 b\u00f6lg\u0259nin sosial-iqtisadi inki\u015faf\u0131na m\u00fch\u00fcm t\u00f6hf\u0259l\u0259r ver\u0259c\u0259yin\u0259 \u0259minliyini ifad\u0259 edib. Bu m\u0259qs\u0259dl\u0259 Nax\u00e7\u0131van MR-in Ekologiya v\u0259 T\u0259bii S\u0259rv\u0259tl\u0259r Nazirliyi v\u0259 \u201cAzerGold\u201d QSC aras\u0131nda h\u0259m tarixi-geoloji m\u0259lumatlar\u0131n, h\u0259m d\u0259 yeni t\u0259dqiqat materiallar\u0131n\u0131n m\u00fcbadil\u0259sinin \u00fcmumi i\u015f\u0259 faydal\u0131 olaca\u011f\u0131 diqq\u0259t\u0259 \u00e7atd\u0131r\u0131l\u0131b.<\/p>\n\n\n\n<p>Zakir \u0130brahimov QSC-nin hasilat v\u0259 istehsalat f\u0259aliyy\u0259ti, el\u0259c\u0259 d\u0259 muxtar respublika \u0259razisind\u0259 apar\u0131lan geoloji k\u0259\u015ffiyyat i\u015fl\u0259ri bar\u0259d\u0259 dan\u0131\u015f\u0131b. Bel\u0259 ki, o, aktiv hasilat apar\u0131lan Da\u015fk\u0259s\u0259n v\u0259 G\u00f6yg\u00f6l rayonlar\u0131ndak\u0131 f\u0259aliyy\u0259tin b\u00f6lg\u0259d\u0259 iqtisadi aktivliy\u0259 t\u0259siri, m\u0259\u015f\u011fullu\u011fun art\u0131r\u0131lmas\u0131nda m\u00fcsb\u0259t rolu haqq\u0131nda b\u0259hs ed\u0259r\u0259k, haz\u0131rda Culfa rayonunda yerl\u0259\u015f\u0259n \u201cG\u00f6yda\u011f\u201d filiz sah\u0259sin\u0259 aid \u201cOrtak\u0259nd\u201d q\u0131z\u0131l, \u201cG\u00f6yda\u011f\u201d mis-porfir v\u0259 \u201cBa\u015fk\u0259nd\u201d mis sah\u0259l\u0259ri, Ordubad rayonunda yerl\u0259\u015f\u0259n \u201cN\u0259sirvaz\u201d q\u0131z\u0131l t\u0259zah\u00fcr\u00fc sah\u0259sind\u0259 apar\u0131lan t\u0259dqiqatlar haqq\u0131nda \u0259trafl\u0131 m\u0259lumat verib. Muxtar respublika \u0259razisind\u0259 h\u0259m qurudan, h\u0259m d\u0259 havadan h\u0259yata ke\u00e7iril\u0259n t\u0259dqiqatlar bar\u0259d\u0259 dan\u0131\u015fan Zakir \u0130brahimov burada m\u0259rh\u0259l\u0259li t\u0259tbiqin\u0259 ba\u015flan\u0131lan qeyri-invaziv hiperspektral peyk \u00e7\u0259kili\u015fl\u0259ri v\u0259 aeroelektromaqnetik innovativ metodlardan b\u0259hs edib. T\u0259dqiqat i\u015fl\u0259rinin yekunu olaraq muxtar respublika \u0259razisind\u0259 yax\u0131n g\u0259l\u0259c\u0259kd\u0259 m\u0259d\u0259n layih\u0259l\u0259rinin istismara verilm\u0259si il\u0259 \u00f6lk\u0259 iqtisadiyyat\u0131, x\u00fcsusil\u0259 Nax\u00e7\u0131van\u0131n sosial-iqtisadi inki\u015faf\u0131, b\u00f6lg\u0259d\u0259 m\u0259\u015f\u011fulluq, \u0259halinin rifah hal\u0131n\u0131n g\u00fccl\u0259ndirilm\u0259sin\u0259 \u0259lav\u0259 t\u00f6hf\u0259 veril\u0259c\u0259yini, h\u0259m\u00e7inin aktiv hasilat sah\u0259l\u0259rin\u0259 yax\u0131n ya\u015fay\u0131\u015f m\u0259nt\u0259q\u0259l\u0259rind\u0259 sosialy\u00f6n\u00fcml\u00fc proqramlar\u0131n, ekoloji layih\u0259l\u0259rin davaml\u0131 olaraq h\u0259yata ke\u00e7iril\u0259c\u0259yi qeyd edilib.<\/p>\n\n\n\n<p>G\u00f6r\u00fc\u015f qar\u015f\u0131l\u0131ql\u0131 maraq do\u011furan dig\u0259r m\u00f6vzular\u0131n m\u00fczakir\u0259si il\u0259 davam edib, t\u0259r\u0259fl\u0259r muxtar respublikada da\u011f-m\u0259d\u0259n s\u0259nayesinin inki\u015faf etdirilm\u0259si m\u0259qs\u0259di il\u0259 birg\u0259 s\u0259yl\u0259rin g\u00fccl\u0259ndirilm\u0259sinin vacibliyi bar\u0259d\u0259 raz\u0131l\u0131\u011fa g\u0259libl\u0259r.<\/p>\n","protected":false},"excerpt":{"rendered":"<p>\u201cAzerGold\u201d QSC v\u0259 Nax\u00e7\u0131van MR-in Ekologiya v\u0259 T\u0259bii S\u0259rv\u0259tl\u0259r Nazirliyi aras\u0131nda g\u00f6r\u00fc\u015f ke\u00e7irilib Nax\u00e7\u0131van MR-da \u201cAzerGold\u201d Qapal\u0131 S\u0259hmdar C\u0259miyy\u0259tinin (QSC) \u0130dar\u0259 Hey\u0259tinin s\u0259dri Zakir \u0130brahimov v\u0259 Nax\u00e7\u0131van Muxtar Respublikas\u0131n\u0131n (MR) ekologiya v\u0259 t\u0259bii s\u0259rv\u0259tl\u0259r naziri&#8230;<\/p>\n","protected":false},"author":2,"featured_media":26948,"comment_status":"closed","ping_status":"closed","sticky":false,"template":"","format":"standard","meta":{"footnotes":""},"categories":[41],"tags":[],"aioseo_notices":[],"_links":{"self":[{"href":"https:\/\/rockvell.com\/index.php?rest_route=\/wp\/v2\/posts\/26947"}],"collection":[{"href":"https:\/\/rockvell.com\/index.php?rest_route=\/wp\/v2\/posts"}],"about":[{"href":"https:\/\/rockvell.com\/index.php?rest_route=\/wp\/v2\/types\/post"}],"author":[{"embeddable":true,"href":"https:\/\/rockvell.com\/index.php?rest_route=\/wp\/v2\/users\/2"}],"replies":[{"embeddable":true,"href":"https:\/\/rockvell.com\/index.php?rest_route=%2Fwp%2Fv2%2Fcomments&post=26947"}],"version-history":[{"count":1,"href":"https:\/\/rockvell.com\/index.php?rest_route=\/wp\/v2\/posts\/26947\/revisions"}],"predecessor-version":[{"id":26949,"href":"https:\/\/rockvell.com\/index.php?rest_route=\/wp\/v2\/posts\/26947\/revisions\/26949"}],"wp:featuredmedia":[{"embeddable":true,"href":"https:\/\/rockvell.com\/index.php?rest_route=\/wp\/v2\/media\/26948"}],"wp:attachment":[{"href":"https:\/\/rockvell.com\/index.php?rest_route=%2Fwp%2Fv2%2Fmedia&parent=26947"}],"wp:term":[{"taxonomy":"category","embeddable":true,"href":"https:\/\/rockvell.com\/index.php?rest_route=%2Fwp%2Fv2%2Fcategories&post=26947"},{"taxonomy":"post_tag","embeddable":true,"href":"https:\/\/rockvell.com\/index.php?rest_route=%2Fwp%2Fv2%2Ftags&post=26947"}],"curies":[{"name":"wp","href":"https:\/\/api.w.org\/{rel}","templated":true}]}}