{"id":26986,"date":"2024-08-13T05:00:00","date_gmt":"2024-08-13T02:00:00","guid":{"rendered":"https:\/\/rockvell.com\/?p=26986"},"modified":"2024-08-13T16:25:35","modified_gmt":"2024-08-13T13:25:35","slug":"edis-yenid%c9%99n-bakiya-g%c9%99lir","status":"publish","type":"post","link":"https:\/\/rockvell.com\/?p=26986","title":{"rendered":"Edis yenid\u0259n Bak\u0131ya g\u0259lir"},"content":{"rendered":"\n<p class=\"has-medium-font-size\"><strong>Edis yenid\u0259n Bak\u0131ya g\u0259lir<\/strong><\/p>\n\n\n<div class=\"wp-block-image\">\n<figure class=\"aligncenter size-large is-resized\"><img loading=\"lazy\" decoding=\"async\" width=\"1024\" height=\"640\" src=\"https:\/\/rockvell.com\/wp-content\/uploads\/2024\/08\/IMG-20240813-WA0005-1024x640.jpg\" alt=\"\" class=\"wp-image-26987\" style=\"width:409px;height:auto\" srcset=\"https:\/\/rockvell.com\/wp-content\/uploads\/2024\/08\/IMG-20240813-WA0005-1024x640.jpg 1024w, https:\/\/rockvell.com\/wp-content\/uploads\/2024\/08\/IMG-20240813-WA0005-300x188.jpg 300w, https:\/\/rockvell.com\/wp-content\/uploads\/2024\/08\/IMG-20240813-WA0005-768x480.jpg 768w, https:\/\/rockvell.com\/wp-content\/uploads\/2024\/08\/IMG-20240813-WA0005-360x225.jpg 360w, https:\/\/rockvell.com\/wp-content\/uploads\/2024\/08\/IMG-20240813-WA0005.jpg 1280w\" sizes=\"(max-width: 1024px) 100vw, 1024px\" \/><\/figure><\/div>\n\n\n<p>M\u0259\u015fhur t\u00fcrk ifa\u00e7\u0131 Edis \u00fc\u00e7\u00fcnc\u00fc d\u0259f\u0259 Bak\u0131ya g\u0259lir. \u00d6t\u0259n il \u201cCrsytall Hall\u201dda 9 min n\u0259f\u0259rin qar\u015f\u0131s\u0131na \u00e7\u0131xan pop ulduz bu il iki g\u00fcn konsert ver\u0259c\u0259k. S\u0259n\u0259t\u00e7inin gec\u0259si Bak\u0131 Konqress M\u0259rk\u0259zind\u0259 25-26 oktyabr tarixl\u0259rind\u0259 ba\u015f tutacaq. Edis hitl\u0259ri, r\u0259qqaslar\u0131 v\u0259 canl\u0131 musiqil\u0259ri il\u0259 sev\u0259nl\u0259rinin qar\u015f\u0131s\u0131na \u00e7\u0131xacaq.<\/p>\n","protected":false},"excerpt":{"rendered":"<p>Edis yenid\u0259n Bak\u0131ya g\u0259lir M\u0259\u015fhur t\u00fcrk ifa\u00e7\u0131 Edis \u00fc\u00e7\u00fcnc\u00fc d\u0259f\u0259 Bak\u0131ya g\u0259lir. \u00d6t\u0259n il \u201cCrsytall Hall\u201dda 9 min n\u0259f\u0259rin qar\u015f\u0131s\u0131na \u00e7\u0131xan pop ulduz bu il iki g\u00fcn konsert ver\u0259c\u0259k. S\u0259n\u0259t\u00e7inin gec\u0259si Bak\u0131 Konqress M\u0259rk\u0259zind\u0259 25-26&#8230;<\/p>\n","protected":false},"author":2,"featured_media":26987,"comment_status":"closed","ping_status":"closed","sticky":false,"template":"","format":"standard","meta":{"footnotes":""},"categories":[46],"tags":[],"aioseo_notices":[],"_links":{"self":[{"href":"https:\/\/rockvell.com\/index.php?rest_route=\/wp\/v2\/posts\/26986"}],"collection":[{"href":"https:\/\/rockvell.com\/index.php?rest_route=\/wp\/v2\/posts"}],"about":[{"href":"https:\/\/rockvell.com\/index.php?rest_route=\/wp\/v2\/types\/post"}],"author":[{"embeddable":true,"href":"https:\/\/rockvell.com\/index.php?rest_route=\/wp\/v2\/users\/2"}],"replies":[{"embeddable":true,"href":"https:\/\/rockvell.com\/index.php?rest_route=%2Fwp%2Fv2%2Fcomments&post=26986"}],"version-history":[{"count":1,"href":"https:\/\/rockvell.com\/index.php?rest_route=\/wp\/v2\/posts\/26986\/revisions"}],"predecessor-version":[{"id":26988,"href":"https:\/\/rockvell.com\/index.php?rest_route=\/wp\/v2\/posts\/26986\/revisions\/26988"}],"wp:featuredmedia":[{"embeddable":true,"href":"https:\/\/rockvell.com\/index.php?rest_route=\/wp\/v2\/media\/26987"}],"wp:attachment":[{"href":"https:\/\/rockvell.com\/index.php?rest_route=%2Fwp%2Fv2%2Fmedia&parent=26986"}],"wp:term":[{"taxonomy":"category","embeddable":true,"href":"https:\/\/rockvell.com\/index.php?rest_route=%2Fwp%2Fv2%2Fcategories&post=26986"},{"taxonomy":"post_tag","embeddable":true,"href":"https:\/\/rockvell.com\/index.php?rest_route=%2Fwp%2Fv2%2Ftags&post=26986"}],"curies":[{"name":"wp","href":"https:\/\/api.w.org\/{rel}","templated":true}]}}