{"id":26995,"date":"2024-08-13T07:00:00","date_gmt":"2024-08-13T04:00:00","guid":{"rendered":"https:\/\/rockvell.com\/?p=26995"},"modified":"2024-08-13T16:37:37","modified_gmt":"2024-08-13T13:37:37","slug":"kobia-yaninda-daimi-f%c9%99aliyy%c9%99t-gost%c9%99r%c9%99n-koordinasiya-qrupunun-ilk-iclasi-kecirilib","status":"publish","type":"post","link":"https:\/\/rockvell.com\/?p=26995","title":{"rendered":"KOB\u0130A yan\u0131nda daimi f\u0259aliyy\u0259t g\u00f6st\u0259r\u0259n Koordinasiya Qrupunun ilk iclas\u0131 ke\u00e7irilib"},"content":{"rendered":"\n<p class=\"has-medium-font-size\"><strong>KOB\u0130A yan\u0131nda daimi f\u0259aliyy\u0259t g\u00f6st\u0259r\u0259n Koordinasiya Qrupunun ilk iclas\u0131 ke\u00e7irilib<\/strong><\/p>\n\n\n\n<p><em>KOB\u0130A yan\u0131nda daimi f\u0259aliyy\u0259t g\u00f6st\u0259r\u0259n<\/em><strong> <\/strong><em>Koordinasiya Qrupunun f\u0259aliyy\u0259tinin daha \u00e7evik t\u0259\u015fkili \u00fc\u00e7\u00fcn operativ m\u00fczakir\u0259 platformalar\u0131n\u0131n v\u0259 tematik i\u015f\u00e7i qruplar\u0131n\u0131n yarad\u0131lmas\u0131 n\u0259z\u0259rd\u0259 tutulur.<\/em><\/p>\n\n\n\n<p>M\u00fcvafiq d\u00f6vl\u0259t qurumlar\u0131n\u0131n n\u00fcmay\u0259nd\u0259l\u0259rinin i\u015ftirak\u0131 il\u0259 Ki\u00e7ik v\u0259 Orta Biznesin \u0130nki\u015faf\u0131 Agentliyi (KOB\u0130A) yan\u0131nda daimi f\u0259aliyy\u0259t g\u00f6st\u0259r\u0259n Koordinasiya Qrupunun ilk iclas\u0131 ke\u00e7irilib. <\/p>\n\n\n\n<figure class=\"wp-block-gallery has-nested-images columns-default is-cropped wp-block-gallery-1 is-layout-flex wp-block-gallery-is-layout-flex\">\n<figure class=\"wp-block-image size-large\"><a href=\"https:\/\/rockvell.com\/wp-content\/uploads\/2024\/08\/01-scaled.jpg\" target=\"_blank\" rel=\"noopener\" data-rel=\"lightbox-gallery-CH8BJAxQ\" data-rl_title=\"\" data-rl_caption=\"\" title=\"\"><img loading=\"lazy\" decoding=\"async\" width=\"1024\" height=\"631\" data-id=\"26997\" src=\"https:\/\/rockvell.com\/wp-content\/uploads\/2024\/08\/01-1024x631.jpg\" alt=\"\" class=\"wp-image-26997\" srcset=\"https:\/\/rockvell.com\/wp-content\/uploads\/2024\/08\/01-1024x631.jpg 1024w, https:\/\/rockvell.com\/wp-content\/uploads\/2024\/08\/01-300x185.jpg 300w, https:\/\/rockvell.com\/wp-content\/uploads\/2024\/08\/01-768x473.jpg 768w, https:\/\/rockvell.com\/wp-content\/uploads\/2024\/08\/01-1536x947.jpg 1536w, https:\/\/rockvell.com\/wp-content\/uploads\/2024\/08\/01-2048x1263.jpg 2048w, https:\/\/rockvell.com\/wp-content\/uploads\/2024\/08\/01-360x222.jpg 360w\" sizes=\"(max-width: 1024px) 100vw, 1024px\" \/><\/a><\/figure>\n\n\n\n<figure class=\"wp-block-image size-large\"><a href=\"https:\/\/rockvell.com\/wp-content\/uploads\/2024\/08\/04-scaled.jpg\" target=\"_blank\" rel=\"noopener\" data-rel=\"lightbox-gallery-CH8BJAxQ\" data-rl_title=\"\" data-rl_caption=\"\" title=\"\"><img loading=\"lazy\" decoding=\"async\" width=\"1024\" height=\"696\" data-id=\"26996\" src=\"https:\/\/rockvell.com\/wp-content\/uploads\/2024\/08\/04-1024x696.jpg\" alt=\"\" class=\"wp-image-26996\" srcset=\"https:\/\/rockvell.com\/wp-content\/uploads\/2024\/08\/04-1024x696.jpg 1024w, https:\/\/rockvell.com\/wp-content\/uploads\/2024\/08\/04-300x204.jpg 300w, https:\/\/rockvell.com\/wp-content\/uploads\/2024\/08\/04-768x522.jpg 768w, https:\/\/rockvell.com\/wp-content\/uploads\/2024\/08\/04-1536x1044.jpg 1536w, https:\/\/rockvell.com\/wp-content\/uploads\/2024\/08\/04-2048x1392.jpg 2048w, https:\/\/rockvell.com\/wp-content\/uploads\/2024\/08\/04-360x245.jpg 360w\" sizes=\"(max-width: 1024px) 100vw, 1024px\" \/><\/a><\/figure>\n<\/figure>\n\n\n\n<p>Koordinasiya Qrupunun s\u0259dri, iqtisadiyyat nazirinin birinci m\u00fcavini Elnur \u018fliyev \u00f6lk\u0259d\u0259 sahibkarl\u0131\u011f\u0131n inki\u015faf\u0131, biznes v\u0259 investisiya m\u00fchitinin davaml\u0131 olaraq yax\u015f\u0131la\u015fd\u0131r\u0131lmas\u0131 v\u0259 bu sah\u0259d\u0259 qanunvericiliyin t\u0259kmill\u0259\u015fdirilm\u0259si t\u0259dbirl\u0259ri bar\u0259d\u0259 m\u0259lumat verib. Qeyd olunub ki, qar\u015f\u0131dak\u0131 ortam\u00fcdd\u0259tli d\u00f6vr \u00fc\u00e7\u00fcn h\u0259d\u0259fl\u0259r\u0259 nail olunmas\u0131nda f\u0259aliyy\u0259td\u0259 olan biznesl\u0259rin 99%-d\u0259n \u00e7ox hiss\u0259sini t\u0259\u015fkil ed\u0259n KOB subyektl\u0259ri \u0259h\u0259miyy\u0259tli rol oynay\u0131r. KOB sektorunun dayan\u0131ql\u0131\u011f\u0131n\u0131n art\u0131r\u0131lmas\u0131, m\u0259hsuldarl\u0131\u011f\u0131n y\u00fcks\u0259ldilm\u0259si, KOB-lar\u0131n b\u00f6y\u00fcm\u0259sinin d\u0259st\u0259kl\u0259nm\u0259si, qar\u015f\u0131la\u015fd\u0131qlar\u0131 mane\u0259l\u0259rin operativ h\u0259lli, h\u00fcquqi v\u0259 t\u0259nziml\u0259yici \u00e7\u0259r\u00e7iv\u0259l\u0259rin yeni reall\u0131qlara uy\u011fun t\u0259kmill\u0259\u015fdirilm\u0259si, r\u0259q\u0259msalla\u015fman\u0131n v\u0259 \u201cya\u015f\u0131l\u201d yana\u015fmalar\u0131n t\u0259tbiqinin s\u00fcr\u0259tl\u0259ndirilm\u0259si, y\u00fcks\u0259k \u0259lav\u0259 d\u0259y\u0259r yaradan sah\u0259l\u0259rd\u0259 KOB subyektl\u0259rinin say\u0131n\u0131n art\u0131r\u0131lmas\u0131 ba\u015fl\u0131ca h\u0259d\u0259fl\u0259r s\u0131ras\u0131ndad\u0131r. Bu h\u0259d\u0259fl\u0259r\u0259 nail olunmas\u0131nda, o c\u00fcml\u0259d\u0259n KOB-lar\u0131n inki\u015faf\u0131n\u0131n daha geni\u015f d\u0259st\u0259kl\u0259nm\u0259si, aktual m\u0259s\u0259l\u0259l\u0259rin \u00e7evik h\u0259lli \u00fc\u00e7\u00fcn aidiyy\u0259ti d\u00f6vl\u0259t qurumlar\u0131n\u0131n birg\u0259 f\u0259aliyy\u0259ti vacibdir. Koordinasiya Qrupu bu bax\u0131mdan \u0259lveri\u015fli platforma olacaqd\u0131r.<\/p>\n\n\n\n<p>KOB\u0130A-n\u0131n \u0130dar\u0259 Hey\u0259tinin s\u0259dri Orxan M\u0259mm\u0259dov Koordinasiya Qrupunun f\u0259aliyy\u0259tinin t\u0259\u015fkili il\u0259 ba\u011fl\u0131 m\u0259lumat verib. Bildirilib ki, KOB-lara d\u0259st\u0259k m\u0259qs\u0259dil\u0259 KOB\u0130A f\u0259aliyy\u0259tini ikit\u0259r\u0259fli v\u0259 \u00e7oxt\u0259r\u0259fli layih\u0259 v\u0259 t\u0259\u015f\u0259bb\u00fcsl\u0259r, sah\u0259vi g\u00f6r\u00fc\u015fl\u0259r v\u0259 ictimai m\u00fczakir\u0259 platformalar\u0131 vasit\u0259sil\u0259 maraql\u0131 t\u0259r\u0259fl\u0259rin sektordak\u0131 prosesl\u0259r\u0259 yax\u0131ndan c\u0259lb edilm\u0259si \u00fcz\u0259rind\u0259 qurub. Koordinasiya Qrupunun yarad\u0131lmas\u0131 il\u0259 \u0259laq\u0259l\u0259ndirm\u0259 v\u0259 i\u015ftirak\u00e7\u0131l\u0131q m\u0259s\u0259l\u0259l\u0259ri m\u0259zmun v\u0259 keyfiyy\u0259t bax\u0131m\u0131ndan yeni, daha strateji m\u0259rh\u0259l\u0259y\u0259 ke\u00e7ib. Qar\u015f\u0131dak\u0131 d\u00f6vrd\u0259 Qrupun f\u0259aliyy\u0259tinin daha \u00e7evik t\u0259\u015fkili m\u0259qs\u0259dil\u0259 x\u00fcsusi m\u0259s\u0259l\u0259l\u0259r \u00fczr\u0259 bir ne\u00e7\u0259 qurumun n\u00fcmay\u0259nd\u0259l\u0259rinin i\u015ftirak\u0131 il\u0259 operativ m\u00fczakir\u0259 platformalar\u0131n\u0131n v\u0259 ya tematik i\u015f\u00e7i qruplar\u0131n\u0131n yarad\u0131lmas\u0131 h\u0259d\u0259fl\u0259nir. KOB sektorunun inki\u015faf\u0131na y\u00f6n\u0259ldilmi\u015f f\u0259aliyy\u0259tin \u00f6lk\u0259mizd\u0259 biznes m\u00fchitinin daha da t\u0259kmill\u0259\u015fm\u0259sin\u0259, el\u0259c\u0259 d\u0259 beyn\u0259lxalq reytinql\u0259r \u00fczr\u0259 m\u00f6vqeyinin g\u00fccl\u0259nm\u0259sin\u0259 \u0259lav\u0259 d\u0259st\u0259k ver\u0259 bil\u0259c\u0259yi n\u0259z\u0259r\u0259 al\u0131naraq, Koordinasiya Qrupunda m\u00fczakir\u0259 edil\u0259c\u0259k m\u0259s\u0259l\u0259l\u0259r v\u0259 t\u0259\u015f\u0259bb\u00fcsl\u0259r Az\u0259rbaycan Respublikas\u0131n\u0131n Biznes M\u00fchiti v\u0259 Beyn\u0259lxalq Reytinql\u0259r \u00fczr\u0259 Komissiyas\u0131na da t\u0259qdim edil\u0259c\u0259k.<\/p>\n\n\n\n<p>\u0130clasda biznesin maliyy\u0259 y\u00fck\u00fcn\u0259 dair m\u00f6vcud v\u0259ziyy\u0259t v\u0259 h\u0259d\u0259fl\u0259r\u0259, KOB evl\u0259rind\u0259 G2B xidm\u0259tl\u0259rin s\u0259m\u0259r\u0259li t\u0259\u015fkilin\u0259, yeni yarad\u0131lacaq KOB evl\u0259ri \u00fczr\u0259 d\u00f6vl\u0259t qurumlar\u0131 il\u0259 f\u0259aliyy\u0259tin koordinasiyas\u0131na dair t\u0259qdimatlar ke\u00e7irilib, m\u00fczakir\u0259l\u0259r apar\u0131l\u0131b v\u0259 d\u00f6vl\u0259t qurumlar\u0131n\u0131n t\u0259klifl\u0259ri dinl\u0259nilib.<\/p>\n\n\n\n<p>Koordinasiya Qrupunun \u00fczvl\u0259ri h\u0259m\u00e7inin, \u201cBak\u0131 KOB evi\u201dnd\u0259 sahibkarlara G2B v\u0259 B2B xidm\u0259tl\u0259rin g\u00f6st\u0259rilm\u0259si \u00fc\u00e7\u00fcn yarad\u0131lm\u0131\u015f \u015f\u0259raitl\u0259 d\u0259 tan\u0131\u015f olublar.<\/p>\n\n\n\n<p>Qeyd ed\u0259k ki, mikro, ki\u00e7ik v\u0259 orta sahibkarl\u0131\u011f\u0131n inki\u015faf\u0131 sah\u0259sind\u0259 f\u0259aliyy\u0259tin \u0259laq\u0259l\u0259ndirilm\u0259si m\u0259qs\u0259dil\u0259 Koordinasiya Qrupunun yarad\u0131lmas\u0131 2 dekabr 2022-ci il tarixli \u201cMikro, ki\u00e7ik v\u0259 orta sahibkarl\u0131\u011f\u0131n inki\u015faf\u0131 haqq\u0131nda\u201d Qanunla t\u0259sbit edilib. Nazirl\u0259r Kabinetinin 2024-c\u00fc il 13 yanvar tarixli Q\u0259rar\u0131 il\u0259 is\u0259 KOB\u0130A yan\u0131nda daimi f\u0259aliyy\u0259t g\u00f6st\u0259r\u0259n Koordinasiya Qrupu yarad\u0131l\u0131b v\u0259 \u0259sasnam\u0259si t\u0259sdiq olunub. Koordinasiya Qrupu KOB-lar\u0131n inki\u015faf\u0131 sah\u0259sind\u0259 f\u0259aliyy\u0259tin \u0259laq\u0259l\u0259ndirilm\u0259si, KOB evl\u0259rind\u0259 Koordinasiya Qrupunda t\u0259msil olun d\u00f6vl\u0259t orqanlar\u0131 il\u0259 KOB\u0130A aras\u0131nda s\u0259m\u0259r\u0259li \u0259laq\u0259l\u0259ndirm\u0259nin v\u0259 operativliyin t\u0259min edilm\u0259si m\u0259qs\u0259dil\u0259 Agentlik yan\u0131nda yarad\u0131lm\u0131\u015f d\u00f6vl\u0259t orqanlar\u0131n\u0131n n\u00fcmay\u0259nd\u0259l\u0259rind\u0259n ibar\u0259t ictimai \u0259saslarla daimi f\u0259aliyy\u0259t g\u00f6st\u0259r\u0259n kollegial orqand\u0131r. Koordinasiya Qrupunda 30-a yax\u0131n d\u00f6vl\u0259t qurumunun n\u00fcmay\u0259nd\u0259si t\u0259msil olunur.<\/p>\n","protected":false},"excerpt":{"rendered":"<p>KOB\u0130A yan\u0131nda daimi f\u0259aliyy\u0259t g\u00f6st\u0259r\u0259n Koordinasiya Qrupunun ilk iclas\u0131 ke\u00e7irilib KOB\u0130A yan\u0131nda daimi f\u0259aliyy\u0259t g\u00f6st\u0259r\u0259n Koordinasiya Qrupunun f\u0259aliyy\u0259tinin daha \u00e7evik t\u0259\u015fkili \u00fc\u00e7\u00fcn operativ m\u00fczakir\u0259 platformalar\u0131n\u0131n v\u0259 tematik i\u015f\u00e7i qruplar\u0131n\u0131n yarad\u0131lmas\u0131 n\u0259z\u0259rd\u0259 tutulur. M\u00fcvafiq d\u00f6vl\u0259t qurumlar\u0131n\u0131n&#8230;<\/p>\n","protected":false},"author":2,"featured_media":26997,"comment_status":"closed","ping_status":"closed","sticky":false,"template":"","format":"standard","meta":{"footnotes":""},"categories":[41],"tags":[],"aioseo_notices":[],"_links":{"self":[{"href":"https:\/\/rockvell.com\/index.php?rest_route=\/wp\/v2\/posts\/26995"}],"collection":[{"href":"https:\/\/rockvell.com\/index.php?rest_route=\/wp\/v2\/posts"}],"about":[{"href":"https:\/\/rockvell.com\/index.php?rest_route=\/wp\/v2\/types\/post"}],"author":[{"embeddable":true,"href":"https:\/\/rockvell.com\/index.php?rest_route=\/wp\/v2\/users\/2"}],"replies":[{"embeddable":true,"href":"https:\/\/rockvell.com\/index.php?rest_route=%2Fwp%2Fv2%2Fcomments&post=26995"}],"version-history":[{"count":1,"href":"https:\/\/rockvell.com\/index.php?rest_route=\/wp\/v2\/posts\/26995\/revisions"}],"predecessor-version":[{"id":26998,"href":"https:\/\/rockvell.com\/index.php?rest_route=\/wp\/v2\/posts\/26995\/revisions\/26998"}],"wp:featuredmedia":[{"embeddable":true,"href":"https:\/\/rockvell.com\/index.php?rest_route=\/wp\/v2\/media\/26997"}],"wp:attachment":[{"href":"https:\/\/rockvell.com\/index.php?rest_route=%2Fwp%2Fv2%2Fmedia&parent=26995"}],"wp:term":[{"taxonomy":"category","embeddable":true,"href":"https:\/\/rockvell.com\/index.php?rest_route=%2Fwp%2Fv2%2Fcategories&post=26995"},{"taxonomy":"post_tag","embeddable":true,"href":"https:\/\/rockvell.com\/index.php?rest_route=%2Fwp%2Fv2%2Ftags&post=26995"}],"curies":[{"name":"wp","href":"https:\/\/api.w.org\/{rel}","templated":true}]}}