{"id":27019,"date":"2024-08-14T07:00:00","date_gmt":"2024-08-14T04:00:00","guid":{"rendered":"https:\/\/rockvell.com\/?p=27019"},"modified":"2024-08-14T21:49:46","modified_gmt":"2024-08-14T18:49:46","slug":"yaxt-klubda-x%c9%99z%c9%99r-gunun%c9%99-h%c9%99sr-olunmus-t%c9%99dbir-kecirilib","status":"publish","type":"post","link":"https:\/\/rockvell.com\/?p=27019","title":{"rendered":"Yaxt Klubda X\u0259z\u0259r G\u00fcn\u00fcn\u0259 h\u0259sr olunmu\u015f t\u0259dbir ke\u00e7irilib"},"content":{"rendered":"\n<p class=\"has-medium-font-size\"><strong>Yaxt Klubda X\u0259z\u0259r G\u00fcn\u00fcn\u0259 h\u0259sr olunmu\u015f t\u0259dbir ke\u00e7irilib<\/strong><\/p>\n\n\n\n<p>\u201cAz\u0259rbaycan X\u0259z\u0259r D\u0259niz G\u0259mi\u00e7iliyi\u201d QSC-nin (ASCO), Ekologiya v\u0259 T\u0259bii S\u0259rv\u0259tl\u0259r Nazirliyinin X\u0259z\u0259r Kompleks Ekoloji Monitorinq \u0130dar\u0259sinin, F\u00f6vq\u0259lad\u0259 Hallar Nazirliyinin X\u0259z\u0259r H\u00f6vz\u0259 Q\u0259za-xilasetm\u0259 Xidm\u0259tinin v\u0259 D\u0259nizk\u0259nar\u0131 Bulvar \u0130dar\u0259sinin \u0259m\u0259kda\u015flar\u0131n\u0131n i\u015ftirak\u0131 il\u0259 X\u0259z\u0259r G\u00fcn\u00fcn\u0259 h\u0259sr olunmu\u015f g\u00f6r\u00fc\u015f ke\u00e7irilib.<\/p>\n\n\n\n<figure class=\"wp-block-gallery aligncenter has-nested-images columns-default is-cropped wp-block-gallery-1 is-layout-flex wp-block-gallery-is-layout-flex\">\n<figure class=\"wp-block-image size-large\"><a href=\"https:\/\/rockvell.com\/wp-content\/uploads\/2024\/08\/514371723611884.jpg\" target=\"_blank\" rel=\"noopener\" data-rel=\"lightbox-gallery-mZmM1d1L\" data-rl_title=\"\" data-rl_caption=\"\" title=\"\"><img loading=\"lazy\" decoding=\"async\" width=\"900\" height=\"600\" data-id=\"27021\" src=\"https:\/\/rockvell.com\/wp-content\/uploads\/2024\/08\/514371723611884.jpg\" alt=\"\" class=\"wp-image-27021\" srcset=\"https:\/\/rockvell.com\/wp-content\/uploads\/2024\/08\/514371723611884.jpg 900w, https:\/\/rockvell.com\/wp-content\/uploads\/2024\/08\/514371723611884-300x200.jpg 300w, https:\/\/rockvell.com\/wp-content\/uploads\/2024\/08\/514371723611884-768x512.jpg 768w, https:\/\/rockvell.com\/wp-content\/uploads\/2024\/08\/514371723611884-360x240.jpg 360w\" sizes=\"(max-width: 900px) 100vw, 900px\" \/><\/a><\/figure>\n\n\n\n<figure class=\"wp-block-image size-large\"><a href=\"https:\/\/rockvell.com\/wp-content\/uploads\/2024\/08\/931861723611884.jpg\" target=\"_blank\" rel=\"noopener\" data-rel=\"lightbox-gallery-mZmM1d1L\" data-rl_title=\"\" data-rl_caption=\"\" title=\"\"><img loading=\"lazy\" decoding=\"async\" width=\"900\" height=\"600\" data-id=\"27020\" src=\"https:\/\/rockvell.com\/wp-content\/uploads\/2024\/08\/931861723611884.jpg\" alt=\"\" class=\"wp-image-27020\" srcset=\"https:\/\/rockvell.com\/wp-content\/uploads\/2024\/08\/931861723611884.jpg 900w, https:\/\/rockvell.com\/wp-content\/uploads\/2024\/08\/931861723611884-300x200.jpg 300w, https:\/\/rockvell.com\/wp-content\/uploads\/2024\/08\/931861723611884-768x512.jpg 768w, https:\/\/rockvell.com\/wp-content\/uploads\/2024\/08\/931861723611884-360x240.jpg 360w\" sizes=\"(max-width: 900px) 100vw, 900px\" \/><\/a><\/figure>\n<\/figure>\n\n\n\n<p>Yaxt Klubda ba\u015f tutan g\u00f6r\u00fc\u015fd\u0259 vur\u011fulan\u0131b ki, Az\u0259rbaycan Prezidenti \u0130lham \u018fliyev t\u0259r\u0259find\u0259n 2024-c\u00fc ilin \u201cYa\u015f\u0131l d\u00fcnya namin\u0259 h\u0259mr\u0259ylik ili\u201d elan edilm\u0259si v\u0259 BMT-nin \u0130qlim D\u0259yi\u015fm\u0259l\u0259ri \u00fczr\u0259 \u00c7\u0259r\u00e7iv\u0259 Konvensiyas\u0131n\u0131n T\u0259r\u0259fl\u0259r Konfrans\u0131n\u0131n 29-cu sessiyas\u0131n\u0131n (\u201cCOP29\u201d) \u00f6lk\u0259mizd\u0259 ke\u00e7irilm\u0259si b\u00fct\u00fcn sah\u0259l\u0259rd\u0259 ekoloji m\u0259s\u0259l\u0259l\u0259r\u0259, o c\u00fcml\u0259d\u0259n X\u0259z\u0259r d\u0259nizinin \u0259traf m\u00fchitin\u0259 diqq\u0259tin daha da art\u0131r\u0131lmas\u0131na s\u0259b\u0259b olub.<\/p>\n\n\n\n<p>T\u0259dbir zaman\u0131 Ekologiya v\u0259 T\u0259bii S\u0259rv\u0259tl\u0259r Nazirliyinin X\u0259z\u0259r Kompleks Ekoloji Monitorinq \u0130dar\u0259sinin \u0259m\u0259kda\u015flar\u0131 X\u0259z\u0259r d\u0259nizinin m\u00fchafiz\u0259si sah\u0259sind\u0259 h\u0259yata ke\u00e7iril\u0259n t\u0259dbirl\u0259r, apar\u0131lan monitorinql\u0259r, \u201cCOP29\u201d-a haz\u0131rl\u0131q \u00e7\u0259r\u00e7iv\u0259sind\u0259 g\u00f6r\u00fcl\u0259n i\u015fl\u0259r bar\u0259d\u0259 \u0259trafl\u0131 m\u0259lumat veribl\u0259r.<\/p>\n\n\n\n<p>ASCO n\u00fcmay\u0259nd\u0259l\u0259ri \u00e7\u0131x\u0131\u015flar\u0131nda bildiribl\u0259r ki, ekoloji idar\u0259etm\u0259 sah\u0259sind\u0259 qabaqc\u0131l t\u0259\u015f\u0259bb\u00fcsl\u0259rin t\u0259tbiqi \u015firk\u0259tin strateji h\u0259d\u0259fl\u0259rind\u0259n biridir. Bu istiqam\u0259td\u0259 ASCO su, enerji v\u0259 dig\u0259r \u0259traf m\u00fchit aspektl\u0259rini \u0259hat\u0259 ed\u0259n resurslardan q\u0259na\u0259tl\u0259 istfad\u0259 edilm\u0259si \u00fc\u00e7\u00fcn t\u0259dbirl\u0259r g\u00f6r\u00fcr, o c\u00fcml\u0259d\u0259n g\u0259mil\u0259rd\u0259 v\u0259 sahil obyektl\u0259rind\u0259 bu sah\u0259 \u00fczr\u0259 innovasiyalar\u0131n t\u0259tbiqi istiqam\u0259tind\u0259 i\u015fl\u0259r h\u0259yata ke\u00e7irir.<\/p>\n\n\n\n<p>T\u0259dbird\u0259 X\u0259z\u0259r d\u0259nizinin s\u0259viyy\u0259sinin enm\u0259si m\u00f6vzusu x\u00fcsusil\u0259 diqq\u0259t m\u0259rk\u0259zind\u0259 olub. Bu istiqam\u0259td\u0259 g\u00f6r\u00fc\u015f i\u015ftirak\u00e7\u0131lar\u0131 geni\u015f fikir m\u00fcbadil\u0259si apararaq problemin aradan qald\u0131r\u0131lmas\u0131na y\u00f6n\u0259lik t\u0259klifl\u0259rini s\u0259sl\u0259ndiribl\u0259r.&nbsp;<\/p>\n\n\n\n<p>Xat\u0131rladaq ki, 12 avqust 2006-c\u0131 ild\u0259 \u201cX\u0259z\u0259r d\u0259nizinin d\u0259niz \u0259traf m\u00fchitinin m\u00fchafiz\u0259si haqq\u0131nda \u00c7\u0259r\u00e7iv\u0259 Konvensiyas\u0131\u201d q\u00fcvv\u0259y\u0259 mindikd\u0259n sonra h\u0259r ilin 12 avqust tarixi X\u0259z\u0259r G\u00fcn\u00fc kimi qeyd edilir. G\u00fcn\u00fcn qeyd edilm\u0259sind\u0259 \u0259sas m\u0259qs\u0259d X\u0259z\u0259r d\u0259nizinin \u0259traf m\u00fchitinin \u00e7irkl\u0259nm\u0259d\u0259n qorunmas\u0131, o c\u00fcml\u0259d\u0259n X\u0259z\u0259r d\u0259nizinin bioloji ehtiyatlar\u0131n\u0131n qorunmas\u0131, m\u00fchafiz\u0259si, b\u0259rpas\u0131, davaml\u0131 v\u0259 s\u0259m\u0259r\u0259li istifad\u0259 edilm\u0259si v\u0259 bu istiqam\u0259td\u0259 \u0259halinin maarifl\u0259ndirilm\u0259sind\u0259n ibar\u0259tdir.<\/p>\n","protected":false},"excerpt":{"rendered":"<p>Yaxt Klubda X\u0259z\u0259r G\u00fcn\u00fcn\u0259 h\u0259sr olunmu\u015f t\u0259dbir ke\u00e7irilib \u201cAz\u0259rbaycan X\u0259z\u0259r D\u0259niz G\u0259mi\u00e7iliyi\u201d QSC-nin (ASCO), Ekologiya v\u0259 T\u0259bii S\u0259rv\u0259tl\u0259r Nazirliyinin X\u0259z\u0259r Kompleks Ekoloji Monitorinq \u0130dar\u0259sinin, F\u00f6vq\u0259lad\u0259 Hallar Nazirliyinin X\u0259z\u0259r H\u00f6vz\u0259 Q\u0259za-xilasetm\u0259 Xidm\u0259tinin v\u0259 D\u0259nizk\u0259nar\u0131 Bulvar \u0130dar\u0259sinin&#8230;<\/p>\n","protected":false},"author":2,"featured_media":27020,"comment_status":"closed","ping_status":"closed","sticky":false,"template":"","format":"standard","meta":{"footnotes":""},"categories":[40],"tags":[],"aioseo_notices":[],"_links":{"self":[{"href":"https:\/\/rockvell.com\/index.php?rest_route=\/wp\/v2\/posts\/27019"}],"collection":[{"href":"https:\/\/rockvell.com\/index.php?rest_route=\/wp\/v2\/posts"}],"about":[{"href":"https:\/\/rockvell.com\/index.php?rest_route=\/wp\/v2\/types\/post"}],"author":[{"embeddable":true,"href":"https:\/\/rockvell.com\/index.php?rest_route=\/wp\/v2\/users\/2"}],"replies":[{"embeddable":true,"href":"https:\/\/rockvell.com\/index.php?rest_route=%2Fwp%2Fv2%2Fcomments&post=27019"}],"version-history":[{"count":1,"href":"https:\/\/rockvell.com\/index.php?rest_route=\/wp\/v2\/posts\/27019\/revisions"}],"predecessor-version":[{"id":27022,"href":"https:\/\/rockvell.com\/index.php?rest_route=\/wp\/v2\/posts\/27019\/revisions\/27022"}],"wp:featuredmedia":[{"embeddable":true,"href":"https:\/\/rockvell.com\/index.php?rest_route=\/wp\/v2\/media\/27020"}],"wp:attachment":[{"href":"https:\/\/rockvell.com\/index.php?rest_route=%2Fwp%2Fv2%2Fmedia&parent=27019"}],"wp:term":[{"taxonomy":"category","embeddable":true,"href":"https:\/\/rockvell.com\/index.php?rest_route=%2Fwp%2Fv2%2Fcategories&post=27019"},{"taxonomy":"post_tag","embeddable":true,"href":"https:\/\/rockvell.com\/index.php?rest_route=%2Fwp%2Fv2%2Ftags&post=27019"}],"curies":[{"name":"wp","href":"https:\/\/api.w.org\/{rel}","templated":true}]}}