{"id":27432,"date":"2024-08-26T11:00:00","date_gmt":"2024-08-26T08:00:00","guid":{"rendered":"https:\/\/rockvell.com\/?p=27432"},"modified":"2024-08-26T19:45:47","modified_gmt":"2024-08-26T16:45:47","slug":"az%c9%99rbaycan-v%c9%99t%c9%99ndaslari-xarici-birjalarda-%c9%99m%c9%99liyyat-apara-bil%c9%99c%c9%99kl%c9%99r","status":"publish","type":"post","link":"https:\/\/rockvell.com\/?p=27432","title":{"rendered":"Az\u0259rbaycan v\u0259t\u0259nda\u015flar\u0131 xarici birjalarda \u0259m\u0259liyyat apara bil\u0259c\u0259kl\u0259r"},"content":{"rendered":"\n<p class=\"has-medium-font-size\"><strong>Az\u0259rbaycan v\u0259t\u0259nda\u015flar\u0131 xarici birjalarda \u0259m\u0259liyyat apara bil\u0259c\u0259kl\u0259r<\/strong><\/p>\n\n\n\n<p>Bak\u0131 Fond Birjas\u0131 (BFB) m\u00fcmk\u00fcn birja a\u00e7\u0131l\u0131mlar\u0131na haz\u0131rla\u015f\u0131r. Bu bar\u0259d\u0259 \u201cvergiler.az\u201da BFB-d\u0259n a\u00e7\u0131qlama verilib. Bildirilib ki, bunun \u00fc\u00e7\u00fcn t\u0259l\u0259b olunan texniki v\u0259 h\u00fcquqi baza tam haz\u0131r oldu\u011fu halda m\u00fcmk\u00fcn birja a\u00e7\u0131l\u0131mlar\u0131 d\u0259y\u0259rl\u0259ndiril\u0259 bil\u0259r: \u201cAz\u0259rbaycan iqtisadiyyat\u0131n\u0131n d\u00fcnya iqtisadiyyat\u0131na inteqrasiyas\u0131n\u0131n geni\u015fl\u0259ndiyi bir m\u00fchitd\u0259 kapital bazarlar\u0131n\u0131n inki\u015faf etdirilm\u0259si istiqam\u0259tind\u0259 f\u0259aliyy\u0259tin m\u00fcasir t\u0259l\u0259bl\u0259r\u0259 uy\u011fun s\u0259m\u0259r\u0259li t\u0259\u015fkili v\u0259 beyn\u0259lxalq standartlar\u0131n t\u0259tbiqi, d\u00fcnya \u00fczr\u0259 n\u00fcfuzlu fond birjalar\u0131 v\u0259 maliyy\u0259 qurumlar\u0131 il\u0259 faydal\u0131 \u0259m\u0259kda\u015fl\u0131q m\u00fcnasib\u0259tl\u0259rinin qurulmas\u0131 Bak\u0131 Fond Birjas\u0131 \u00fc\u00e7\u00fcn m\u00fch\u00fcm \u0259h\u0259miyy\u0259t k\u0259sb edir. Bak\u0131 Fond Birjas\u0131 bu istiqam\u0259td\u0259 bir \u00e7ox qabaqc\u0131l beyn\u0259lxalq maliyy\u0259 institutlar\u0131 il\u0259 \u0259m\u0259kda\u015fl\u0131q edir. Bunlara D\u00fcnya Birjalar\u0131 Assosiasiyas\u0131, Beyn\u0259lxalq Birjalar Assosiasiyas\u0131, BMT-nin Dayan\u0131ql\u0131 Fond Birjalar\u0131 T\u0259\u015f\u0259bb\u00fcs Qrupunu misal g\u00f6st\u0259rm\u0259k olar\u201d.<\/p>\n\n\n<div class=\"wp-block-image\">\n<figure class=\"aligncenter size-large is-resized\"><img loading=\"lazy\" decoding=\"async\" width=\"1024\" height=\"640\" src=\"https:\/\/rockvell.com\/wp-content\/uploads\/2024\/07\/azerbaijan-eurasia-isometric-business-economy-growth-country-with-map-and-finance-condition-vector-T1JNT2-transformed-edited-1024x640.jpeg\" alt=\"\" class=\"wp-image-25928\" style=\"width:468px;height:auto\" srcset=\"https:\/\/rockvell.com\/wp-content\/uploads\/2024\/07\/azerbaijan-eurasia-isometric-business-economy-growth-country-with-map-and-finance-condition-vector-T1JNT2-transformed-edited-1024x640.jpeg 1024w, https:\/\/rockvell.com\/wp-content\/uploads\/2024\/07\/azerbaijan-eurasia-isometric-business-economy-growth-country-with-map-and-finance-condition-vector-T1JNT2-transformed-edited-300x188.jpeg 300w, https:\/\/rockvell.com\/wp-content\/uploads\/2024\/07\/azerbaijan-eurasia-isometric-business-economy-growth-country-with-map-and-finance-condition-vector-T1JNT2-transformed-edited-768x480.jpeg 768w, https:\/\/rockvell.com\/wp-content\/uploads\/2024\/07\/azerbaijan-eurasia-isometric-business-economy-growth-country-with-map-and-finance-condition-vector-T1JNT2-transformed-edited-360x225.jpeg 360w, https:\/\/rockvell.com\/wp-content\/uploads\/2024\/07\/azerbaijan-eurasia-isometric-business-economy-growth-country-with-map-and-finance-condition-vector-T1JNT2-transformed-edited.jpeg 1300w\" sizes=\"(max-width: 1024px) 100vw, 1024px\" \/><\/figure><\/div>\n\n\n<p>Xat\u0131rladaq ki, bir m\u00fcdd\u0259t \u00f6nc\u0259 BFB Az\u0259rbaycan v\u0259t\u0259nda\u015flar\u0131n\u0131n \u0130stanbul birjas\u0131na giri\u015f \u0259ld\u0259 ed\u0259c\u0259kl\u0259ri il\u0259 ba\u011fl\u0131 m\u0259lumat yay\u0131b. Borsa \u0130stanbul Bak\u0131 Fond Birjas\u0131n\u0131n s\u0259hmdarlar\u0131ndan biridir. BFB-nin n\u00fcmay\u0259nd\u0259 hey\u0259ti 2024-c\u00fc ilin mart ay\u0131nda \u0130stanbul birjas\u0131nda g\u00f6r\u00fc\u015f ke\u00e7irm\u0259k \u00fc\u00e7\u00fcn i\u015fg\u00fczar s\u0259f\u0259rd\u0259 olub. \u201cBu s\u0259f\u0259r \u00e7\u0259r\u00e7iv\u0259sind\u0259 t\u0259cr\u00fcb\u0259 m\u00fcbadil\u0259si il\u0259 yana\u015f\u0131, Az\u0259rbaycan v\u0259t\u0259nda\u015flar\u0131n\u0131n T\u00fcrkiy\u0259 d\u00f6vl\u0259ti, el\u0259c\u0259 d\u0259 korporativ sektorun qiym\u0259tli ka\u011f\u0131zlar\u0131na investisiya imkanlar\u0131 m\u00fczakir\u0259 edilib. Lakin m\u00fcmk\u00fcn birja \u00e7\u0131x\u0131\u015flar\u0131n\u0131n \u0259laq\u0259l\u0259ndirilm\u0259si \u0259trafl\u0131 v\u0259 uzunm\u00fcdd\u0259tli texniki v\u0259 h\u00fcquqi ara\u015fd\u0131rmalar v\u0259 haz\u0131rl\u0131qlar t\u0259l\u0259b edir. Qeyd etdiyimiz kimi, texniki v\u0259 h\u00fcquqi baza tam haz\u0131r oldu\u011fu halda m\u00fcmk\u00fcn birja a\u00e7\u0131l\u0131mlar\u0131 d\u0259y\u0259rl\u0259ndiril\u0259 bil\u0259r\u201d \u2013 dey\u0259 BFB-d\u0259n bildirilib.<\/p>\n\n\n\n<p>Dig\u0259r birjalarda d\u00f6vriyy\u0259d\u0259 olan qiym\u0259tli ka\u011f\u0131zlar\u0131 Bak\u0131 Fond Birjas\u0131na g\u0259tirm\u0259k ehtimal\u0131na g\u0259linc\u0259, bildirilib ki, Bak\u0131 Fond Birjas\u0131 m\u00fcnt\u0259z\u0259m olaraq beyn\u0259lxalq v\u0259 regional maliyy\u0259 institutlar\u0131, o c\u00fcml\u0259d\u0259n xarici birjalar il\u0259 \u0259m\u0259kda\u015fl\u0131q etm\u0259kd\u0259dir. Bu \u0259m\u0259kda\u015fl\u0131qlar \u00e7\u0259r\u00e7iv\u0259sind\u0259 t\u0259cr\u00fcb\u0259 v\u0259 bilik m\u00fcbadil\u0259si v\u0259 m\u00fcmk\u00fcn \u0259m\u0259kda\u015fl\u0131q istiqam\u0259tl\u0259ri \u00fczr\u0259 dan\u0131\u015f\u0131qlar apar\u0131l\u0131r. Xarici qiym\u0259tli ka\u011f\u0131zlar \u00fczr\u0259 ticar\u0259t \u0259m\u0259liyyatlar\u0131n\u0131n h\u0259yata ke\u00e7irilm\u0259si h\u0259m BFB, h\u0259m d\u0259 bazar\u0131n dig\u0259r pe\u015f\u0259kar i\u015ftirak\u00e7\u0131lar\u0131 t\u0259r\u0259find\u0259n texniki v\u0259 h\u00fcquqi infrastrukturun t\u0259kmill\u0259\u015fdirilm\u0259si hesab\u0131na ba\u015f tutmal\u0131d\u0131r.<\/p>\n\n\n\n<p>BFB, h\u0259m\u00e7inin, q\u0131sa v\u0259 ortam\u00fcdd\u0259tli perspektivd\u0259 Az\u0259rbaycanda fiziki \u015f\u0259xsl\u0259r \u00fc\u00e7\u00fcn kapital bazarlar\u0131na \u00e7\u0131x\u0131\u015f imkanlar\u0131n\u0131n geni\u015fl\u0259nm\u0259si istiqam\u0259tind\u0259 g\u00f6r\u00fcl\u0259n i\u015fl\u0259r\u0259 d\u0259 toxunub. Bildirilib ki, birjan\u0131n yeni strateji inki\u015faf plan\u0131 h\u0259m emitentl\u0259r, h\u0259m d\u0259 investorlar \u00fc\u00e7\u00fcn maliyy\u0259l\u0259\u015fm\u0259 v\u0259 yat\u0131r\u0131m etm\u0259 imkanlar\u0131n\u0131 \u015f\u0259ffaf v\u0259 \u0259l\u00e7atan etm\u0259yi n\u0259z\u0259r\u0259 almaqla Az\u0259rbaycan kapital bazar\u0131n\u0131n daha da d\u0259rinl\u0259\u015fm\u0259sini h\u0259d\u0259fl\u0259yir: \u201cBu m\u0259qs\u0259dl\u0259r\u0259 nail olmaq \u00fc\u00e7\u00fcn s\u0259hm bazar\u0131 v\u0259 istiqraz (borc) bazar\u0131n\u0131n inki\u015faf\u0131 istiqam\u0259tind\u0259 7 t\u0259\u015f\u0259bb\u00fcs formala\u015fd\u0131r\u0131l\u0131b. H\u0259m investorlar, h\u0259m d\u0259 maliyy\u0259l\u0259\u015f\u0259n emitentl\u0259r \u00fc\u00e7\u00fcn r\u0259q\u0259msal, \u015f\u0259ffaf v\u0259 dayan\u0131ql\u0131 tiacar\u0259t platformas\u0131n\u0131n v\u0259 bazar infrastrukturunun yarad\u0131lmas\u0131 \u0259sas prioritetl\u0259rd\u0259ndir. Fiziki \u015f\u0259xs olan investorlar\u0131n sentyabr ay\u0131nda ABB-nin s\u0259hm emissiyas\u0131n\u0131n ilkin yerl\u0259\u015fdirilm\u0259sind\u0259 v\u0259 sonradan t\u0259krar bazarda s\u0259rb\u0259st \u015f\u0259kild\u0259 ticar\u0259tini t\u0259min etm\u0259k \u00fc\u00e7\u00fcn texniki infrastrukturun imkanlar\u0131 art\u0131r\u0131l\u0131r, BFB-nin \u00fczvl\u0259ri olan investisiya \u015firk\u0259tl\u0259ri il\u0259 birlikd\u0259 BFB-nin ticar\u0259t sistemin\u0259 uzaqdan qo\u015fulma (AP\u0130) ke\u00e7idl\u0259rinin verilm\u0259si h\u0259yata ke\u00e7irilir\u201d.<\/p>\n\n\n\n<p class=\"has-text-align-right\"><strong>F\u0259rqan\u0259 Allahverdiq\u0131z\u0131<\/strong><\/p>\n","protected":false},"excerpt":{"rendered":"<p>Az\u0259rbaycan v\u0259t\u0259nda\u015flar\u0131 xarici birjalarda \u0259m\u0259liyyat apara bil\u0259c\u0259kl\u0259r Bak\u0131 Fond Birjas\u0131 (BFB) m\u00fcmk\u00fcn birja a\u00e7\u0131l\u0131mlar\u0131na haz\u0131rla\u015f\u0131r. Bu bar\u0259d\u0259 \u201cvergiler.az\u201da BFB-d\u0259n a\u00e7\u0131qlama verilib. Bildirilib ki, bunun \u00fc\u00e7\u00fcn t\u0259l\u0259b olunan texniki v\u0259 h\u00fcquqi baza tam haz\u0131r oldu\u011fu halda&#8230;<\/p>\n","protected":false},"author":2,"featured_media":25928,"comment_status":"closed","ping_status":"closed","sticky":false,"template":"","format":"standard","meta":{"footnotes":""},"categories":[41],"tags":[],"aioseo_notices":[],"_links":{"self":[{"href":"https:\/\/rockvell.com\/index.php?rest_route=\/wp\/v2\/posts\/27432"}],"collection":[{"href":"https:\/\/rockvell.com\/index.php?rest_route=\/wp\/v2\/posts"}],"about":[{"href":"https:\/\/rockvell.com\/index.php?rest_route=\/wp\/v2\/types\/post"}],"author":[{"embeddable":true,"href":"https:\/\/rockvell.com\/index.php?rest_route=\/wp\/v2\/users\/2"}],"replies":[{"embeddable":true,"href":"https:\/\/rockvell.com\/index.php?rest_route=%2Fwp%2Fv2%2Fcomments&post=27432"}],"version-history":[{"count":1,"href":"https:\/\/rockvell.com\/index.php?rest_route=\/wp\/v2\/posts\/27432\/revisions"}],"predecessor-version":[{"id":27433,"href":"https:\/\/rockvell.com\/index.php?rest_route=\/wp\/v2\/posts\/27432\/revisions\/27433"}],"wp:featuredmedia":[{"embeddable":true,"href":"https:\/\/rockvell.com\/index.php?rest_route=\/wp\/v2\/media\/25928"}],"wp:attachment":[{"href":"https:\/\/rockvell.com\/index.php?rest_route=%2Fwp%2Fv2%2Fmedia&parent=27432"}],"wp:term":[{"taxonomy":"category","embeddable":true,"href":"https:\/\/rockvell.com\/index.php?rest_route=%2Fwp%2Fv2%2Fcategories&post=27432"},{"taxonomy":"post_tag","embeddable":true,"href":"https:\/\/rockvell.com\/index.php?rest_route=%2Fwp%2Fv2%2Ftags&post=27432"}],"curies":[{"name":"wp","href":"https:\/\/api.w.org\/{rel}","templated":true}]}}