{"id":29640,"date":"2024-10-18T13:00:00","date_gmt":"2024-10-18T10:00:00","guid":{"rendered":"https:\/\/rockvell.com\/?p=29640"},"modified":"2024-10-19T00:07:19","modified_gmt":"2024-10-18T21:07:19","slug":"azpromo-v%c9%99-itc-arasinda-gorus-kecirilib","status":"publish","type":"post","link":"https:\/\/rockvell.com\/?p=29640","title":{"rendered":"AZPROMO v\u0259 ITC aras\u0131nda g\u00f6r\u00fc\u015f ke\u00e7irilib"},"content":{"rendered":"\n<p class=\"has-medium-font-size\"><strong>AZPROMO v\u0259 ITC aras\u0131nda g\u00f6r\u00fc\u015f ke\u00e7irilib<\/strong><\/p>\n\n\n\n<p><em>G\u00f6r\u00fc\u015fd\u0259 ya\u015f\u0131l iqtisadiyyat\u0131n inki\u015faf\u0131, iqlim maliyy\u0259si, h\u0259m\u00e7inin ki\u00e7ik v\u0259 orta sahibkarl\u0131q subyektl\u0259rinin dayan\u0131ql\u0131 inki\u015faf prosesl\u0259rin\u0259 inteqrasiyas\u0131 kimi m\u00fch\u00fcm m\u0259s\u0259l\u0259l\u0259r vur\u011fulan\u0131b.<\/em><\/p>\n\n\n<div class=\"wp-block-image\">\n<figure class=\"aligncenter size-large is-resized\"><img loading=\"lazy\" decoding=\"async\" width=\"1024\" height=\"758\" src=\"https:\/\/rockvell.com\/wp-content\/uploads\/2024\/10\/0pR65srfJrBoMs6j9voYK7HMfefRA1Ooi11JilIx-1024x758.jpg\" alt=\"\" class=\"wp-image-29641\" style=\"width:467px;height:auto\" srcset=\"https:\/\/rockvell.com\/wp-content\/uploads\/2024\/10\/0pR65srfJrBoMs6j9voYK7HMfefRA1Ooi11JilIx-1024x758.jpg 1024w, https:\/\/rockvell.com\/wp-content\/uploads\/2024\/10\/0pR65srfJrBoMs6j9voYK7HMfefRA1Ooi11JilIx-300x222.jpg 300w, https:\/\/rockvell.com\/wp-content\/uploads\/2024\/10\/0pR65srfJrBoMs6j9voYK7HMfefRA1Ooi11JilIx-768x568.jpg 768w, https:\/\/rockvell.com\/wp-content\/uploads\/2024\/10\/0pR65srfJrBoMs6j9voYK7HMfefRA1Ooi11JilIx-1536x1136.jpg 1536w, https:\/\/rockvell.com\/wp-content\/uploads\/2024\/10\/0pR65srfJrBoMs6j9voYK7HMfefRA1Ooi11JilIx-2048x1515.jpg 2048w, https:\/\/rockvell.com\/wp-content\/uploads\/2024\/10\/0pR65srfJrBoMs6j9voYK7HMfefRA1Ooi11JilIx-360x266.jpg 360w\" sizes=\"(max-width: 1024px) 100vw, 1024px\" \/><\/figure><\/div>\n\n\n<p>\u0130xrac\u0131n v\u0259 \u0130nvestisiyalar\u0131n T\u0259\u015fviqi Agentliyi \u2013 AZPROMO v\u0259 Beyn\u0259lxalq Ticar\u0259t M\u0259rk\u0259zi (ITC) aras\u0131nda g\u00f6r\u00fc\u015f ba\u015f tutub. G\u00f6r\u00fc\u015f zaman\u0131 t\u0259r\u0259fl\u0259r COP29 \u00e7\u0259r\u00e7iv\u0259sind\u0259 h\u0259yata ke\u00e7irilm\u0259si planla\u015fd\u0131r\u0131lan birg\u0259 t\u0259\u015f\u0259bb\u00fcsl\u0259r v\u0259 t\u0259r\u0259fda\u015fl\u0131q imkanlar\u0131 bar\u0259d\u0259 fikir m\u00fcbadil\u0259si apar\u0131b.<\/p>\n\n\n\n<p>AZPROMO t\u0259r\u0259find\u0259n COP29 \u00e7\u0259r\u00e7iv\u0259sind\u0259 iqlim d\u0259yi\u015fikliyi il\u0259 m\u00fcbariz\u0259d\u0259 dayan\u0131ql\u0131 inki\u015faf\u0131 t\u0259\u015fviq etm\u0259k m\u0259qs\u0259di il\u0259 planla\u015fd\u0131r\u0131lan layih\u0259l\u0259r diqq\u0259t\u0259 \u00e7atd\u0131r\u0131l\u0131b, g\u00f6r\u00fcl\u0259n i\u015fl\u0259rin davaml\u0131l\u0131\u011f\u0131n\u0131 t\u0259min edilm\u0259si v\u0259 Az\u0259rbaycan iqtisadiyyat\u0131n\u0131n ya\u015f\u0131l inki\u015faf\u0131na t\u00f6hf\u0259 verm\u0259k \u00fc\u00e7\u00fcn birg\u0259 f\u0259aliyy\u0259tin geni\u015fl\u0259ndirilm\u0259si m\u00fczakir\u0259 edilib.<\/p>\n","protected":false},"excerpt":{"rendered":"<p>AZPROMO v\u0259 ITC aras\u0131nda g\u00f6r\u00fc\u015f ke\u00e7irilib G\u00f6r\u00fc\u015fd\u0259 ya\u015f\u0131l iqtisadiyyat\u0131n inki\u015faf\u0131, iqlim maliyy\u0259si, h\u0259m\u00e7inin ki\u00e7ik v\u0259 orta sahibkarl\u0131q subyektl\u0259rinin dayan\u0131ql\u0131 inki\u015faf prosesl\u0259rin\u0259 inteqrasiyas\u0131 kimi m\u00fch\u00fcm m\u0259s\u0259l\u0259l\u0259r vur\u011fulan\u0131b. \u0130xrac\u0131n v\u0259 \u0130nvestisiyalar\u0131n T\u0259\u015fviqi Agentliyi \u2013 AZPROMO v\u0259 Beyn\u0259lxalq&#8230;<\/p>\n","protected":false},"author":2,"featured_media":29641,"comment_status":"closed","ping_status":"closed","sticky":false,"template":"","format":"standard","meta":{"footnotes":""},"categories":[41],"tags":[],"aioseo_notices":[],"_links":{"self":[{"href":"https:\/\/rockvell.com\/index.php?rest_route=\/wp\/v2\/posts\/29640"}],"collection":[{"href":"https:\/\/rockvell.com\/index.php?rest_route=\/wp\/v2\/posts"}],"about":[{"href":"https:\/\/rockvell.com\/index.php?rest_route=\/wp\/v2\/types\/post"}],"author":[{"embeddable":true,"href":"https:\/\/rockvell.com\/index.php?rest_route=\/wp\/v2\/users\/2"}],"replies":[{"embeddable":true,"href":"https:\/\/rockvell.com\/index.php?rest_route=%2Fwp%2Fv2%2Fcomments&post=29640"}],"version-history":[{"count":1,"href":"https:\/\/rockvell.com\/index.php?rest_route=\/wp\/v2\/posts\/29640\/revisions"}],"predecessor-version":[{"id":29642,"href":"https:\/\/rockvell.com\/index.php?rest_route=\/wp\/v2\/posts\/29640\/revisions\/29642"}],"wp:featuredmedia":[{"embeddable":true,"href":"https:\/\/rockvell.com\/index.php?rest_route=\/wp\/v2\/media\/29641"}],"wp:attachment":[{"href":"https:\/\/rockvell.com\/index.php?rest_route=%2Fwp%2Fv2%2Fmedia&parent=29640"}],"wp:term":[{"taxonomy":"category","embeddable":true,"href":"https:\/\/rockvell.com\/index.php?rest_route=%2Fwp%2Fv2%2Fcategories&post=29640"},{"taxonomy":"post_tag","embeddable":true,"href":"https:\/\/rockvell.com\/index.php?rest_route=%2Fwp%2Fv2%2Ftags&post=29640"}],"curies":[{"name":"wp","href":"https:\/\/api.w.org\/{rel}","templated":true}]}}