{"id":30500,"date":"2024-11-16T07:00:00","date_gmt":"2024-11-16T04:00:00","guid":{"rendered":"https:\/\/rockvell.com\/?p=30500"},"modified":"2024-11-16T23:41:12","modified_gmt":"2024-11-16T20:41:12","slug":"abb-mobile-t%c9%99tbiqi-il%c9%99-karbon-izini-n%c9%99zar%c9%99td%c9%99-saxla","status":"publish","type":"post","link":"https:\/\/rockvell.com\/?p=30500","title":{"rendered":"ABB mobile t\u0259tbiqi il\u0259 karbon izini n\u0259zar\u0259td\u0259 saxla"},"content":{"rendered":"\n<p class=\"has-medium-font-size\"><strong>ABB mobile t\u0259tbiqi il\u0259 karbon izini n\u0259zar\u0259td\u0259 saxla!<\/strong><\/p>\n\n\n\n<p>\u00d6lk\u0259mizin ev sahibliyi etdiyi COP29-un \u0259sas bank t\u0259r\u0259fda\u015f\u0131 olan ABB iqlim d\u0259yi\u015fikliyin\u0259 qar\u015f\u0131 m\u00fcbariz\u0259y\u0259 t\u00f6hf\u0259 ver\u0259c\u0259k maraql\u0131 bir imkan\u0131 m\u00fc\u015ft\u0259ril\u0259r\u0259 t\u0259qdim edib.<\/p>\n\n\n<div class=\"wp-block-image\">\n<figure class=\"aligncenter size-large is-resized\"><img loading=\"lazy\" decoding=\"async\" width=\"1024\" height=\"561\" src=\"https:\/\/rockvell.com\/wp-content\/uploads\/2024\/11\/4cu-1024x561.jpeg\" alt=\"\" class=\"wp-image-30501\" style=\"width:491px;height:auto\" srcset=\"https:\/\/rockvell.com\/wp-content\/uploads\/2024\/11\/4cu-1024x561.jpeg 1024w, https:\/\/rockvell.com\/wp-content\/uploads\/2024\/11\/4cu-300x164.jpeg 300w, https:\/\/rockvell.com\/wp-content\/uploads\/2024\/11\/4cu-768x421.jpeg 768w, https:\/\/rockvell.com\/wp-content\/uploads\/2024\/11\/4cu-1536x841.jpeg 1536w, https:\/\/rockvell.com\/wp-content\/uploads\/2024\/11\/4cu-2048x1122.jpeg 2048w, https:\/\/rockvell.com\/wp-content\/uploads\/2024\/11\/4cu-360x197.jpeg 360w\" sizes=\"(max-width: 1024px) 100vw, 1024px\" \/><\/figure><\/div>\n\n\n<p>Bu, ABB mobile t\u0259tbiqin\u0259 \u0259lav\u0259 olunmu\u015f Karbon Emissiyas\u0131 Kalkulyatorudur. Bu kalkulyator vasit\u0259sil\u0259 istifad\u0259\u00e7il\u0259r h\u0259r bir kart \u0259m\u0259liyyatlar\u0131n\u0131n \u0259traf m\u00fchit\u0259 t\u0259sirl\u0259rini izl\u0259y\u0259 bil\u0259rl\u0259r.<\/p>\n\n\n\n<p>ABB bu imkan\u0131 p\u0259rak\u0259nd\u0259 bank\u00e7\u0131l\u0131q sah\u0259sind\u0259 iqlim d\u0259yi\u015fikliyin\u0259 qar\u015f\u0131 m\u00fcbariz\u0259y\u0259 t\u00f6hf\u0259 verm\u0259k m\u0259qs\u0259dil\u0259 yarad\u0131lm\u0131\u015f Ecolytiq platformas\u0131n\u0131n t\u0259qdim etdiyi texnologiya \u0259sas\u0131nda yarad\u0131b.<\/p>\n\n\n\n<p>Ecolytiq d\u00fcnyan\u0131n apar\u0131c\u0131 maliyy\u0259 qurumlar\u0131n\u0131n, o c\u00fcml\u0259d\u0259n Visa-n\u0131n etibarl\u0131 t\u0259r\u0259fda\u015f\u0131d\u0131r. ABB d\u0259 mobil bank t\u0259tbiqind\u0259 Karbon Emissiyas\u0131 Kalkulyatorunu Visan\u0131n d\u0259st\u0259yi il\u0259 t\u0259qdim edir.<\/p>\n\n\n\n<p>H\u0259r bir bank \u0259m\u0259liyyat\u0131 \u0259traf m\u00fchit \u00fc\u00e7\u00fcn m\u00fc\u0259yy\u0259n t\u0259sirl\u0259rl\u0259r yarad\u0131r. Bank m\u00fc\u015ft\u0259ril\u0259ri g\u00fcnd\u0259lik maliyy\u0259 \u0259m\u0259liyyatlar\u0131nda bunu n\u0259z\u0259r\u0259 alaraq karbon izl\u0259rini n\u0259zar\u0259td\u0259 saxlaya v\u0259 daha uy\u011fun se\u00e7iml\u0259rl\u0259 karbon izl\u0259rini m\u00fcmk\u00fcn q\u0259d\u0259r azalda bil\u0259rl\u0259r.<\/p>\n\n\n\n<p>ABB-nin \u0130dar\u0259 Hey\u0259ti s\u0259drinin m\u00fcavini, Bank\u0131n Ba\u015f transformasiya inzibat\u00e7\u0131s\u0131 Taleh Tahirli qeyd edib ki, Karbon Emissiyas\u0131 Kalkulyatoru il\u0259 ABB daha bir yeni m\u00fc\u015ft\u0259ri t\u0259cr\u00fcb\u0259si yaradacaq. ABB mobile istifad\u0259\u00e7il\u0259rind\u0259 \u0259traf m\u00fchit \u00fc\u00e7\u00fcn faydal\u0131 v\u0259rdi\u015fl\u0259r formala\u015fd\u0131racaq: <strong>\u201cABB-nin \u00f6z t\u0259r\u0259fda\u015flar\u0131 il\u0259 birg\u0259 t\u0259qdim etdiyi bu h\u0259ll \u0259traf m\u00fchitin qorunmas\u0131 il\u0259 ba\u011fl\u0131 ictimai savadl\u0131l\u0131\u011f\u0131 art\u0131racaq. Maarifl\u0259nm\u0259 prosesl\u0259rin\u0259, iqliml\u0259 ba\u011fl\u0131 f\u0259rdi m\u0259suliyy\u0259t hissinin g\u00fccl\u0259nm\u0259sin\u0259 m\u00fch\u00fcm t\u00f6hf\u0259 ver\u0259c\u0259k\u201d.<\/strong><\/p>\n\n\n\n<p>Ecolytiq-in h\u0259mt\u0259sis\u00e7isi v\u0259 idar\u0259edici direktoru David Lais bildirib: <strong>\u201cG\u00fcnd\u0259lik sat\u0131nalma davran\u0131\u015flar\u0131 f\u0259rdin karbon ayaq izinin b\u00f6y\u00fck bir hiss\u0259sidir. Ona g\u00f6r\u0259 d\u0259 ki\u00e7ik d\u0259yi\u015fiklikl\u0259r iqlim f\u0259aliyy\u0259tin\u0259 b\u00f6y\u00fck t\u00f6hf\u0259l\u0259r ver\u0259 bil\u0259r. Az\u0259rbaycan istehlak\u00e7\u0131lar\u0131na daha davaml\u0131 g\u0259l\u0259c\u0259y\u0259 do\u011fru add\u0131mlar atmaq \u00fc\u00e7\u00fcn, geni\u015f miqyasda bilikl\u0259r t\u0259qdim etm\u0259k \u00fc\u00e7\u00fcn Az\u0259rbaycan\u0131n \u0259n b\u00f6y\u00fck bank\u0131 olan ABB il\u0259 \u0259m\u0259kda\u015fl\u0131q etm\u0259kd\u0259n m\u0259mnunuq\u201d.<\/strong><\/p>\n\n\n\n<p><strong>Visa-n\u0131n Az\u0259rbaycandak\u0131 regional meneceri Nurlan Hac\u0131yev bildirib: \u201cKarbon Emissiyas\u0131 Kalkulyatorunu ABB mobile t\u0259tbiqin\u0259 inteqrasiya etm\u0259kl\u0259, biz g\u00fcnd\u0259lik \u0259m\u0259liyyatlar\u0131n \u0259traf m\u00fchit\u0259 t\u0259siri haqq\u0131nda d\u0259y\u0259rli fikirl\u0259r t\u0259qdim etm\u0259yi v\u0259 kart sahibl\u0259rin\u0259 daha ya\u015f\u0131l g\u0259l\u0259c\u0259y\u0259 t\u00f6hf\u0259 verm\u0259y\u0259 k\u00f6m\u0259k g\u00f6st\u0259rm\u0259yi h\u0259d\u0259fl\u0259yirik. ABB il\u0259 \u0259m\u0259kda\u015fl\u0131q \u0259sas\u0259nda Az\u0259rbaycan m\u00fc\u015ft\u0259ril\u0259rin\u0259 iqlim d\u0259yi\u015fikliyin\u0259 qar\u015f\u0131 qlobal h\u0259r\u0259kata qo\u015fulmaq imkan\u0131 t\u0259klif etm\u0259kd\u0259n q\u00fcrurluyuq\u201d.<\/strong> ABB-nin m\u00fcasir, faydal\u0131 v\u0259 universal m\u0259hsul v\u0259 xidm\u0259tl\u0259ri bar\u0259d\u0259 m\u0259lumatlar\u0131 Bank\u0131n filial v\u0259 \u015f\u00f6b\u0259l\u0259rind\u0259n, https:\/\/abb-bank.az\/ r\u0259smi internet s\u0259hif\u0259sind\u0259n v\u0259 ya 937 n\u00f6mr\u0259li M\u0259lumat M\u0259rk\u0259zind\u0259n, h\u0259m\u00e7inin r\u0259smi Facebook s\u0259hif\u0259sind\u0259n \u0259ld\u0259 etm\u0259k olar.<\/p>\n","protected":false},"excerpt":{"rendered":"<p>ABB mobile t\u0259tbiqi il\u0259 karbon izini n\u0259zar\u0259td\u0259 saxla! \u00d6lk\u0259mizin ev sahibliyi etdiyi COP29-un \u0259sas bank t\u0259r\u0259fda\u015f\u0131 olan ABB iqlim d\u0259yi\u015fikliyin\u0259 qar\u015f\u0131 m\u00fcbariz\u0259y\u0259 t\u00f6hf\u0259 ver\u0259c\u0259k maraql\u0131 bir imkan\u0131 m\u00fc\u015ft\u0259ril\u0259r\u0259 t\u0259qdim edib. Bu, ABB mobile t\u0259tbiqin\u0259 \u0259lav\u0259&#8230;<\/p>\n","protected":false},"author":2,"featured_media":30501,"comment_status":"closed","ping_status":"closed","sticky":false,"template":"","format":"standard","meta":{"footnotes":""},"categories":[7],"tags":[],"aioseo_notices":[],"_links":{"self":[{"href":"https:\/\/rockvell.com\/index.php?rest_route=\/wp\/v2\/posts\/30500"}],"collection":[{"href":"https:\/\/rockvell.com\/index.php?rest_route=\/wp\/v2\/posts"}],"about":[{"href":"https:\/\/rockvell.com\/index.php?rest_route=\/wp\/v2\/types\/post"}],"author":[{"embeddable":true,"href":"https:\/\/rockvell.com\/index.php?rest_route=\/wp\/v2\/users\/2"}],"replies":[{"embeddable":true,"href":"https:\/\/rockvell.com\/index.php?rest_route=%2Fwp%2Fv2%2Fcomments&post=30500"}],"version-history":[{"count":1,"href":"https:\/\/rockvell.com\/index.php?rest_route=\/wp\/v2\/posts\/30500\/revisions"}],"predecessor-version":[{"id":30502,"href":"https:\/\/rockvell.com\/index.php?rest_route=\/wp\/v2\/posts\/30500\/revisions\/30502"}],"wp:featuredmedia":[{"embeddable":true,"href":"https:\/\/rockvell.com\/index.php?rest_route=\/wp\/v2\/media\/30501"}],"wp:attachment":[{"href":"https:\/\/rockvell.com\/index.php?rest_route=%2Fwp%2Fv2%2Fmedia&parent=30500"}],"wp:term":[{"taxonomy":"category","embeddable":true,"href":"https:\/\/rockvell.com\/index.php?rest_route=%2Fwp%2Fv2%2Fcategories&post=30500"},{"taxonomy":"post_tag","embeddable":true,"href":"https:\/\/rockvell.com\/index.php?rest_route=%2Fwp%2Fv2%2Ftags&post=30500"}],"curies":[{"name":"wp","href":"https:\/\/api.w.org\/{rel}","templated":true}]}}