{"id":30509,"date":"2024-11-16T09:00:00","date_gmt":"2024-11-16T06:00:00","guid":{"rendered":"https:\/\/rockvell.com\/?p=30509"},"modified":"2024-11-17T11:24:22","modified_gmt":"2024-11-17T08:24:22","slug":"cop-29-c%c9%99rciv%c9%99sind%c9%99-kob-larin-yasil-iqtisadiyyatda-rolu-movzusunda-panel-muzakir%c9%99","status":"publish","type":"post","link":"https:\/\/rockvell.com\/?p=30509","title":{"rendered":"COP 29 \u00e7\u0259r\u00e7iv\u0259sind\u0259 \u201cKOB-lar\u0131n ya\u015f\u0131l iqtisadiyyatda rolu\u201d m\u00f6vzusunda panel m\u00fczakir\u0259"},"content":{"rendered":"\n<p class=\"has-medium-font-size\"><strong>COP 29 \u00e7\u0259r\u00e7iv\u0259sind\u0259 \u201cKOB-lar\u0131n ya\u015f\u0131l iqtisadiyyatda rolu\u201d m\u00f6vzusunda panel m\u00fczakir\u0259 t\u0259\u015fkil olunub<\/strong><\/p>\n\n\n\n<p><em>Panel m\u00fczakir\u0259d\u0259 ya\u015f\u0131l ke\u00e7idin KOB-lar \u00fc\u00e7\u00fcn faydas\u0131, \u0259traf m\u00fchit\u0259 biznesin m\u0259suliyy\u0259tli yana\u015fmas\u0131, iqlim maliyy\u0259l\u0259\u015fdirilm\u0259si, ya\u015f\u0131l biznesl\u0259rin yarad\u0131lmas\u0131 \u00fc\u00e7\u00fcn sahibkarlar\u0131n ehtiyaclar\u0131 bar\u0259d\u0259 fikir m\u00fcbadil\u0259si apar\u0131l\u0131b.<\/em><\/p>\n\n\n\n<figure class=\"wp-block-gallery aligncenter has-nested-images columns-default is-cropped wp-block-gallery-1 is-layout-flex wp-block-gallery-is-layout-flex\">\n<figure class=\"wp-block-image size-large\"><a href=\"https:\/\/rockvell.com\/wp-content\/uploads\/2024\/11\/02-1-scaled.jpeg\" target=\"_blank\" rel=\"noopener\" data-rel=\"lightbox-gallery-gkh9JW4B\" data-rl_title=\"\" data-rl_caption=\"\" title=\"\"><img loading=\"lazy\" decoding=\"async\" width=\"1024\" height=\"695\" data-id=\"30510\" src=\"https:\/\/rockvell.com\/wp-content\/uploads\/2024\/11\/02-1-1024x695.jpeg\" alt=\"\" class=\"wp-image-30510\" srcset=\"https:\/\/rockvell.com\/wp-content\/uploads\/2024\/11\/02-1-1024x695.jpeg 1024w, https:\/\/rockvell.com\/wp-content\/uploads\/2024\/11\/02-1-300x204.jpeg 300w, https:\/\/rockvell.com\/wp-content\/uploads\/2024\/11\/02-1-768x521.jpeg 768w, https:\/\/rockvell.com\/wp-content\/uploads\/2024\/11\/02-1-1536x1042.jpeg 1536w, https:\/\/rockvell.com\/wp-content\/uploads\/2024\/11\/02-1-2048x1389.jpeg 2048w, https:\/\/rockvell.com\/wp-content\/uploads\/2024\/11\/02-1-360x244.jpeg 360w\" sizes=\"(max-width: 1024px) 100vw, 1024px\" \/><\/a><\/figure>\n\n\n\n<figure class=\"wp-block-image size-large\"><a href=\"https:\/\/rockvell.com\/wp-content\/uploads\/2024\/11\/01-1-scaled.jpeg\" target=\"_blank\" rel=\"noopener\" data-rel=\"lightbox-gallery-gkh9JW4B\" data-rl_title=\"\" data-rl_caption=\"\" title=\"\"><img loading=\"lazy\" decoding=\"async\" width=\"1024\" height=\"683\" data-id=\"30512\" src=\"https:\/\/rockvell.com\/wp-content\/uploads\/2024\/11\/01-1-1024x683.jpeg\" alt=\"\" class=\"wp-image-30512\" srcset=\"https:\/\/rockvell.com\/wp-content\/uploads\/2024\/11\/01-1-1024x683.jpeg 1024w, https:\/\/rockvell.com\/wp-content\/uploads\/2024\/11\/01-1-300x200.jpeg 300w, https:\/\/rockvell.com\/wp-content\/uploads\/2024\/11\/01-1-768x512.jpeg 768w, https:\/\/rockvell.com\/wp-content\/uploads\/2024\/11\/01-1-1536x1024.jpeg 1536w, https:\/\/rockvell.com\/wp-content\/uploads\/2024\/11\/01-1-2048x1365.jpeg 2048w, https:\/\/rockvell.com\/wp-content\/uploads\/2024\/11\/01-1-360x240.jpeg 360w\" sizes=\"(max-width: 1024px) 100vw, 1024px\" \/><\/a><\/figure>\n<\/figure>\n\n\n\n<p>Bak\u0131da ke\u00e7iril\u0259n BMT-nin \u0130qlim D\u0259yi\u015fikliyi \u00fczr\u0259 \u00c7\u0259r\u00e7iv\u0259 Konvensiyas\u0131n\u0131n T\u0259r\u0259fl\u0259r Konfrans\u0131n\u0131n 29-cu sessiyas\u0131 &#8211; COP29&nbsp;\u00e7\u0259r\u00e7iv\u0259sind\u0259 \u201cKOB-lar\u0131n ya\u015f\u0131l iqtisadiyyatda rolu\u201d m\u00f6vzusunda panel m\u00fczakir\u0259 ke\u00e7irilib. Ki\u00e7ik v\u0259 Orta Biznesin \u0130nki\u015faf\u0131 Agentliyinin (KOB\u0130A) t\u0259\u015fkilat\u00e7\u0131l\u0131\u011f\u0131 il\u0259 \u201cYa\u015f\u0131l zona\u201dda ke\u00e7iril\u0259n t\u0259dbird\u0259 r\u0259smi \u015f\u0259xsl\u0259r, beyn\u0259lxalq t\u0259\u015fkilatlar\u0131n n\u00fcmay\u0259nd\u0259l\u0259ri, i\u015f adamlar\u0131 v\u0259 \u201cya\u015f\u0131l iqtisadiyyat\u201d il\u0259 ba\u011fl\u0131 layih\u0259l\u0259ri olan startaplar i\u015ftirak edibl\u0259r.<\/p>\n\n\n\n<p>Panel m\u00fczakir\u0259d\u0259 \u0130taliya-Az\u0259rbaycan Ticar\u0259t Palatas\u0131n\u0131n prezidenti Manuela Traldi, KOB\u0130A-n\u0131n \u0130dar\u0259 Hey\u0259tinin s\u0259dri Orxan M\u0259mm\u0259dov, BMT-nin C\u0259nub-C\u0259nub \u018fm\u0259kda\u015fl\u0131q Ofisinin direktoru Dima \u018fl-Xatib, \u0130slam \u00f6lk\u0259l\u0259ri \u00fc\u00e7\u00fcn Statistik, \u0130qtisadi v\u0259 Sosial Ara\u015fd\u0131rmalar v\u0259 T\u0259lim M\u0259rk\u0259zinin (SESR\u0130C) Ba\u015f direktoru Zehra Z\u00fcmr\u00fct Selcuk, Beyn\u0259lxalq Ticar\u0259t M\u0259rk\u0259zinin \u015f\u00f6b\u0259 m\u00fcdiri Vanessa Erogbogbo v\u0259 Qlobal Sahibkarl\u0131q \u015e\u0259b\u0259k\u0259sinin t\u0259sis\u00e7isi v\u0259 prezidenti Conatan Ortmans \u00e7\u0131x\u0131\u015f edibl\u0259r. \u00c7\u0131x\u0131\u015flarda KOB-lar\u0131n d\u00fcnya iqtisadiyyat\u0131nda v\u0259 m\u0259\u015f\u011fulluqda, el\u0259c\u0259 d\u0259 iqlim d\u0259yi\u015fiklikl\u0259ri il\u0259 m\u00fcbariz\u0259d\u0259 rolu, iqlim maliyy\u0259l\u0259\u015fdirilm\u0259si, ya\u015f\u0131l ke\u00e7idin KOB-lar \u00fc\u00e7\u00fcn faydas\u0131, biznesl\u0259rin ya\u015f\u0131l ke\u00e7idind\u0259 ekoloji, sosial v\u0259 korporativ idar\u0259etm\u0259 (ESG) prinsipl\u0259rinin \u00f6n\u0259mi, \u0259traf m\u00fchit\u0259 m\u0259suliyy\u0259tli m\u00fcnasib\u0259t v\u0259 bu sah\u0259d\u0259 sahibkarlar\u0131n \u00f6hd\u0259likl\u0259ri bar\u0259d\u0259 m\u0259lumat verilib.<\/p>\n\n\n\n<p>T\u0259dbird\u0259 KOB-lar\u0131n ya\u015f\u0131l transformasiyas\u0131n\u0131n qlobal v\u0259 milli s\u0259viyy\u0259d\u0259 birg\u0259 \u0259m\u0259kda\u015fl\u0131qla m\u00fcmk\u00fcn oldu\u011fu qeyd edilib v\u0259 KOB ekosisteminin b\u00fct\u00fcn maraql\u0131 t\u0259r\u0259fl\u0259ri KOB\u0130A-n\u0131n ir\u0259li s\u00fcrd\u00fcy\u00fc \u201cKOB-lar\u0131n ya\u015f\u0131l iqlim ke\u00e7idi \u00fc\u00e7\u00fcn Bak\u0131 Koalisiyas\u0131 B\u0259yannam\u0259si\u201dn\u0259 qo\u015fulma\u011fa d\u0259v\u0259t olunublar. Vur\u011fulan\u0131b ki, art\u0131q Beyn\u0259lxalq Ticar\u0259t M\u0259rk\u0259zi, Braziliyan\u0131n Mikro v\u0259 Ki\u00e7ik M\u00fc\u0259ssis\u0259l\u0259r\u0259 D\u0259st\u0259k Xidm\u0259ti (SEBRAE) v\u0259 BMT-nin iqlim d\u0259yi\u015fikliyi \u00fczr\u0259 y\u00fcks\u0259k s\u0259viyy\u0259li \u00e7empionu Nigar Arpadarai m\u00fcvafiq b\u0259yannam\u0259ni imzalayaraq \u00f6z d\u0259st\u0259kl\u0259rini ifad\u0259 edibl\u0259r.<\/p>\n\n\n\n<p>Paneld\u0259 KOB-lar\u0131n \u201cya\u015f\u0131l iqtisadiyyat\u201da ke\u00e7idi zaman\u0131 ehtiyaclar\u0131n\u0131n davaml\u0131 d\u0259st\u0259kl\u0259nm\u0259si \u00fc\u00e7\u00fcn z\u0259ruri add\u0131mlar v\u0259 onlar\u0131n ekoloji m\u0259suliyy\u0259tinin art\u0131r\u0131lmas\u0131 il\u0259 ba\u011fl\u0131 m\u00fczakir\u0259l\u0259r apar\u0131l\u0131b, i\u015ftirak\u00e7\u0131lar\u0131n suallar\u0131 cavabland\u0131r\u0131l\u0131b.<\/p>\n\n\n\n<p>H\u0259m\u00e7inin t\u0259dbir \u00e7\u0259r\u00e7iv\u0259sind\u0259 Harvard Universitetinin \u201cGrowth Lab\u201d Beyn\u0259lxalq \u0130nki\u015faf M\u0259rk\u0259zinin ba\u015f t\u0259dqiqat meneceri Tim \u00c7eston \u0130qtisadiyyat Nazirliyi v\u0259 m\u0259rk\u0259z aras\u0131nda \u0259m\u0259kda\u015fl\u0131q \u0259sas\u0131nda haz\u0131rlanm\u0131\u015f qlobal \u201cYa\u015f\u0131l art\u0131m portal\u0131\u201dna dair t\u0259qdimatla \u00e7\u0131x\u0131\u015f edib.<\/p>\n","protected":false},"excerpt":{"rendered":"<p>COP 29 \u00e7\u0259r\u00e7iv\u0259sind\u0259 \u201cKOB-lar\u0131n ya\u015f\u0131l iqtisadiyyatda rolu\u201d m\u00f6vzusunda panel m\u00fczakir\u0259 t\u0259\u015fkil olunub Panel m\u00fczakir\u0259d\u0259 ya\u015f\u0131l ke\u00e7idin KOB-lar \u00fc\u00e7\u00fcn faydas\u0131, \u0259traf m\u00fchit\u0259 biznesin m\u0259suliyy\u0259tli yana\u015fmas\u0131, iqlim maliyy\u0259l\u0259\u015fdirilm\u0259si, ya\u015f\u0131l biznesl\u0259rin yarad\u0131lmas\u0131 \u00fc\u00e7\u00fcn sahibkarlar\u0131n ehtiyaclar\u0131 bar\u0259d\u0259 fikir m\u00fcbadil\u0259si&#8230;<\/p>\n","protected":false},"author":2,"featured_media":30512,"comment_status":"closed","ping_status":"closed","sticky":false,"template":"","format":"standard","meta":{"footnotes":""},"categories":[41],"tags":[],"aioseo_notices":[],"_links":{"self":[{"href":"https:\/\/rockvell.com\/index.php?rest_route=\/wp\/v2\/posts\/30509"}],"collection":[{"href":"https:\/\/rockvell.com\/index.php?rest_route=\/wp\/v2\/posts"}],"about":[{"href":"https:\/\/rockvell.com\/index.php?rest_route=\/wp\/v2\/types\/post"}],"author":[{"embeddable":true,"href":"https:\/\/rockvell.com\/index.php?rest_route=\/wp\/v2\/users\/2"}],"replies":[{"embeddable":true,"href":"https:\/\/rockvell.com\/index.php?rest_route=%2Fwp%2Fv2%2Fcomments&post=30509"}],"version-history":[{"count":1,"href":"https:\/\/rockvell.com\/index.php?rest_route=\/wp\/v2\/posts\/30509\/revisions"}],"predecessor-version":[{"id":30513,"href":"https:\/\/rockvell.com\/index.php?rest_route=\/wp\/v2\/posts\/30509\/revisions\/30513"}],"wp:featuredmedia":[{"embeddable":true,"href":"https:\/\/rockvell.com\/index.php?rest_route=\/wp\/v2\/media\/30512"}],"wp:attachment":[{"href":"https:\/\/rockvell.com\/index.php?rest_route=%2Fwp%2Fv2%2Fmedia&parent=30509"}],"wp:term":[{"taxonomy":"category","embeddable":true,"href":"https:\/\/rockvell.com\/index.php?rest_route=%2Fwp%2Fv2%2Fcategories&post=30509"},{"taxonomy":"post_tag","embeddable":true,"href":"https:\/\/rockvell.com\/index.php?rest_route=%2Fwp%2Fv2%2Ftags&post=30509"}],"curies":[{"name":"wp","href":"https:\/\/api.w.org\/{rel}","templated":true}]}}