{"id":30522,"date":"2024-11-17T02:00:00","date_gmt":"2024-11-16T23:00:00","guid":{"rendered":"https:\/\/rockvell.com\/?p=30522"},"modified":"2024-11-17T16:33:54","modified_gmt":"2024-11-17T13:33:54","slug":"abs-nin-iqlim-fondunun-r%c9%99smil%c9%99ri-baki-limanina-s%c9%99f%c9%99r-edib","status":"publish","type":"post","link":"https:\/\/rockvell.com\/?p=30522","title":{"rendered":"AB\u015e-nin \u0130qlim Fondunun r\u0259smil\u0259ri Bak\u0131 Liman\u0131na s\u0259f\u0259r edib"},"content":{"rendered":"\n<p class=\"has-medium-font-size\"><strong>AB\u015e-nin \u0130qlim Fondunun r\u0259smil\u0259ri Bak\u0131 Liman\u0131na s\u0259f\u0259r edib<\/strong><\/p>\n\n\n\n<p>16 noyabr tarixind\u0259 COP29 \u00e7\u0259r\u00e7iv\u0259sind\u0259 \u00f6lk\u0259miz\u0259 g\u0259l\u0259n Amerika Birl\u0259\u015fmi\u015f \u015etatlar\u0131n\u0131n \u0130qlim Fondunun (US Climate Fund) n\u00fcmay\u0259nd\u0259 hey\u0259ti Bak\u0131 Liman\u0131na s\u0259f\u0259r edib. Ke\u00e7iril\u0259n g\u00f6r\u00fc\u015fd\u0259 qonaqlara Bak\u0131 Liman\u0131n\u0131n COP29 \u00e7\u0259r\u00e7iv\u0259sind\u0259 h\u0259yata ke\u00e7irdiyi ekoloji t\u0259\u015f\u0259bb\u00fcsl\u0259r v\u0259 ya\u015f\u0131l liman t\u0259cr\u00fcb\u0259l\u0259ri bar\u0259d\u0259 geni\u015f m\u0259lumat verilib. Qeyd olunub ki, Bak\u0131 Liman\u0131 Malayziyan\u0131n \u201cTiza Green Energy\u201d \u015firk\u0259ti il\u0259 birg\u0259 Az\u0259rbaycan\u0131n g\u00fcn\u0259\u015f enerjisi il\u0259 Batareya Enerji Saxlama Sisteminin (BESS) inteqrasiya olundu\u011fu ilk layih\u0259y\u0259 start verib. 5,4 MVt g\u00fcc\u00fcnd\u0259 g\u00fcn\u0259\u015f enerjisi il\u0259 i\u015fl\u0259y\u0259n fotovoltaik (PV) qur\u011fusunun in\u015fas\u0131 liman \u0259razisind\u0259 ba\u015f tutacaqd\u0131r. Eyni zamanda, Orta D\u0259hliz\u0259 ciddi d\u0259st\u0259k olacaq intermodal y\u00fck terminal\u0131n\u0131n in\u015fas\u0131na dair d\u0259 m\u00fcqavil\u0259 COP29 \u00e7\u0259r\u00e7iv\u0259sind\u0259 h\u0259yata ke\u00e7irildiyini d\u0259 bildiribl\u0259r.<\/p>\n\n\n<div class=\"wp-block-image\">\n<figure class=\"aligncenter size-large is-resized\"><img loading=\"lazy\" decoding=\"async\" width=\"1024\" height=\"682\" src=\"https:\/\/rockvell.com\/wp-content\/uploads\/2024\/11\/17317606434357924-1024x682.jpg\" alt=\"\" class=\"wp-image-30523\" style=\"width:458px;height:auto\" srcset=\"https:\/\/rockvell.com\/wp-content\/uploads\/2024\/11\/17317606434357924-1024x682.jpg 1024w, https:\/\/rockvell.com\/wp-content\/uploads\/2024\/11\/17317606434357924-300x200.jpg 300w, https:\/\/rockvell.com\/wp-content\/uploads\/2024\/11\/17317606434357924-768x512.jpg 768w, https:\/\/rockvell.com\/wp-content\/uploads\/2024\/11\/17317606434357924-360x240.jpg 360w, https:\/\/rockvell.com\/wp-content\/uploads\/2024\/11\/17317606434357924.jpg 1280w\" sizes=\"(max-width: 1024px) 100vw, 1024px\" \/><\/figure><\/div>\n\n\n<p>Bak\u0131 Liman\u0131n\u0131n Ba\u015f direktoru Taleh Ziyadov dekarbonizasiya strategiyas\u0131 v\u0259 \u0259traf m\u00fchitin qorunmas\u0131 istiqam\u0259tind\u0259 at\u0131lan m\u00fch\u00fcm add\u0131mlardan da b\u0259hs edib. AB\u015e \u0130qlim Fondunun n\u00fcmay\u0259nd\u0259l\u0259rin\u0259, Bak\u0131 Liman\u0131n\u0131n beyn\u0259lxalq ticar\u0259t v\u0259 logistika m\u0259rk\u0259zi olaraq Orta D\u0259hlizd\u0259ki m\u00fch\u00fcm rolu bar\u0259d\u0259, liman\u0131n regional n\u0259qliyyat infrastrukturu v\u0259 m\u00fcasir texnologiyalarla t\u0259chiz olunmu\u015f terminallar\u0131, eyni zamanda burada h\u0259yata ke\u00e7iril\u0259n ya\u015f\u0131l enerji t\u0259\u015f\u0259bb\u00fcsl\u0259ri haqq\u0131nda m\u0259lumat verilib.<\/p>\n\n\n\n<p>S\u0259f\u0259r zaman\u0131 qonaqlar, liman\u0131n m\u00fcasir standartlara uy\u011fun i\u015f prosesi v\u0259 qabaqc\u0131l texnologiyalarla t\u0259chiz olunmu\u015f terminallar\u0131 il\u0259 d\u0259 tan\u0131\u015f olublar.<\/p>\n","protected":false},"excerpt":{"rendered":"<p>AB\u015e-nin \u0130qlim Fondunun r\u0259smil\u0259ri Bak\u0131 Liman\u0131na s\u0259f\u0259r edib 16 noyabr tarixind\u0259 COP29 \u00e7\u0259r\u00e7iv\u0259sind\u0259 \u00f6lk\u0259miz\u0259 g\u0259l\u0259n Amerika Birl\u0259\u015fmi\u015f \u015etatlar\u0131n\u0131n \u0130qlim Fondunun (US Climate Fund) n\u00fcmay\u0259nd\u0259 hey\u0259ti Bak\u0131 Liman\u0131na s\u0259f\u0259r edib. Ke\u00e7iril\u0259n g\u00f6r\u00fc\u015fd\u0259 qonaqlara Bak\u0131 Liman\u0131n\u0131n COP29&#8230;<\/p>\n","protected":false},"author":2,"featured_media":30523,"comment_status":"closed","ping_status":"closed","sticky":false,"template":"","format":"standard","meta":{"footnotes":""},"categories":[40],"tags":[],"aioseo_notices":[],"_links":{"self":[{"href":"https:\/\/rockvell.com\/index.php?rest_route=\/wp\/v2\/posts\/30522"}],"collection":[{"href":"https:\/\/rockvell.com\/index.php?rest_route=\/wp\/v2\/posts"}],"about":[{"href":"https:\/\/rockvell.com\/index.php?rest_route=\/wp\/v2\/types\/post"}],"author":[{"embeddable":true,"href":"https:\/\/rockvell.com\/index.php?rest_route=\/wp\/v2\/users\/2"}],"replies":[{"embeddable":true,"href":"https:\/\/rockvell.com\/index.php?rest_route=%2Fwp%2Fv2%2Fcomments&post=30522"}],"version-history":[{"count":1,"href":"https:\/\/rockvell.com\/index.php?rest_route=\/wp\/v2\/posts\/30522\/revisions"}],"predecessor-version":[{"id":30524,"href":"https:\/\/rockvell.com\/index.php?rest_route=\/wp\/v2\/posts\/30522\/revisions\/30524"}],"wp:featuredmedia":[{"embeddable":true,"href":"https:\/\/rockvell.com\/index.php?rest_route=\/wp\/v2\/media\/30523"}],"wp:attachment":[{"href":"https:\/\/rockvell.com\/index.php?rest_route=%2Fwp%2Fv2%2Fmedia&parent=30522"}],"wp:term":[{"taxonomy":"category","embeddable":true,"href":"https:\/\/rockvell.com\/index.php?rest_route=%2Fwp%2Fv2%2Fcategories&post=30522"},{"taxonomy":"post_tag","embeddable":true,"href":"https:\/\/rockvell.com\/index.php?rest_route=%2Fwp%2Fv2%2Ftags&post=30522"}],"curies":[{"name":"wp","href":"https:\/\/api.w.org\/{rel}","templated":true}]}}