{"id":30535,"date":"2024-11-18T02:00:00","date_gmt":"2024-11-17T23:00:00","guid":{"rendered":"https:\/\/rockvell.com\/?p=30535"},"modified":"2024-11-18T13:23:40","modified_gmt":"2024-11-18T10:23:40","slug":"qatarla-cop29-a-dogru-dayaniqli-s%c9%99yah%c9%99t","status":"publish","type":"post","link":"https:\/\/rockvell.com\/?p=30535","title":{"rendered":"Qatarla COP29-a do\u011fru dayan\u0131ql\u0131 s\u0259yah\u0259t"},"content":{"rendered":"\n<p class=\"has-medium-font-size\"><strong>Qatarla COP29-a do\u011fru dayan\u0131ql\u0131 s\u0259yah\u0259t!<\/strong><\/p>\n\n\n\n<p>B\u00f6y\u00fck Britaniyadan olan iqlim aktivistl\u0259ri COP29 sammitind\u0259 i\u015ftirak etm\u0259k \u00fc\u00e7\u00fcn 9 \u00f6lk\u0259 boyunca 15 qatar d\u0259yi\u015f\u0259r\u0259k Bak\u0131ya \u00e7at\u0131blar.<\/p>\n\n\n<div class=\"wp-block-image\">\n<figure class=\"aligncenter size-full is-resized\"><img loading=\"lazy\" decoding=\"async\" width=\"720\" height=\"436\" src=\"https:\/\/rockvell.com\/wp-content\/uploads\/2023\/04\/qatar-ady-2023.jpg\" alt=\"\" class=\"wp-image-10344\" style=\"width:413px;height:auto\" srcset=\"https:\/\/rockvell.com\/wp-content\/uploads\/2023\/04\/qatar-ady-2023.jpg 720w, https:\/\/rockvell.com\/wp-content\/uploads\/2023\/04\/qatar-ady-2023-300x182.jpg 300w, https:\/\/rockvell.com\/wp-content\/uploads\/2023\/04\/qatar-ady-2023-360x218.jpg 360w\" sizes=\"(max-width: 720px) 100vw, 720px\" \/><\/figure><\/div>\n\n\n<p>Aktivist Cek ADY-nin A\u011fstafa-Bak\u0131 qatar\u0131, maraql\u0131 v\u0259 \u0259yl\u0259nc\u0259li s\u0259f\u0259rl\u0259ri v\u0259 qatarla s\u0259yah\u0259tin \u00fcst\u00fcnl\u00fckl\u0259ri haqq\u0131nda dan\u0131\u015f\u0131r.<\/p>\n\n\n\n<p><a href=\"https:\/\/www.facebook.com\/watch\/?v=9652716714754727\" target=\"_blank\" rel=\"noopener\" title=\"\">https:\/\/www.facebook.com\/watch\/?v=9652716714754727<\/a><\/p>\n","protected":false},"excerpt":{"rendered":"<p>Qatarla COP29-a do\u011fru dayan\u0131ql\u0131 s\u0259yah\u0259t! B\u00f6y\u00fck Britaniyadan olan iqlim aktivistl\u0259ri COP29 sammitind\u0259 i\u015ftirak etm\u0259k \u00fc\u00e7\u00fcn 9 \u00f6lk\u0259 boyunca 15 qatar d\u0259yi\u015f\u0259r\u0259k Bak\u0131ya \u00e7at\u0131blar. Aktivist Cek ADY-nin A\u011fstafa-Bak\u0131 qatar\u0131, maraql\u0131 v\u0259 \u0259yl\u0259nc\u0259li s\u0259f\u0259rl\u0259ri v\u0259 qatarla s\u0259yah\u0259tin&#8230;<\/p>\n","protected":false},"author":2,"featured_media":10344,"comment_status":"closed","ping_status":"closed","sticky":false,"template":"","format":"standard","meta":{"footnotes":""},"categories":[40],"tags":[],"aioseo_notices":[],"_links":{"self":[{"href":"https:\/\/rockvell.com\/index.php?rest_route=\/wp\/v2\/posts\/30535"}],"collection":[{"href":"https:\/\/rockvell.com\/index.php?rest_route=\/wp\/v2\/posts"}],"about":[{"href":"https:\/\/rockvell.com\/index.php?rest_route=\/wp\/v2\/types\/post"}],"author":[{"embeddable":true,"href":"https:\/\/rockvell.com\/index.php?rest_route=\/wp\/v2\/users\/2"}],"replies":[{"embeddable":true,"href":"https:\/\/rockvell.com\/index.php?rest_route=%2Fwp%2Fv2%2Fcomments&post=30535"}],"version-history":[{"count":1,"href":"https:\/\/rockvell.com\/index.php?rest_route=\/wp\/v2\/posts\/30535\/revisions"}],"predecessor-version":[{"id":30536,"href":"https:\/\/rockvell.com\/index.php?rest_route=\/wp\/v2\/posts\/30535\/revisions\/30536"}],"wp:featuredmedia":[{"embeddable":true,"href":"https:\/\/rockvell.com\/index.php?rest_route=\/wp\/v2\/media\/10344"}],"wp:attachment":[{"href":"https:\/\/rockvell.com\/index.php?rest_route=%2Fwp%2Fv2%2Fmedia&parent=30535"}],"wp:term":[{"taxonomy":"category","embeddable":true,"href":"https:\/\/rockvell.com\/index.php?rest_route=%2Fwp%2Fv2%2Fcategories&post=30535"},{"taxonomy":"post_tag","embeddable":true,"href":"https:\/\/rockvell.com\/index.php?rest_route=%2Fwp%2Fv2%2Ftags&post=30535"}],"curies":[{"name":"wp","href":"https:\/\/api.w.org\/{rel}","templated":true}]}}