{"id":30554,"date":"2024-11-18T07:00:00","date_gmt":"2024-11-18T04:00:00","guid":{"rendered":"https:\/\/rockvell.com\/?p=30554"},"modified":"2024-11-18T20:10:16","modified_gmt":"2024-11-18T17:10:16","slug":"apple-distribution-international-limited%c9%99-od%c9%99nis-zamani-v%c9%99t%c9%99ndaslarin-v%c9%99saiti-hesabina-edv-hesablanmayacaq","status":"publish","type":"post","link":"https:\/\/rockvell.com\/?p=30554","title":{"rendered":"\u201cApple Distribution International Limited\u201d\u0259 \u00f6d\u0259ni\u015f zaman\u0131 v\u0259t\u0259nda\u015flar\u0131n v\u0259saiti hesab\u0131na \u018fDV hesablanmayacaq"},"content":{"rendered":"\n<p class=\"has-medium-font-size\"><strong>\u201cApple Distribution International Limited\u201d\u0259 \u00f6d\u0259ni\u015f zaman\u0131 v\u0259t\u0259nda\u015flar\u0131n v\u0259saiti hesab\u0131na \u018fDV hesablanmayacaq<\/strong><\/p>\n\n\n\n<p>\u201cApple Distribution International Limited\u201d \u015firk\u0259ti Az\u0259rbaycanda Respublikas\u0131nda \u018fDV m\u0259qs\u0259dl\u0259ri \u00fc\u00e7\u00fcn elektron qaydada vergi u\u00e7otuna al\u0131n\u0131b. \u015eirk\u0259tin \u018fDV m\u0259qs\u0259dl\u0259ri \u00fc\u00e7\u00fcn qeydiyyat\u0131 bu il dekabr\u0131n 1-d\u0259n q\u00fcvv\u0259y\u0259 minir. Vergi M\u0259c\u0259ll\u0259sinin m\u00fcdd\u0259alar\u0131na \u0259sas\u0259n, bu tarixd\u0259n ba\u015flayaraq xidm\u0259tl\u0259rin al\u0131nmas\u0131 \u00fc\u00e7\u00fcn \u201cApple Distribution International Limited\u201d \u015firk\u0259tin\u0259 \u00f6d\u0259ni\u015fi aparan banklar t\u0259r\u0259find\u0259n al\u0131c\u0131n\u0131n (v\u0259t\u0259nda\u015flar\u0131n) v\u0259saiti hesab\u0131na \u018fDV m\u0259bl\u0259\u011fi hesablanmayacaq.<\/p>\n\n\n<div class=\"wp-block-image\">\n<figure class=\"aligncenter size-large is-resized\"><img loading=\"lazy\" decoding=\"async\" width=\"1024\" height=\"575\" src=\"https:\/\/rockvell.com\/wp-content\/uploads\/2024\/11\/467127224_580854241063345_6221079341964055613_n-1024x575.jpg\" alt=\"\" class=\"wp-image-30555\" style=\"width:485px;height:auto\" srcset=\"https:\/\/rockvell.com\/wp-content\/uploads\/2024\/11\/467127224_580854241063345_6221079341964055613_n-1024x575.jpg 1024w, https:\/\/rockvell.com\/wp-content\/uploads\/2024\/11\/467127224_580854241063345_6221079341964055613_n-300x168.jpg 300w, https:\/\/rockvell.com\/wp-content\/uploads\/2024\/11\/467127224_580854241063345_6221079341964055613_n-768x431.jpg 768w, https:\/\/rockvell.com\/wp-content\/uploads\/2024\/11\/467127224_580854241063345_6221079341964055613_n-1536x862.jpg 1536w, https:\/\/rockvell.com\/wp-content\/uploads\/2024\/11\/467127224_580854241063345_6221079341964055613_n-360x202.jpg 360w, https:\/\/rockvell.com\/wp-content\/uploads\/2024\/11\/467127224_580854241063345_6221079341964055613_n.jpg 1671w\" sizes=\"(max-width: 1024px) 100vw, 1024px\" \/><\/figure><\/div>\n\n\n<p>Qeyd ed\u0259k ki, \u201cApple Distribution International Limited\u201d \u015eirk\u0259tinin \u018fDV qeydiyyat\u0131na al\u0131nmas\u0131 D\u00f6vl\u0259t Vergi Xidm\u0259tinin \u0130nternet Vergi \u0130dar\u0259sind\u0259 m\u00fcvafiq proqram t\u0259minat\u0131n\u0131n (<a href=\"https:\/\/ecommerce.e-taxes.gov.az\/\" target=\"_blank\" rel=\"noreferrer noopener\">https:\/\/ecommerce.e-taxes.gov.az\/<\/a>) qura\u015fd\u0131r\u0131lmas\u0131 n\u0259tic\u0259sind\u0259 m\u00fcmk\u00fcn olub. Portal Vergi M\u0259c\u0259ll\u0259sinin m\u00fcdd\u0259alar\u0131na \u0259sas\u0259n v\u0259 Nazirl\u0259r Kabinetinin 30.10.2023-c\u00fc il tarixli 387 n\u00f6mr\u0259li q\u0259rar\u0131 il\u0259 t\u0259sdiq edilmi\u015f \u201c\u0130nternet informasiya ehtiyat\u0131 vasit\u0259sil\u0259 elektron ticar\u0259ti h\u0259yata ke\u00e7ir\u0259n qeyri-rezidentin elektron qaydada vergi u\u00e7otuna al\u0131nmas\u0131, yenid\u0259n u\u00e7ota al\u0131nmas\u0131 v\u0259 u\u00e7otdan \u00e7\u0131xar\u0131lmas\u0131, \u018fDV-nin \u00f6d\u0259yicisi kimi qeydiyyata al\u0131nmas\u0131, \u018fDV b\u0259yannam\u0259sinin t\u0259qdim edilm\u0259si v\u0259 \u018fDV-nin \u00f6d\u0259nilm\u0259si Qaydas\u0131\u201dn\u0131n icras\u0131 m\u0259qs\u0259dil\u0259 yarad\u0131l\u0131b.<\/p>\n\n\n\n<p>Portal qeyri-rezidentl\u0259rin vergi u\u00e7otunu, \u018fDV b\u0259yannam\u0259sinin t\u0259qdim edilm\u0259sini, \u00f6d\u0259ni\u015fl\u0259rin \u00f6d\u0259nilm\u0259sinin monitorinqini \u0259hat\u0259 etm\u0259kl\u0259 sad\u0259 interfeys\u0259 malikdir. Beyn\u0259lxalq tendensiyalar n\u0259z\u0259r\u0259 al\u0131nmaqla haz\u0131rlanm\u0131\u015f portal\u0131n \u0259sas m\u0259qs\u0259di elektron ticar\u0259t xidm\u0259ti g\u00f6st\u0259r\u0259n transmilli \u015firk\u0259tl\u0259r\u0259 daha asan v\u0259 m\u0259saf\u0259d\u0259n u\u00e7ot imkan\u0131n yarad\u0131lmas\u0131, f\u0259aliyy\u0259t g\u00f6st\u0259rdikl\u0259ri v\u0259 iqtisadi d\u0259y\u0259r yaratd\u0131qlar\u0131 \u00f6lk\u0259d\u0259 \u018fDV \u00fczr\u0259 yaranan vergi \u00f6hd\u0259likl\u0259rinin b\u0259yan edilm\u0259si v\u0259 \u00f6d\u0259nilm\u0259sind\u0259n ibar\u0259tdir.<\/p>\n\n\n\n<p>\u201cApple Distribution International Limited\u201d portalda qeydiyyatdan ke\u00e7mi\u015f iri ticar\u0259t markalar\u0131ndan biri olmaqla \u201cApple\u201d kompaniyas\u0131n\u0131n \u0130rlandiyada yerl\u0259\u015f\u0259n t\u00f6r\u0259m\u0259 \u015firk\u0259tidir. \u018fsas funksiyas\u0131 beyn\u0259lxalq s\u0259viyy\u0259d\u0259 m\u0259hsul v\u0259 xidm\u0259tl\u0259rin paylanmas\u0131d\u0131r. Bu \u015firk\u0259t, \u0259sas\u0259n, \u201cApple\u201d ekosistemin\u0259 aid xidm\u0259tl\u0259rin (App Store, iCloud, Apple Music, Apple TV+ v\u0259 s.) Avropa, Yax\u0131n \u015e\u0259rq, Afrika v\u0259 dig\u0259r regionlara paylanmas\u0131 v\u0259 sat\u0131\u015f\u0131 il\u0259 m\u0259\u015f\u011fuldur.<\/p>\n\n\n\n<p>Haz\u0131rda dig\u0259r qeyri-rezidentl\u0259r t\u0259r\u0259find\u0259n portalda \u018fDV m\u0259qs\u0259dl\u0259ri \u00fc\u00e7\u00fcn elektron qaydada vergi u\u00e7otuna al\u0131nmaq \u00fc\u00e7\u00fcn m\u00fcraci\u0259tl\u0259r d\u0259 daxil olmaqdad\u0131r.<\/p>\n","protected":false},"excerpt":{"rendered":"<p>\u201cApple Distribution International Limited\u201d\u0259 \u00f6d\u0259ni\u015f zaman\u0131 v\u0259t\u0259nda\u015flar\u0131n v\u0259saiti hesab\u0131na \u018fDV hesablanmayacaq \u201cApple Distribution International Limited\u201d \u015firk\u0259ti Az\u0259rbaycanda Respublikas\u0131nda \u018fDV m\u0259qs\u0259dl\u0259ri \u00fc\u00e7\u00fcn elektron qaydada vergi u\u00e7otuna al\u0131n\u0131b. \u015eirk\u0259tin \u018fDV m\u0259qs\u0259dl\u0259ri \u00fc\u00e7\u00fcn qeydiyyat\u0131 bu il dekabr\u0131n 1-d\u0259n&#8230;<\/p>\n","protected":false},"author":2,"featured_media":30555,"comment_status":"closed","ping_status":"closed","sticky":false,"template":"","format":"standard","meta":{"footnotes":""},"categories":[10],"tags":[],"aioseo_notices":[],"_links":{"self":[{"href":"https:\/\/rockvell.com\/index.php?rest_route=\/wp\/v2\/posts\/30554"}],"collection":[{"href":"https:\/\/rockvell.com\/index.php?rest_route=\/wp\/v2\/posts"}],"about":[{"href":"https:\/\/rockvell.com\/index.php?rest_route=\/wp\/v2\/types\/post"}],"author":[{"embeddable":true,"href":"https:\/\/rockvell.com\/index.php?rest_route=\/wp\/v2\/users\/2"}],"replies":[{"embeddable":true,"href":"https:\/\/rockvell.com\/index.php?rest_route=%2Fwp%2Fv2%2Fcomments&post=30554"}],"version-history":[{"count":1,"href":"https:\/\/rockvell.com\/index.php?rest_route=\/wp\/v2\/posts\/30554\/revisions"}],"predecessor-version":[{"id":30556,"href":"https:\/\/rockvell.com\/index.php?rest_route=\/wp\/v2\/posts\/30554\/revisions\/30556"}],"wp:featuredmedia":[{"embeddable":true,"href":"https:\/\/rockvell.com\/index.php?rest_route=\/wp\/v2\/media\/30555"}],"wp:attachment":[{"href":"https:\/\/rockvell.com\/index.php?rest_route=%2Fwp%2Fv2%2Fmedia&parent=30554"}],"wp:term":[{"taxonomy":"category","embeddable":true,"href":"https:\/\/rockvell.com\/index.php?rest_route=%2Fwp%2Fv2%2Fcategories&post=30554"},{"taxonomy":"post_tag","embeddable":true,"href":"https:\/\/rockvell.com\/index.php?rest_route=%2Fwp%2Fv2%2Ftags&post=30554"}],"curies":[{"name":"wp","href":"https:\/\/api.w.org\/{rel}","templated":true}]}}