{"id":30557,"date":"2024-11-18T08:00:00","date_gmt":"2024-11-18T05:00:00","guid":{"rendered":"https:\/\/rockvell.com\/?p=30557"},"modified":"2024-11-19T08:08:45","modified_gmt":"2024-11-19T05:08:45","slug":"almaniyanin-s%c9%99rqi-biznes-assosiasiyasinin-icraci-direktoru-il%c9%99-gorus-kecirilib","status":"publish","type":"post","link":"https:\/\/rockvell.com\/?p=30557","title":{"rendered":"Almaniyan\u0131n \u015e\u0259rqi Biznes Assosiasiyas\u0131n\u0131n icra\u00e7\u0131 direktoru il\u0259 g\u00f6r\u00fc\u015f ke\u00e7irilib"},"content":{"rendered":"\n<p class=\"has-medium-font-size\"><strong>Almaniyan\u0131n \u015e\u0259rqi Biznes Assosiasiyas\u0131n\u0131n icra\u00e7\u0131 direktoru il\u0259 g\u00f6r\u00fc\u015f ke\u00e7irilib<\/strong><\/p>\n\n\n\n<p>\u0130qtisadiyyat naziri Mikay\u0131l Cabbarov COP29 \u00e7\u0259r\u00e7iv\u0259sind\u0259 Almaniyan\u0131n \u015e\u0259rqi Biznes Assosiasiyas\u0131n\u0131n icra\u00e7\u0131 direktoru Mixael Harms il\u0259 g\u00f6r\u00fc\u015f\u00fcb.<\/p>\n\n\n<div class=\"wp-block-image\">\n<figure class=\"aligncenter size-large is-resized\"><img loading=\"lazy\" decoding=\"async\" width=\"1024\" height=\"683\" src=\"https:\/\/rockvell.com\/wp-content\/uploads\/2024\/11\/1-4-1024x683.jpg\" alt=\"\" class=\"wp-image-30558\" style=\"width:462px;height:auto\" srcset=\"https:\/\/rockvell.com\/wp-content\/uploads\/2024\/11\/1-4-1024x683.jpg 1024w, https:\/\/rockvell.com\/wp-content\/uploads\/2024\/11\/1-4-300x200.jpg 300w, https:\/\/rockvell.com\/wp-content\/uploads\/2024\/11\/1-4-768x512.jpg 768w, https:\/\/rockvell.com\/wp-content\/uploads\/2024\/11\/1-4-1536x1024.jpg 1536w, https:\/\/rockvell.com\/wp-content\/uploads\/2024\/11\/1-4-360x240.jpg 360w, https:\/\/rockvell.com\/wp-content\/uploads\/2024\/11\/1-4.jpg 2048w\" sizes=\"(max-width: 1024px) 100vw, 1024px\" \/><\/figure><\/div>\n\n\n<p>T\u0259r\u0259fl\u0259r bu g\u00fcn \u0130xrac\u0131n v\u0259 \u0130nvestisiyalar\u0131n T\u0259\u015fviqi Agentliyi \u2013 AZPROMO v\u0259 Almaniyan\u0131n \u015e\u0259rqi Biznes Assosiasiyas\u0131n\u0131n birg\u0259 t\u0259\u015fkilat\u00e7\u0131l\u0131\u011f\u0131 il\u0259 COP29 \u00e7\u0259r\u00e7iv\u0259sind\u0259 \u201cYa\u015f\u0131l transformasiya\u201d m\u00f6vzusunda Almaniya-Az\u0259rbaycan y\u00fcks\u0259k s\u0259viyy\u0259li biznes dialoqunun ke\u00e7irilm\u0259sinin \u0259h\u0259miyy\u0259tin\u0259 toxunub, \u00f6lk\u0259l\u0259rimiz aras\u0131nda s\u0259naye, ticar\u0259t, investisiyalar\u0131n t\u0259\u015fviqi v\u0259 iqtisadiyyat\u0131n m\u00fcxt\u0259lif sah\u0259l\u0259ri \u00fczr\u0259 \u0259m\u0259kda\u015fl\u0131\u011f\u0131n inki\u015faf\u0131n\u0131 vur\u011fulay\u0131blar. H\u0259m\u00e7inin, Almaniya \u015firk\u0259tl\u0259rinin Az\u0259rbaycanda f\u0259aliyy\u0259ti, biznes t\u0259r\u0259fda\u015fl\u0131\u011f\u0131n\u0131n g\u00fccl\u0259ndirilm\u0259si v\u0259 b\u0259rpaolunan enerji sah\u0259sind\u0259 birg\u0259 f\u0259aliyy\u0259tin t\u0259\u015fviqi imkanlar\u0131 m\u00fczakir\u0259 olunub.<\/p>\n\n\n\n<p>G\u00f6r\u00fc\u015fd\u0259 \u00f6lk\u0259mizd\u0259 ke\u00e7iril\u0259n COP29 \u00e7\u0259r\u00e7iv\u0259sind\u0259 ir\u0259li s\u00fcr\u00fcl\u0259n \u0259sas t\u0259\u015f\u0259bb\u00fcsl\u0259r bar\u0259d\u0259 m\u0259lumat verilib. Az\u0259rbaycan\u0131n qlobal t\u0259\u015f\u0259bb\u00fcsl\u0259r\u0259 t\u00f6hf\u0259l\u0259ri v\u0259 h\u0259yata ke\u00e7iril\u0259n \u201cya\u015f\u0131l\u201d layih\u0259l\u0259r y\u00fcks\u0259k qiym\u0259tl\u0259ndirilib.<\/p>\n\n\n\n<p>T\u0259r\u0259fl\u0259r iqtisadi m\u00fcnasib\u0259tl\u0259rin inki\u015faf\u0131, qar\u015f\u0131l\u0131ql\u0131 biznes v\u0259 ticar\u0259t \u0259laq\u0259l\u0259rinin d\u0259rinl\u0259\u015fdirilm\u0259si il\u0259 ba\u011fl\u0131 m\u00fczakir\u0259l\u0259r apar\u0131blar.<br><br>\u0130qtisadiyyat naziri Mikay\u0131l Cabbarov sosial \u015f\u0259b\u0259k\u0259 hesablar\u0131nda COP29 \u00e7\u0259r\u00e7iv\u0259sind\u0259 Almaniyan\u0131n \u015e\u0259rqi Biznes Assosiasiyas\u0131n\u0131n icra\u00e7\u0131 direktoru Mixael Harms il\u0259 ke\u00e7iril\u0259n g\u00f6r\u00fc\u015f bar\u0259d\u0259 payla\u015f\u0131m edib.<\/p>\n\n\n\n<p>Payla\u015f\u0131mda bildirilir ki, g\u00f6r\u00fc\u015fd\u0259 \u00f6lk\u0259l\u0259rimiz aras\u0131nda s\u0259naye, ticar\u0259t, investisiyalar\u0131n t\u0259\u015fviqi v\u0259 iqtisadiyyat\u0131n m\u00fcxt\u0259lif sah\u0259l\u0259ri \u00fczr\u0259 \u0259m\u0259kda\u015fl\u0131\u011f\u0131n inki\u015faf\u0131 vur\u011fulan\u0131b: \u201cAlmaniya \u015firk\u0259tl\u0259rinin Az\u0259rbaycanda f\u0259aliyy\u0259ti, biznes t\u0259r\u0259fda\u015fl\u0131\u011f\u0131n\u0131n g\u00fccl\u0259ndirilm\u0259si v\u0259 b\u0259rpaolunan enerji sah\u0259sind\u0259 birg\u0259 f\u0259aliyy\u0259tin t\u0259\u015fviqi imkanlar\u0131n\u0131 m\u00fczakir\u0259 etdik\u201d.<\/p>\n","protected":false},"excerpt":{"rendered":"<p>Almaniyan\u0131n \u015e\u0259rqi Biznes Assosiasiyas\u0131n\u0131n icra\u00e7\u0131 direktoru il\u0259 g\u00f6r\u00fc\u015f ke\u00e7irilib \u0130qtisadiyyat naziri Mikay\u0131l Cabbarov COP29 \u00e7\u0259r\u00e7iv\u0259sind\u0259 Almaniyan\u0131n \u015e\u0259rqi Biznes Assosiasiyas\u0131n\u0131n icra\u00e7\u0131 direktoru Mixael Harms il\u0259 g\u00f6r\u00fc\u015f\u00fcb. T\u0259r\u0259fl\u0259r bu g\u00fcn \u0130xrac\u0131n v\u0259 \u0130nvestisiyalar\u0131n T\u0259\u015fviqi Agentliyi \u2013 AZPROMO&#8230;<\/p>\n","protected":false},"author":2,"featured_media":30558,"comment_status":"closed","ping_status":"closed","sticky":false,"template":"","format":"standard","meta":{"footnotes":""},"categories":[41],"tags":[],"aioseo_notices":[],"_links":{"self":[{"href":"https:\/\/rockvell.com\/index.php?rest_route=\/wp\/v2\/posts\/30557"}],"collection":[{"href":"https:\/\/rockvell.com\/index.php?rest_route=\/wp\/v2\/posts"}],"about":[{"href":"https:\/\/rockvell.com\/index.php?rest_route=\/wp\/v2\/types\/post"}],"author":[{"embeddable":true,"href":"https:\/\/rockvell.com\/index.php?rest_route=\/wp\/v2\/users\/2"}],"replies":[{"embeddable":true,"href":"https:\/\/rockvell.com\/index.php?rest_route=%2Fwp%2Fv2%2Fcomments&post=30557"}],"version-history":[{"count":1,"href":"https:\/\/rockvell.com\/index.php?rest_route=\/wp\/v2\/posts\/30557\/revisions"}],"predecessor-version":[{"id":30559,"href":"https:\/\/rockvell.com\/index.php?rest_route=\/wp\/v2\/posts\/30557\/revisions\/30559"}],"wp:featuredmedia":[{"embeddable":true,"href":"https:\/\/rockvell.com\/index.php?rest_route=\/wp\/v2\/media\/30558"}],"wp:attachment":[{"href":"https:\/\/rockvell.com\/index.php?rest_route=%2Fwp%2Fv2%2Fmedia&parent=30557"}],"wp:term":[{"taxonomy":"category","embeddable":true,"href":"https:\/\/rockvell.com\/index.php?rest_route=%2Fwp%2Fv2%2Fcategories&post=30557"},{"taxonomy":"post_tag","embeddable":true,"href":"https:\/\/rockvell.com\/index.php?rest_route=%2Fwp%2Fv2%2Ftags&post=30557"}],"curies":[{"name":"wp","href":"https:\/\/api.w.org\/{rel}","templated":true}]}}