{"id":30565,"date":"2024-11-19T01:00:00","date_gmt":"2024-11-18T22:00:00","guid":{"rendered":"https:\/\/rockvell.com\/?p=30565"},"modified":"2024-11-19T10:51:02","modified_gmt":"2024-11-19T07:51:02","slug":"abs-nin-beyn%c9%99lxalq-ticar%c9%99t-adminstrasiyasinin-numay%c9%99nd%c9%99si-il%c9%99-gorus-kecirilib","status":"publish","type":"post","link":"https:\/\/rockvell.com\/?p=30565","title":{"rendered":"AB\u015e-nin Beyn\u0259lxalq Ticar\u0259t Adminstrasiyas\u0131n\u0131n n\u00fcmay\u0259nd\u0259si il\u0259 g\u00f6r\u00fc\u015f ke\u00e7irilib"},"content":{"rendered":"\n<p class=\"has-medium-font-size\"><strong>AB\u015e-nin Beyn\u0259lxalq Ticar\u0259t Adminstrasiyas\u0131n\u0131n n\u00fcmay\u0259nd\u0259si il\u0259 g\u00f6r\u00fc\u015f ke\u00e7irilib<\/strong><\/p>\n\n\n\n<p><em>G\u00f6r\u00fc\u015fd\u0259 Az\u0259rbaycan\u0131n investisiya m\u00fchiti bar\u0259d\u0259 m\u0259lumat verilib, birg\u0259 vebinar v\u0259 t\u0259dbirl\u0259rin t\u0259\u015fkili bar\u0259d\u0259 m\u00fczakir\u0259 apar\u0131l\u0131b.<\/em><\/p>\n\n\n\n<p>\u0130xrac\u0131n v\u0259 \u0130nvestisiyalar\u0131n T\u0259\u015fviqi Agentliyinin \u2013 AZPROMO-nun icra\u00e7\u0131 direktoru Yusif Abdullayev AB\u015e-nin Beyn\u0259lxalq Ticar\u0259t Administrasiyas\u0131n\u0131n istehsal \u00fczr\u0259 katib k\u00f6m\u0259k\u00e7isinin m\u00fcavini Hezer Evans\u0131n r\u0259hb\u0259rlik etdiyi n\u00fcmay\u0259nd\u0259 hey\u0259ti il\u0259 g\u00f6r\u00fc\u015f\u00fcb. M\u00fczakir\u0259l\u0259r zaman\u0131 t\u0259r\u0259fl\u0259r aras\u0131nda AB\u015e \u015firk\u0259tl\u0259rini Az\u0259rbaycan bazar\u0131nda i\u015ftirak etm\u0259y\u0259 t\u0259\u015fviq ed\u0259c\u0259k layih\u0259l\u0259rd\u0259n dan\u0131\u015f\u0131l\u0131b.<\/p>\n\n\n<div class=\"wp-block-image\">\n<figure class=\"aligncenter size-large is-resized\"><img loading=\"lazy\" decoding=\"async\" width=\"1024\" height=\"682\" src=\"https:\/\/rockvell.com\/wp-content\/uploads\/2024\/11\/PJsnJK77shC01AwkcUoNpumRG8Ds3SS8WCrn777p-1024x682.jpg\" alt=\"\" class=\"wp-image-30566\" style=\"width:446px;height:auto\" srcset=\"https:\/\/rockvell.com\/wp-content\/uploads\/2024\/11\/PJsnJK77shC01AwkcUoNpumRG8Ds3SS8WCrn777p-1024x682.jpg 1024w, https:\/\/rockvell.com\/wp-content\/uploads\/2024\/11\/PJsnJK77shC01AwkcUoNpumRG8Ds3SS8WCrn777p-300x200.jpg 300w, https:\/\/rockvell.com\/wp-content\/uploads\/2024\/11\/PJsnJK77shC01AwkcUoNpumRG8Ds3SS8WCrn777p-768x511.jpg 768w, https:\/\/rockvell.com\/wp-content\/uploads\/2024\/11\/PJsnJK77shC01AwkcUoNpumRG8Ds3SS8WCrn777p-1536x1023.jpg 1536w, https:\/\/rockvell.com\/wp-content\/uploads\/2024\/11\/PJsnJK77shC01AwkcUoNpumRG8Ds3SS8WCrn777p-2048x1364.jpg 2048w, https:\/\/rockvell.com\/wp-content\/uploads\/2024\/11\/PJsnJK77shC01AwkcUoNpumRG8Ds3SS8WCrn777p-360x240.jpg 360w\" sizes=\"(max-width: 1024px) 100vw, 1024px\" \/><\/figure><\/div>\n\n\n<p>AB\u015e n\u00fcmay\u0259nd\u0259 hey\u0259tin\u0259 Az\u0259rbaycan\u0131n \u00fcmumi iqtisadi m\u0259nz\u0259r\u0259si v\u0259 investisiya m\u00fchiti, AZPROMO-nun f\u0259aliyy\u0259ti, el\u0259c\u0259 d\u0259 xarici investorlar \u00fc\u00e7\u00fcn yarad\u0131lan \u0259lveri\u015fli biznes m\u00fchiti haqq\u0131nda m\u0259lumat verilib. AB\u015e \u015firk\u0259tl\u0259rinin Az\u0259rbaycan bazar\u0131na mara\u011f\u0131n\u0131n artd\u0131\u011f\u0131 v\u0259 Beyn\u0259lxalq Ticar\u0259t Administrasiyas\u0131n\u0131n AB\u015e \u015firk\u0259tl\u0259rini Az\u0259rbaycanda yerli t\u0259r\u0259fda\u015flar tapmaqda d\u0259st\u0259kl\u0259diyi bildirilib.<\/p>\n\n\n\n<p>G\u00f6r\u00fc\u015f zaman\u0131 t\u0259cr\u00fcb\u0259 m\u00fcbadil\u0259si aparmaq m\u0259qs\u0259dil\u0259 birg\u0259 vebinarlar v\u0259 t\u0259dbirl\u0259rin t\u0259\u015fkili bar\u0259d\u0259 fikir m\u00fcbadil\u0259si apar\u0131l\u0131b.<\/p>\n","protected":false},"excerpt":{"rendered":"<p>AB\u015e-nin Beyn\u0259lxalq Ticar\u0259t Adminstrasiyas\u0131n\u0131n n\u00fcmay\u0259nd\u0259si il\u0259 g\u00f6r\u00fc\u015f ke\u00e7irilib G\u00f6r\u00fc\u015fd\u0259 Az\u0259rbaycan\u0131n investisiya m\u00fchiti bar\u0259d\u0259 m\u0259lumat verilib, birg\u0259 vebinar v\u0259 t\u0259dbirl\u0259rin t\u0259\u015fkili bar\u0259d\u0259 m\u00fczakir\u0259 apar\u0131l\u0131b. \u0130xrac\u0131n v\u0259 \u0130nvestisiyalar\u0131n T\u0259\u015fviqi Agentliyinin \u2013 AZPROMO-nun icra\u00e7\u0131 direktoru Yusif Abdullayev AB\u015e-nin&#8230;<\/p>\n","protected":false},"author":2,"featured_media":30566,"comment_status":"closed","ping_status":"closed","sticky":false,"template":"","format":"standard","meta":{"footnotes":""},"categories":[41],"tags":[],"aioseo_notices":[],"_links":{"self":[{"href":"https:\/\/rockvell.com\/index.php?rest_route=\/wp\/v2\/posts\/30565"}],"collection":[{"href":"https:\/\/rockvell.com\/index.php?rest_route=\/wp\/v2\/posts"}],"about":[{"href":"https:\/\/rockvell.com\/index.php?rest_route=\/wp\/v2\/types\/post"}],"author":[{"embeddable":true,"href":"https:\/\/rockvell.com\/index.php?rest_route=\/wp\/v2\/users\/2"}],"replies":[{"embeddable":true,"href":"https:\/\/rockvell.com\/index.php?rest_route=%2Fwp%2Fv2%2Fcomments&post=30565"}],"version-history":[{"count":1,"href":"https:\/\/rockvell.com\/index.php?rest_route=\/wp\/v2\/posts\/30565\/revisions"}],"predecessor-version":[{"id":30567,"href":"https:\/\/rockvell.com\/index.php?rest_route=\/wp\/v2\/posts\/30565\/revisions\/30567"}],"wp:featuredmedia":[{"embeddable":true,"href":"https:\/\/rockvell.com\/index.php?rest_route=\/wp\/v2\/media\/30566"}],"wp:attachment":[{"href":"https:\/\/rockvell.com\/index.php?rest_route=%2Fwp%2Fv2%2Fmedia&parent=30565"}],"wp:term":[{"taxonomy":"category","embeddable":true,"href":"https:\/\/rockvell.com\/index.php?rest_route=%2Fwp%2Fv2%2Fcategories&post=30565"},{"taxonomy":"post_tag","embeddable":true,"href":"https:\/\/rockvell.com\/index.php?rest_route=%2Fwp%2Fv2%2Ftags&post=30565"}],"curies":[{"name":"wp","href":"https:\/\/api.w.org\/{rel}","templated":true}]}}