{"id":30571,"date":"2024-11-19T04:00:00","date_gmt":"2024-11-19T01:00:00","guid":{"rendered":"https:\/\/rockvell.com\/?p=30571"},"modified":"2024-11-19T11:12:19","modified_gmt":"2024-11-19T08:12:19","slug":"cop29-c%c9%99rciv%c9%99sind%c9%99-fermerl%c9%99r-ucun-baki-harmoniya-iqlim-t%c9%99s%c9%99bbusu-elan-edilib","status":"publish","type":"post","link":"https:\/\/rockvell.com\/?p=30571","title":{"rendered":"COP29 \u00e7\u0259r\u00e7iv\u0259sind\u0259 Fermerl\u0259r \u00fc\u00e7\u00fcn Bak\u0131 Harmoniya \u0130qlim T\u0259\u015f\u0259bb\u00fcs\u00fc elan edilib"},"content":{"rendered":"\n<p class=\"has-medium-font-size\"><strong>COP29 \u00e7\u0259r\u00e7iv\u0259sind\u0259 Fermerl\u0259r \u00fc\u00e7\u00fcn Bak\u0131 Harmoniya \u0130qlim T\u0259\u015f\u0259bb\u00fcs\u00fc elan edilib<\/strong><\/p>\n\n\n\n<p>BMT-nin \u0130qlim D\u0259yi\u015fm\u0259l\u0259ri \u00fczr\u0259 \u00c7\u0259r\u00e7iv\u0259 Konvensiyas\u0131n\u0131n T\u0259r\u0259fl\u0259r Konfrans\u0131n\u0131n Bak\u0131da ke\u00e7iril\u0259n 29-cu sessiyas\u0131 \u00e7\u0259r\u00e7iv\u0259sind\u0259 (COP29) &#8220;Fermerl\u0259r \u00fc\u00e7\u00fcn Bak\u0131 Harmoniya \u0130qlim T\u0259\u015f\u0259bb\u00fcs\u00fcn\u00fcn i\u015f\u0259 sal\u0131nmas\u0131: fermerl\u0259rin iqlim d\u0259yi\u015fikliyin\u0259 qar\u015f\u0131 dayan\u0131ql\u0131\u011f\u0131n\u0131n art\u0131r\u0131lmas\u0131 \u00fc\u00e7\u00fcn imkanlar\u0131n geni\u015fl\u0259ndirilm\u0259si&#8221; r\u0259smi elan edilib.<\/p>\n\n\n\n<p>COP29 S\u0259drliyi, K\u0259nd T\u0259s\u0259rr\u00fcfat\u0131 Nazirliyi v\u0259 BMT-nin \u018frzaq v\u0259 K\u0259nd T\u0259s\u0259rr\u00fcfat\u0131 T\u0259\u015fkilat\u0131 (FAO) il\u0259 birg\u0259 \u0259m\u0259kda\u015fl\u0131q \u00e7\u0259r\u00e7iv\u0259sind\u0259 formala\u015fan bu m\u00fch\u00fcm t\u0259\u015f\u0259bb\u00fcs k\u0259nd t\u0259s\u0259rr\u00fcfat\u0131nda, qida sisteml\u0259rind\u0259, su idar\u0259\u00e7iliyind\u0259 iqlim d\u0259yi\u015fikliyin\u0259 uy\u011funla\u015fma v\u0259 davaml\u0131 inki\u015faf\u0131n t\u0259\u015fviqin\u0259 y\u00f6n\u0259lib.\u00a0<\/p>\n\n\n<div class=\"wp-block-image\">\n<figure class=\"aligncenter size-full is-resized\"><img loading=\"lazy\" decoding=\"async\" width=\"740\" height=\"500\" src=\"https:\/\/rockvell.com\/wp-content\/uploads\/2024\/11\/uroZJq6E6Zte18U7naVcis6WR0VDW8P9fUl2iT4d.jpeg\" alt=\"\" class=\"wp-image-30572\" style=\"width:452px;height:auto\" srcset=\"https:\/\/rockvell.com\/wp-content\/uploads\/2024\/11\/uroZJq6E6Zte18U7naVcis6WR0VDW8P9fUl2iT4d.jpeg 740w, https:\/\/rockvell.com\/wp-content\/uploads\/2024\/11\/uroZJq6E6Zte18U7naVcis6WR0VDW8P9fUl2iT4d-300x203.jpeg 300w, https:\/\/rockvell.com\/wp-content\/uploads\/2024\/11\/uroZJq6E6Zte18U7naVcis6WR0VDW8P9fUl2iT4d-360x243.jpeg 360w\" sizes=\"(max-width: 740px) 100vw, 740px\" \/><\/figure><\/div>\n\n\n<p>\u201cQida, K\u0259nd T\u0259s\u0259rr\u00fcfat\u0131 v\u0259 Su G\u00fcn\u00fc\u201dnd\u0259 ke\u00e7iril\u0259n panel m\u00fczakir\u0259nin moderatorlu\u011funu BMT-nin \u018frzaq v\u0259 K\u0259nd T\u0259s\u0259rr\u00fcfat\u0131 T\u0259\u015fkilat\u0131n\u0131n (FAO) \u0130qlim D\u0259yi\u015fikliyi, Biom\u00fcxt\u0259liflik v\u0259 \u018ftraf M\u00fchit Ofisinin Direktoru Kaveh Zahedi edib.<\/p>\n\n\n\n<p>T\u0259dbird\u0259 \u00e7\u0131x\u0131\u015f ed\u0259n COP29-un Prezidenti Muxtar Babayev bildirib ki, paytaxt Bak\u0131n\u0131n ev sahibliyi etdiyi beyn\u0259lxalq iqlim konfrans\u0131nda dig\u0259r COP-larda oldu\u011fu kimi d\u00fcnya ictimaiyy\u0259ti \u00fc\u00e7\u00fcn qlobal t\u0259\u015f\u0259bb\u00fcsl\u0259r &#8211; \u00e7a\u011f\u0131r\u0131lar formala\u015f\u0131b. COP29 \u00fc\u00e7\u00fcn 14 qlobal t\u0259\u015f\u0259bb\u00fcsd\u0259n biri k\u0259nd t\u0259s\u0259rr\u00fcfat\u0131, \u0259traf m\u00fchit v\u0259 iqlim m\u0259s\u0259l\u0259l\u0259rini \u00f6z\u00fcnd\u0259 ehtiva ed\u0259n Fermerl\u0259r \u00fc\u00e7\u00fcn \u201cBak\u0131 Harmoniya \u0130qlim T\u0259\u015f\u0259bb\u00fcs\u00fc\u201dn\u00fcn \u0259sas m\u0259qs\u0259dl\u0259rind\u0259n biri k\u0259nd icmalar\u0131n\u0131n, qad\u0131n v\u0259 g\u0259ncl\u0259rin imkanlar\u0131n\u0131n geni\u015fl\u0259ndirilm\u0259si v\u0259 k\u0259nd t\u0259s\u0259rr\u00fcfat\u0131n\u0131n iqlim d\u0259yi\u015fm\u0259l\u0259rin\u0259 qar\u015f\u0131 davaml\u0131l\u0131\u011f\u0131n\u0131n art\u0131r\u0131lmas\u0131na nail olmaqd\u0131r. COP29 prezidenti bildirib ki, &#8220;Harmoniya\u201d t\u0259\u015f\u0259bb\u00fcs\u00fc \u00e7\u0259r\u00e7iv\u0259sind\u0259 k\u0259nd t\u0259s\u0259rr\u00fcfat\u0131n\u0131n dayan\u0131ql\u0131 inki\u015faf\u0131 yerli v\u0259 qlobal s\u0259viyy\u0259d\u0259 iqlim d\u0259yi\u015fikliyi il\u0259 m\u00fcbariz\u0259d\u0259 m\u00fch\u00fcm rol oynayacaq.<\/p>\n\n\n\n<p>K\u0259nd t\u0259s\u0259rr\u00fcfat\u0131 naziri M\u0259cnun M\u0259mm\u0259dov \u201cHarmoniya\u201dn\u0131n m\u0259qs\u0259dl\u0259rinin sad\u0259, lakin vacib oldu\u011funu vur\u011fulay\u0131b. Nazir bildirib ki, ilk n\u00f6vb\u0259d\u0259 \u201cHarmoniya\u201d t\u0259\u015f\u0259bb\u00fcs\u00fc iqlim\u0259 davaml\u0131 k\u0259nd t\u0259s\u0259rr\u00fcfat\u0131 sisteml\u0259rinin qurulmas\u0131nda maraql\u0131 t\u0259r\u0259fl\u0259ri bir araya g\u0259tirm\u0259kl\u0259 aqro\u0259rzaq sisteml\u0259rinin daha dayan\u0131ql\u0131 v\u0259 davaml\u0131 model\u0259 \u00e7evrilm\u0259si istiqam\u0259tind\u0259 qlobal s\u0259yl\u0259ri birl\u0259\u015fdir\u0259n platforma kimi n\u0259z\u0259rd\u0259 tutulub. K\u0259nd t\u0259s\u0259rr\u00fcfat\u0131 sektorunda adaptasiya t\u0259dbirl\u0259rinin t\u0259\u015fviq edilm\u0259sind\u0259 bir n\u00f6v aqreqator rolunu oynayacaq bu t\u0259\u015f\u0259bb\u00fcs \u015f\u0259b\u0259k\u0259 v\u0259 koalisiyalar\u0131 bir araya g\u0259tir\u0259r\u0259k onlar\u0131n g\u00fcc\u00fcnd\u0259n yararlanacaq, t\u0259cr\u00fcb\u0259 m\u00fcbadil\u0259sini t\u0259min ed\u0259c\u0259k. Ba\u015fqa s\u00f6zl\u0259, bu platforma fermerl\u0259rin t\u0259cr\u00fcbi bilikl\u0259r \u0259ld\u0259 etm\u0259si, r\u0259q\u0259msal al\u0259tl\u0259r\u0259 \u00e7\u0131x\u0131\u015f\u0131, d\u00fcnyan\u0131n \u0259n yax\u015f\u0131 t\u0259cr\u00fcb\u0259l\u0259ri v\u0259 innovasiyalar\u0131 il\u0259 tan\u0131\u015f olmas\u0131nda \u0259v\u0259zsiz rol oynayacaq. \u0130kincisi, bu t\u0259\u015f\u0259bb\u00fcs k\u0259nd t\u0259s\u0259rr\u00fcfat\u0131 sisteml\u0259rinin transformasiyas\u0131n\u0131 d\u0259st\u0259kl\u0259y\u0259c\u0259k, davaml\u0131 k\u0259nd t\u0259s\u0259rr\u00fcfat\u0131n\u0131 d\u0259st\u0259kl\u0259y\u0259n investisiyalar\u0131 s\u0259f\u0259rb\u0259r etm\u0259y\u0259 imkan ver\u0259c\u0259k. T\u0259\u015f\u0259bb\u00fcs \u00e7\u0259r\u00e7iv\u0259sind\u0259 beyn\u0259lxalq t\u0259\u015f\u0259kilatlar, d\u00f6vl\u0259t v\u0259 \u00f6z\u0259l qurumlar, el\u0259c\u0259 d\u0259 b\u00fct\u00fcn t\u0259r\u0259fda\u015flar aras\u0131nda \u0259m\u0259kda\u015fl\u0131q n\u0259tic\u0259sind\u0259 iqlim maliyy\u0259l\u0259\u015fm\u0259si il\u0259 ba\u011fl\u0131 yeni al\u0259t v\u0259 layih\u0259l\u0259rin t\u0259tbiqi n\u0259z\u0259rd\u0259 tutulur ki, bununla da s\u0259rmay\u0259l\u0259r daha \u0259l\u00e7atan v\u0259 effektiv olacaq.<\/p>\n\n\n\n<p>\u00dc\u00e7\u00fcnc\u00fc m\u0259qam ondan ibar\u0259tdir ki, \u201cHarmoniya\u201d t\u0259\u015f\u0259bb\u00fcs\u00fc k\u0259nd t\u0259s\u0259rr\u00fcfat\u0131n\u0131n onur\u011fa s\u00fctunu v\u0259 g\u0259l\u0259c\u0259k dayan\u0131ql\u0131\u011f\u0131n \u0259sas h\u0259r\u0259k\u0259tverici q\u00fcvv\u0259si olan fermerl\u0259rin, x\u00fcsusil\u0259 qad\u0131nlar\u0131n v\u0259 g\u0259ncl\u0259rin imkanlar\u0131n\u0131n art\u0131r\u0131lmas\u0131nda m\u00fch\u00fcm rol oynayacaq. Laz\u0131mi al\u0259tl\u0259r, t\u0259lim v\u0259 iqlim maliyy\u0259si il\u0259 t\u0259chiz etm\u0259kl\u0259 Harmoniya k\u0259nd t\u0259s\u0259rr\u00fcfat\u0131 icmalar\u0131 v\u0259 fermerl\u0259ri t\u0259cr\u00fcb\u0259l\u0259rini davaml\u0131 t\u0259kmill\u0259\u015fdirm\u0259y\u0259 t\u0259\u015fviq ed\u0259c\u0259k.<\/p>\n\n\n\n<p>FAO-nun Avropa v\u0259 M\u0259rk\u0259zi Asiya \u00fczr\u0259 Regional N\u00fcmay\u0259nd\u0259si Viorel Gutu son ill\u0259rd\u0259 iqlim d\u0259yi\u015fikliyinin iqtisadiyyat\u0131n bir \u00e7ox sah\u0259l\u0259rin\u0259, o c\u00fcml\u0259d\u0259n k\u0259nd t\u0259s\u0259rr\u00fcfat\u0131 sah\u0259sin\u0259 t\u0259sir etdiyini vur\u011fulay\u0131b. O, m\u00fcbariz\u0259 t\u0259dbirl\u0259ri \u00e7\u0259r\u00e7iv\u0259sind\u0259 k\u0259nd icmalar\u0131n\u0131n, qad\u0131n v\u0259 g\u0259ncl\u0259rin f\u0259aliyy\u0259tinin d\u0259st\u0259kl\u0259nm\u0259sin\u0259, iqlim maliyy\u0259sin\u0259 x\u00fcsusi diqq\u0259t yetirilm\u0259sinin vacib oldu\u011funu diqq\u0259t\u0259 \u00e7atd\u0131r\u0131b: \u201cSon 10 il \u0259rzind\u0259 aqro-\u0259rzaq sisteml\u0259ri, iqlim d\u0259yi\u015fikliyi v\u0259 maliyy\u0259 il\u0259 \u0259laq\u0259li t\u0259\u015f\u0259bb\u00fcsl\u0259r, koalisiyalar, \u015f\u0259b\u0259k\u0259l\u0259r v\u0259 t\u0259r\u0259fda\u015fl\u0131qlar \u0259h\u0259miyy\u0259tli inki\u015faf edib. Bununla yana\u015f\u0131, daha t\u0259sirli iqlim t\u0259dbirl\u0259ri h\u0259yata ke\u00e7irm\u0259k v\u0259 aqro-\u0259rzaq sisteml\u0259rinin daha s\u00fcr\u0259tli transformasiyas\u0131n\u0131 h\u0259yata ke\u00e7irm\u0259k \u00fc\u00e7\u00fcn daha \u00e7ox koordinasiyaya ehtiyac var. Harmoniya T\u0259\u015f\u0259bb\u00fcs\u00fc bu bax\u0131mdan \u00e7ox \u00f6n\u0259mlidir&#8221;.<\/p>\n\n\n<div class=\"wp-block-image\">\n<figure class=\"aligncenter size-large is-resized\"><img loading=\"lazy\" decoding=\"async\" width=\"1024\" height=\"683\" src=\"https:\/\/rockvell.com\/wp-content\/uploads\/2024\/11\/gAzSbNEJ99O2XsAnGc4gHbQgruJmdLvWt2aHHD0z-1024x683.jpeg\" alt=\"\" class=\"wp-image-30573\" style=\"width:459px;height:auto\" srcset=\"https:\/\/rockvell.com\/wp-content\/uploads\/2024\/11\/gAzSbNEJ99O2XsAnGc4gHbQgruJmdLvWt2aHHD0z-1024x683.jpeg 1024w, https:\/\/rockvell.com\/wp-content\/uploads\/2024\/11\/gAzSbNEJ99O2XsAnGc4gHbQgruJmdLvWt2aHHD0z-300x200.jpeg 300w, https:\/\/rockvell.com\/wp-content\/uploads\/2024\/11\/gAzSbNEJ99O2XsAnGc4gHbQgruJmdLvWt2aHHD0z-768x512.jpeg 768w, https:\/\/rockvell.com\/wp-content\/uploads\/2024\/11\/gAzSbNEJ99O2XsAnGc4gHbQgruJmdLvWt2aHHD0z-1536x1024.jpeg 1536w, https:\/\/rockvell.com\/wp-content\/uploads\/2024\/11\/gAzSbNEJ99O2XsAnGc4gHbQgruJmdLvWt2aHHD0z-2048x1365.jpeg 2048w, https:\/\/rockvell.com\/wp-content\/uploads\/2024\/11\/gAzSbNEJ99O2XsAnGc4gHbQgruJmdLvWt2aHHD0z-360x240.jpeg 360w\" sizes=\"(max-width: 1024px) 100vw, 1024px\" \/><\/figure><\/div>\n\n\n<p>R\u0259smi a\u00e7\u0131l\u0131\u015f m\u0259rasimind\u0259n sonra \u201cHarmoniya niy\u0259 vacibdir? Bu t\u0259\u015f\u0259bb\u00fcs hans\u0131 bo\u015fluqlar\u0131 h\u0259ll ed\u0259c\u0259k?\u201d m\u00f6vzusunda panel sessiya ke\u00e7irilib. Sessiyada \u00e7\u0131x\u0131\u015f ed\u0259n K\u0259nd t\u0259s\u0259rr\u00fcfat\u0131 nazirinin m\u00fcavini \u0130lham\u0259 Q\u0259dimova aqrar sah\u0259nin b\u00f6lg\u0259l\u0259rd\u0259 m\u0259\u015f\u011fullu\u011fun t\u0259min olunmas\u0131nda, o c\u00fcml\u0259d\u0259n k\u0259nd icmalar\u0131n\u0131n, qad\u0131n v\u0259 g\u0259ncl\u0259rin g\u0259lirl\u0259rinin formala\u015fmas\u0131nda m\u00fch\u00fcm rol oynad\u0131\u011f\u0131n\u0131, bu t\u0259\u015f\u0259bb\u00fcs\u00fcn iqlim d\u0259yi\u015fikliyi il\u0259 m\u00fcbariz\u0259d\u0259 qad\u0131n v\u0259 g\u0259ncl\u0259rin r\u0259q\u0259msal savadl\u0131l\u0131\u011f\u0131n\u0131 t\u0259\u015fviq ed\u0259c\u0259yini, r\u0259q\u0259msal al\u0259tl\u0259r\u0259 \u00e7\u0131x\u0131\u015f\u0131n t\u0259min edilm\u0259sin\u0259, f\u0259rdi t\u0259s\u0259rr\u00fcfatlar\u0131n d\u0259st\u0259kl\u0259nm\u0259sin\u0259 xidm\u0259t ed\u0259c\u0259yini vur\u011fulay\u0131b.<\/p>\n\n\n\n<p>Panel m\u00fczakir\u0259l\u0259rd\u0259 \u00e7\u0131x\u0131\u015f ed\u0259n D\u00fcnya Bank\u0131n\u0131n K\u0259nd t\u0259s\u0259rr\u00fcfat\u0131 v\u0259 qida \u00fczr\u0259 qlobal direktoru Shobha Shetty, BMT Qad\u0131nlar T\u0259\u015fkilat\u0131n\u0131n \u0130qtisadi inki\u015faf b\u00f6lm\u0259sinin r\u0259hb\u0259ri Jemimah Njuki, D\u00fcnya Fermerl\u0259r T\u0259\u015fkilat\u0131n\u0131n Ba\u015f Katibi Andrea Porro v\u0259 dig\u0259r natiql\u0259r iqlim d\u0259yi\u015fikliyi il\u0259 m\u00fcbariz\u0259d\u0259 qlobal \u0259m\u0259kda\u015fl\u0131\u011f\u0131n \u00f6n\u0259mli oldu\u011funu, bu istiqam\u0259td\u0259 kompleks yana\u015fman\u0131 \u00f6z\u00fcnd\u0259 ehtiva ed\u0259n Fermerl\u0259r \u00fc\u00e7\u00fcn Bak\u0131 Harmoniya \u0130qlim T\u0259\u015f\u0259bb\u00fcs\u00fcn\u00fc d\u0259st\u0259kl\u0259dikl\u0259rini vur\u011fulay\u0131blar.<\/p>\n\n\n\n<p>Panel m\u00fczakir\u0259l\u0259r sual-cavab format\u0131nda davam etdirilib.<\/p>\n","protected":false},"excerpt":{"rendered":"<p>COP29 \u00e7\u0259r\u00e7iv\u0259sind\u0259 Fermerl\u0259r \u00fc\u00e7\u00fcn Bak\u0131 Harmoniya \u0130qlim T\u0259\u015f\u0259bb\u00fcs\u00fc elan edilib BMT-nin \u0130qlim D\u0259yi\u015fm\u0259l\u0259ri \u00fczr\u0259 \u00c7\u0259r\u00e7iv\u0259 Konvensiyas\u0131n\u0131n T\u0259r\u0259fl\u0259r Konfrans\u0131n\u0131n Bak\u0131da ke\u00e7iril\u0259n 29-cu sessiyas\u0131 \u00e7\u0259r\u00e7iv\u0259sind\u0259 (COP29) &#8220;Fermerl\u0259r \u00fc\u00e7\u00fcn Bak\u0131 Harmoniya \u0130qlim T\u0259\u015f\u0259bb\u00fcs\u00fcn\u00fcn i\u015f\u0259 sal\u0131nmas\u0131: fermerl\u0259rin iqlim d\u0259yi\u015fikliyin\u0259&#8230;<\/p>\n","protected":false},"author":2,"featured_media":30572,"comment_status":"closed","ping_status":"closed","sticky":false,"template":"","format":"standard","meta":{"footnotes":""},"categories":[40],"tags":[],"aioseo_notices":[],"_links":{"self":[{"href":"https:\/\/rockvell.com\/index.php?rest_route=\/wp\/v2\/posts\/30571"}],"collection":[{"href":"https:\/\/rockvell.com\/index.php?rest_route=\/wp\/v2\/posts"}],"about":[{"href":"https:\/\/rockvell.com\/index.php?rest_route=\/wp\/v2\/types\/post"}],"author":[{"embeddable":true,"href":"https:\/\/rockvell.com\/index.php?rest_route=\/wp\/v2\/users\/2"}],"replies":[{"embeddable":true,"href":"https:\/\/rockvell.com\/index.php?rest_route=%2Fwp%2Fv2%2Fcomments&post=30571"}],"version-history":[{"count":1,"href":"https:\/\/rockvell.com\/index.php?rest_route=\/wp\/v2\/posts\/30571\/revisions"}],"predecessor-version":[{"id":30574,"href":"https:\/\/rockvell.com\/index.php?rest_route=\/wp\/v2\/posts\/30571\/revisions\/30574"}],"wp:featuredmedia":[{"embeddable":true,"href":"https:\/\/rockvell.com\/index.php?rest_route=\/wp\/v2\/media\/30572"}],"wp:attachment":[{"href":"https:\/\/rockvell.com\/index.php?rest_route=%2Fwp%2Fv2%2Fmedia&parent=30571"}],"wp:term":[{"taxonomy":"category","embeddable":true,"href":"https:\/\/rockvell.com\/index.php?rest_route=%2Fwp%2Fv2%2Fcategories&post=30571"},{"taxonomy":"post_tag","embeddable":true,"href":"https:\/\/rockvell.com\/index.php?rest_route=%2Fwp%2Fv2%2Ftags&post=30571"}],"curies":[{"name":"wp","href":"https:\/\/api.w.org\/{rel}","templated":true}]}}