{"id":30575,"date":"2024-11-19T05:00:00","date_gmt":"2024-11-19T02:00:00","guid":{"rendered":"https:\/\/rockvell.com\/?p=30575"},"modified":"2024-11-19T11:16:21","modified_gmt":"2024-11-19T08:16:21","slug":"polsa-yasil-texnologiya-sirk%c9%99tl%c9%99rinin-bakiya-g%c9%99l%c9%99n-ticar%c9%99t-missiyasi-il%c9%99-gorusl%c9%99r-kecirilib","status":"publish","type":"post","link":"https:\/\/rockvell.com\/?p=30575","title":{"rendered":"Pol\u015fa Ya\u015f\u0131l Texnologiya \u015firk\u0259tl\u0259rinin Bak\u0131ya g\u0259l\u0259n ticar\u0259t missiyas\u0131 il\u0259 g\u00f6r\u00fc\u015fl\u0259r ke\u00e7irilib"},"content":{"rendered":"\n<p class=\"has-medium-font-size\"><strong>Pol\u015fa Ya\u015f\u0131l Texnologiya \u015firk\u0259tl\u0259rinin Bak\u0131ya g\u0259l\u0259n ticar\u0259t missiyas\u0131 il\u0259 g\u00f6r\u00fc\u015fl\u0259r ke\u00e7irilib<\/strong><\/p>\n\n\n\n<p>Pol\u015fa Ya\u015f\u0131l Texnologiya \u015firk\u0259tl\u0259rinin Bak\u0131ya ticar\u0259t missiyas\u0131 t\u0259\u015fkil edilib. Pol\u015fa \u0130qlim v\u0259 \u018ftraf M\u00fchit Nazirliyi, Pol\u015fan\u0131n Bak\u0131dak\u0131 S\u0259firliyi v\u0259 Az\u0259rbaycan Sahibkarlar Konfederasiyas\u0131 t\u0259r\u0259find\u0259n t\u0259\u015fkil olunan t\u0259dbird\u0259 GreenEvo innovative proqram\u0131n\u0131n geni\u015f t\u0259qdimat\u0131 ke\u00e7irilib. Proqram \u00e7\u0259r\u00e7iv\u0259sind\u0259 g\u00f6r\u00fcl\u0259n t\u0259dbirl\u0259r, dair\u0259vi iqtisadiyyat\u0131n qurulmas\u0131 prosesind\u0259 qabaqc\u0131l ya\u015f\u0131l texnologiyalar\u0131n m\u00f6vqeyini g\u00fccl\u0259ndirir v\u0259 h\u0259rt\u0259r\u0259fli inki\u015faf\u0131 stimulla\u015fd\u0131r\u0131r. Pol\u015fa Respublikas\u0131n\u0131n Bak\u0131dak\u0131 S\u0259firliyind\u0259ki M\u00fcv\u0259qq\u0259ti i\u015fl\u0259r v\u0259kili Micha\u0142 Greczy\u0142o, Pol\u015fa Respublikas\u0131n\u0131n \u0130qlim v\u0259 \u018ftraf M\u00fchit naziri Paulina Hennig-Kloska \u00f6lk\u0259l\u0259rimiz aras\u0131ndak\u0131 iqtisadi m\u00fcnasib\u0259tl\u0259r haqq\u0131nda geni\u015f m\u0259lumat veribl\u0259r. Pol\u015fan\u0131n davaml\u0131 inki\u015faf yolu v\u0259 GreenEvo Proqram\u0131 il\u0259 ba\u011fl\u0131 Pol\u015fa Respublikas\u0131n\u0131n \u0130qlim D\u0259yi\u015fikliyin\u0259 Uy\u011funla\u015fma v\u0259 \u015e\u0259h\u0259r Siyas\u0259ti Departamentinin direktoru Pave\u0142 Javorski \u0259hat\u0259li t\u0259qdimat edib.<\/p>\n\n\n<div class=\"wp-block-image\">\n<figure class=\"aligncenter size-full is-resized\"><img loading=\"lazy\" decoding=\"async\" width=\"600\" height=\"400\" src=\"https:\/\/rockvell.com\/wp-content\/uploads\/2024\/11\/600x400-1.jpg\" alt=\"\" class=\"wp-image-30576\" style=\"width:457px;height:auto\" srcset=\"https:\/\/rockvell.com\/wp-content\/uploads\/2024\/11\/600x400-1.jpg 600w, https:\/\/rockvell.com\/wp-content\/uploads\/2024\/11\/600x400-1-300x200.jpg 300w, https:\/\/rockvell.com\/wp-content\/uploads\/2024\/11\/600x400-1-360x240.jpg 360w\" sizes=\"(max-width: 600px) 100vw, 600px\" \/><\/figure><\/div>\n\n\n<p>Az\u0259rbaycan Sahibkarlar Konfederasiyas\u0131 prezidentinin m\u00fc\u015faviri Ziya Hac\u0131l\u0131 \u00f6lk\u0259mizin investisiya imkanlar\u0131, biznes m\u00fchiti, iqtisadi \u0259m\u0259kda\u015fl\u0131q qurdu\u011fu t\u0259r\u0259fda\u015f d\u00f6vl\u0259tl\u0259r, Qaraba\u011f\u0131n iqtisadi potensial\u0131 il\u0259 ba\u011fl\u0131 geni\u015f t\u0259qdimatla \u00e7\u0131x\u0131\u015f edib.<\/p>\n\n\n\n<p>Sonra biznes missiyada t\u0259msil olunan bank sektorunun n\u00fcmay\u0259ndl\u0259ri il\u0259 Az\u0259rbaycan Sahibkarlar Konfederasiyas\u0131n\u0131n ofisind\u0259 m\u00fczakir\u0259l\u0259r davam edib.<\/p>\n","protected":false},"excerpt":{"rendered":"<p>Pol\u015fa Ya\u015f\u0131l Texnologiya \u015firk\u0259tl\u0259rinin Bak\u0131ya g\u0259l\u0259n ticar\u0259t missiyas\u0131 il\u0259 g\u00f6r\u00fc\u015fl\u0259r ke\u00e7irilib Pol\u015fa Ya\u015f\u0131l Texnologiya \u015firk\u0259tl\u0259rinin Bak\u0131ya ticar\u0259t missiyas\u0131 t\u0259\u015fkil edilib. Pol\u015fa \u0130qlim v\u0259 \u018ftraf M\u00fchit Nazirliyi, Pol\u015fan\u0131n Bak\u0131dak\u0131 S\u0259firliyi v\u0259 Az\u0259rbaycan Sahibkarlar Konfederasiyas\u0131 t\u0259r\u0259find\u0259n t\u0259\u015fkil&#8230;<\/p>\n","protected":false},"author":2,"featured_media":30576,"comment_status":"closed","ping_status":"closed","sticky":false,"template":"","format":"standard","meta":{"footnotes":""},"categories":[41],"tags":[],"aioseo_notices":[],"_links":{"self":[{"href":"https:\/\/rockvell.com\/index.php?rest_route=\/wp\/v2\/posts\/30575"}],"collection":[{"href":"https:\/\/rockvell.com\/index.php?rest_route=\/wp\/v2\/posts"}],"about":[{"href":"https:\/\/rockvell.com\/index.php?rest_route=\/wp\/v2\/types\/post"}],"author":[{"embeddable":true,"href":"https:\/\/rockvell.com\/index.php?rest_route=\/wp\/v2\/users\/2"}],"replies":[{"embeddable":true,"href":"https:\/\/rockvell.com\/index.php?rest_route=%2Fwp%2Fv2%2Fcomments&post=30575"}],"version-history":[{"count":1,"href":"https:\/\/rockvell.com\/index.php?rest_route=\/wp\/v2\/posts\/30575\/revisions"}],"predecessor-version":[{"id":30577,"href":"https:\/\/rockvell.com\/index.php?rest_route=\/wp\/v2\/posts\/30575\/revisions\/30577"}],"wp:featuredmedia":[{"embeddable":true,"href":"https:\/\/rockvell.com\/index.php?rest_route=\/wp\/v2\/media\/30576"}],"wp:attachment":[{"href":"https:\/\/rockvell.com\/index.php?rest_route=%2Fwp%2Fv2%2Fmedia&parent=30575"}],"wp:term":[{"taxonomy":"category","embeddable":true,"href":"https:\/\/rockvell.com\/index.php?rest_route=%2Fwp%2Fv2%2Fcategories&post=30575"},{"taxonomy":"post_tag","embeddable":true,"href":"https:\/\/rockvell.com\/index.php?rest_route=%2Fwp%2Fv2%2Ftags&post=30575"}],"curies":[{"name":"wp","href":"https:\/\/api.w.org\/{rel}","templated":true}]}}