{"id":30582,"date":"2024-11-19T06:00:00","date_gmt":"2024-11-19T03:00:00","guid":{"rendered":"https:\/\/rockvell.com\/?p=30582"},"modified":"2024-11-19T13:09:06","modified_gmt":"2024-11-19T10:09:06","slug":"sibel-can-bakida-konsert-proqrami-il%c9%99-cixis-ed%c9%99c%c9%99k","status":"publish","type":"post","link":"https:\/\/rockvell.com\/?p=30582","title":{"rendered":"Sibel Can Bak\u0131da konsert proqram\u0131 il\u0259 \u00e7\u0131x\u0131\u015f ed\u0259c\u0259k"},"content":{"rendered":"\n<p class=\"has-medium-font-size\"><strong>Sibel Can Bak\u0131da konsert proqram\u0131 il\u0259 \u00e7\u0131x\u0131\u015f ed\u0259c\u0259k<\/strong><\/p>\n\n\n\n<p>8 dekabr \u00a0Bak\u0131 Kongress M\u0259rk\u0259zind\u0259 tan\u0131nm\u0131\u015f t\u00fcrk m\u00fc\u011f\u0259nni Sibel Can\u0131n konserti ba\u00e7 tutacaq.<\/p>\n\n\n<div class=\"wp-block-image\">\n<figure class=\"aligncenter size-full is-resized\"><img loading=\"lazy\" decoding=\"async\" width=\"810\" height=\"570\" src=\"https:\/\/rockvell.com\/wp-content\/uploads\/2024\/11\/x5guMZxzoUbDeu2ZSmc4qnFBOXhJTccWvOYCbGgj.jpg\" alt=\"\" class=\"wp-image-30583\" style=\"width:453px;height:auto\" srcset=\"https:\/\/rockvell.com\/wp-content\/uploads\/2024\/11\/x5guMZxzoUbDeu2ZSmc4qnFBOXhJTccWvOYCbGgj.jpg 810w, https:\/\/rockvell.com\/wp-content\/uploads\/2024\/11\/x5guMZxzoUbDeu2ZSmc4qnFBOXhJTccWvOYCbGgj-300x211.jpg 300w, https:\/\/rockvell.com\/wp-content\/uploads\/2024\/11\/x5guMZxzoUbDeu2ZSmc4qnFBOXhJTccWvOYCbGgj-768x540.jpg 768w, https:\/\/rockvell.com\/wp-content\/uploads\/2024\/11\/x5guMZxzoUbDeu2ZSmc4qnFBOXhJTccWvOYCbGgj-360x253.jpg 360w\" sizes=\"(max-width: 810px) 100vw, 810px\" \/><\/figure><\/div>\n\n\n<p>Proqramda sibelsev\u0259rl\u0259r onun repertuar\u0131ndan ill\u0259rin unudulmaz n\u0259\u011fm\u0259l\u0259rini dinl\u0259y\u0259c\u0259kl\u0259r.<br>Bununla yana\u015f\u0131 konsertde yeni ifalarda yer alacaq.<\/p>\n\n\n\n<p>Konsertin t\u0259\u015fkilat\u00e7\u0131s\u0131 &#8211; &#8220;Anadolu Events&#8221;.<br>Biletl\u0259ri \u015f\u0259h\u0259rin b\u00fct\u00fcn kassalar\u0131ndan v\u0259 <a href=\"https:\/\/iticket.az\/events\/concerts\/sibel-can-25\/126021\" target=\"_blank\" rel=\"noopener\" title=\"\">\u0130ticket.a<\/a>z sayt\u0131ndan \u0259ld\u0259 etm\u0259k m\u00fcmk\u00fcnd\u00fcr.<\/p>\n\n\n\n<p>Qiym\u0259t: 55 &#8211; 395 \u20bc<\/p>\n","protected":false},"excerpt":{"rendered":"<p>Sibel Can Bak\u0131da konsert proqram\u0131 il\u0259 \u00e7\u0131x\u0131\u015f ed\u0259c\u0259k 8 dekabr \u00a0Bak\u0131 Kongress M\u0259rk\u0259zind\u0259 tan\u0131nm\u0131\u015f t\u00fcrk m\u00fc\u011f\u0259nni Sibel Can\u0131n konserti ba\u00e7 tutacaq. Proqramda sibelsev\u0259rl\u0259r onun repertuar\u0131ndan ill\u0259rin unudulmaz n\u0259\u011fm\u0259l\u0259rini dinl\u0259y\u0259c\u0259kl\u0259r.Bununla yana\u015f\u0131 konsertde yeni ifalarda yer alacaq&#8230;.<\/p>\n","protected":false},"author":2,"featured_media":30583,"comment_status":"closed","ping_status":"closed","sticky":false,"template":"","format":"standard","meta":{"footnotes":""},"categories":[46],"tags":[],"aioseo_notices":[],"_links":{"self":[{"href":"https:\/\/rockvell.com\/index.php?rest_route=\/wp\/v2\/posts\/30582"}],"collection":[{"href":"https:\/\/rockvell.com\/index.php?rest_route=\/wp\/v2\/posts"}],"about":[{"href":"https:\/\/rockvell.com\/index.php?rest_route=\/wp\/v2\/types\/post"}],"author":[{"embeddable":true,"href":"https:\/\/rockvell.com\/index.php?rest_route=\/wp\/v2\/users\/2"}],"replies":[{"embeddable":true,"href":"https:\/\/rockvell.com\/index.php?rest_route=%2Fwp%2Fv2%2Fcomments&post=30582"}],"version-history":[{"count":2,"href":"https:\/\/rockvell.com\/index.php?rest_route=\/wp\/v2\/posts\/30582\/revisions"}],"predecessor-version":[{"id":30585,"href":"https:\/\/rockvell.com\/index.php?rest_route=\/wp\/v2\/posts\/30582\/revisions\/30585"}],"wp:featuredmedia":[{"embeddable":true,"href":"https:\/\/rockvell.com\/index.php?rest_route=\/wp\/v2\/media\/30583"}],"wp:attachment":[{"href":"https:\/\/rockvell.com\/index.php?rest_route=%2Fwp%2Fv2%2Fmedia&parent=30582"}],"wp:term":[{"taxonomy":"category","embeddable":true,"href":"https:\/\/rockvell.com\/index.php?rest_route=%2Fwp%2Fv2%2Fcategories&post=30582"},{"taxonomy":"post_tag","embeddable":true,"href":"https:\/\/rockvell.com\/index.php?rest_route=%2Fwp%2Fv2%2Ftags&post=30582"}],"curies":[{"name":"wp","href":"https:\/\/api.w.org\/{rel}","templated":true}]}}