{"id":30591,"date":"2024-11-19T09:00:00","date_gmt":"2024-11-19T06:00:00","guid":{"rendered":"https:\/\/rockvell.com\/?p=30591"},"modified":"2024-11-20T11:10:25","modified_gmt":"2024-11-20T08:10:25","slug":"ady-v%c9%99-stadler-rail-group-arasinda-yeni","status":"publish","type":"post","link":"https:\/\/rockvell.com\/?p=30591","title":{"rendered":"ADY v\u0259 \u201cStadler Rail Group\u201d aras\u0131nda yeni&#8230;."},"content":{"rendered":"\n<p class=\"has-medium-font-size\"><strong>ADY v\u0259 \u201cStadler Rail Group\u201d aras\u0131nda yeni anla\u015fma: d\u0259miryol sektorunda kadr haz\u0131rl\u0131\u011f\u0131 \u00fc\u00e7\u00fcn T\u0259lim v\u0259 \u0130nki\u015faf M\u0259rk\u0259zi yarad\u0131l\u0131r<\/strong><\/p>\n\n\n\n<p>19 noyabrda \u201cAz\u0259rbaycan D\u0259mir Yollar\u0131\u201d QSC-nin (ADY) s\u0259dri R\u00f6v\u015f\u0259n R\u00fcst\u0259mov v\u0259 \u0130sve\u00e7r\u0259nin \u201cStadler Rail Group\u201d \u015firk\u0259tinin icra\u00e7\u0131 vitse-prezidenti Daniel Baer Bak\u0131 \u015f\u0259h\u0259rind\u0259 T\u0259lim v\u0259 \u0130nki\u015faf M\u0259rk\u0259zinin yarad\u0131lmas\u0131na dair m\u00fcqavil\u0259 imzalay\u0131blar.<\/p>\n\n\n\n<p>M\u00fcqavil\u0259y\u0259 \u0259sas\u0259n, T\u0259lim v\u0259 \u0130nki\u015faf M\u0259rk\u0259zinin 2027-ci ild\u0259 istifad\u0259y\u0259 verilm\u0259si n\u0259z\u0259rd\u0259 tutulur. M\u0259rk\u0259z Az\u0259rbaycanda d\u0259miryol sah\u0259sind\u0259 g\u0259nc v\u0259 pe\u015f\u0259kar kadrlar\u0131n yeti\u015fdirilm\u0259si v\u0259 strateji kadr potensial\u0131n\u0131n inki\u015faf\u0131 bax\u0131m\u0131ndan m\u00fch\u00fcm \u0259h\u0259miyy\u0259t da\u015f\u0131y\u0131r. Eyni zamanda, T\u0259lim v\u0259 \u0130nki\u015faf M\u0259rk\u0259zinin yarad\u0131lmas\u0131 yeni n\u0259sil h\u0259r\u0259k\u0259t vasit\u0259l\u0259rin\u0259 texniki qullu\u011fun g\u00f6st\u0259rilm\u0259si v\u0259 istismar\u0131 \u00fc\u00e7\u00fcn kadr haz\u0131rl\u0131\u011f\u0131na \u0259h\u0259miyy\u0259tli t\u00f6hf\u0259 ver\u0259c\u0259k. M\u0259rk\u0259zd\u0259 regionda \u201cStadler\u201d qatarlar\u0131n\u0131 idar\u0259 ed\u0259c\u0259k ma\u015finistl\u0259rin t\u0259liml\u0259ndirilm\u0259si d\u0259 planla\u015fd\u0131r\u0131l\u0131r.<\/p>\n\n\n<div class=\"wp-block-image\">\n<figure class=\"aligncenter size-large is-resized\"><img loading=\"lazy\" decoding=\"async\" width=\"1024\" height=\"654\" src=\"https:\/\/rockvell.com\/wp-content\/uploads\/2024\/11\/WhatsApp-Image-2024-11-19-at-15.03.49-1024x654.jpeg\" alt=\"\" class=\"wp-image-30592\" style=\"width:472px;height:auto\" srcset=\"https:\/\/rockvell.com\/wp-content\/uploads\/2024\/11\/WhatsApp-Image-2024-11-19-at-15.03.49-1024x654.jpeg 1024w, https:\/\/rockvell.com\/wp-content\/uploads\/2024\/11\/WhatsApp-Image-2024-11-19-at-15.03.49-300x192.jpeg 300w, https:\/\/rockvell.com\/wp-content\/uploads\/2024\/11\/WhatsApp-Image-2024-11-19-at-15.03.49-768x491.jpeg 768w, https:\/\/rockvell.com\/wp-content\/uploads\/2024\/11\/WhatsApp-Image-2024-11-19-at-15.03.49-1536x981.jpeg 1536w, https:\/\/rockvell.com\/wp-content\/uploads\/2024\/11\/WhatsApp-Image-2024-11-19-at-15.03.49-360x230.jpeg 360w, https:\/\/rockvell.com\/wp-content\/uploads\/2024\/11\/WhatsApp-Image-2024-11-19-at-15.03.49.jpeg 1600w\" sizes=\"(max-width: 1024px) 100vw, 1024px\" \/><\/figure><\/div>\n\n\n<p>\u201cStadler Rail Group\u201d \u015firk\u0259ti M\u0259rk\u0259zin layih\u0259l\u0259ndirilm\u0259si v\u0259 tikintisin\u0259, texniki avadanl\u0131qlarla, o c\u00fcml\u0259d\u0259n praktiki m\u0259\u015f\u011f\u0259l\u0259l\u0259r \u00fc\u00e7\u00fcn m\u00fcasir simulyatorlarla t\u0259chizat\u0131na d\u0259st\u0259k ver\u0259c\u0259k.<\/p>\n\n\n\n<p>\u201cStadler Rail Group\u201d \u015firk\u0259ti M\u0259rk\u0259zin layih\u0259l\u0259ndirilm\u0259si, tikintisi, texniki t\u0259minat\u0131, o c\u00fcml\u0259d\u0259n praktiki m\u0259\u015f\u011f\u0259l\u0259l\u0259r \u00fc\u00e7\u00fcn simulyatorlar\u0131n al\u0131nmas\u0131n\u0131 maliyy\u0259l\u0259\u015fdir\u0259c\u0259k. Yeni n\u0259sil simulyatorlar ma\u015finist v\u0259 ma\u015finist k\u00f6m\u0259k\u00e7il\u0259rinin haz\u0131rlanmas\u0131 v\u0259 texniki bilikl\u0259rinin t\u0259kmill\u0259\u015fdirilm\u0259sin\u0259 geni\u015f imkan yaradacaq. M\u0259rk\u0259zin f\u0259aliyy\u0259ti t\u0259kc\u0259 texniki bilikl\u0259rin t\u0259drisi il\u0259 m\u0259hdudla\u015fmayacaq, g\u0259l\u0259c\u0259kd\u0259 idar\u0259etm\u0259 sah\u0259sind\u0259 d\u0259 t\u0259lim proqramlar\u0131 h\u0259yata ke\u00e7iril\u0259c\u0259k. Burada \u0259m\u0259kda\u015flar m\u00fcasir t\u0259dris vasit\u0259l\u0259ri il\u0259 t\u0259chiz olunmu\u015f m\u00fchitd\u0259, real i\u015f \u015f\u0259raitin\u0259 uy\u011fun t\u0259liml\u0259r ke\u00e7\u0259c\u0259kl\u0259r. D\u00fcnyada s\u0259naye sah\u0259si s\u00fcr\u0259tl\u0259 inki\u015faf etdiyind\u0259n pe\u015f\u0259 bacar\u0131qlar\u0131n\u0131n keyfiyy\u0259tl\u0259 v\u0259 q\u0131sa m\u00fcdd\u0259td\u0259 \u00f6yr\u0259dilm\u0259si z\u0259rur\u0259ti bel\u0259 t\u0259lim m\u0259rk\u0259zl\u0259rin\u0259 ehtiyac\u0131 art\u0131r\u0131r.<\/p>\n\n\n\n<p>Haz\u0131rda ADY-d\u0259 texniki sah\u0259d\u0259 \u00e7al\u0131\u015fan \u0259m\u0259kda\u015flar\u0131n 50 faizinin daha innovativ v\u0259 yeni texniki trendl\u0259r\u0259 uy\u011fun ixtisasla\u015fd\u0131r\u0131lmas\u0131na ehtiyac var. Yeni T\u0259lim v\u0259 \u0130nki\u015faf M\u0259rk\u0259zi m\u00fct\u0259x\u0259ssis \u00e7at\u0131\u015fmazl\u0131\u011f\u0131 riskini \u0259h\u0259miyy\u0259tli d\u0259r\u0259c\u0259d\u0259 aradan qald\u0131racaq.<\/p>\n\n\n\n<p>M\u0259rk\u0259zin binas\u0131 4 m\u0259rt\u0259b\u0259d\u0259n, t\u0259lim otaqlar\u0131, simulyator otaqlar\u0131, ofisl\u0259r, komp\u00fcter laboratoriyalar\u0131 v\u0259 yem\u0259kxanadan ibar\u0259t olacaq, h\u0259m\u00e7inin t\u0259liml\u0259r\u0259 regionlardan qat\u0131lan ADY \u0259m\u0259kda\u015flar\u0131n\u0131n burada qalmas\u0131 \u00fc\u00e7\u00fcn otaqlar ayr\u0131lacaq. Layih\u0259 \u00e7\u0259r\u00e7iv\u0259sind\u0259 T\u0259lim v\u0259 \u0130nki\u015faf M\u0259rk\u0259zi g\u00fcn\u0259\u015f panell\u0259ri il\u0259 t\u0259chiz olunacaq. Bu t\u0259\u015f\u0259bb\u00fcsl\u0259 ADY ESG (\u018ftraf m\u00fchit, Sosial v\u0259 \u0130dar\u0259etm\u0259) prinsipl\u0259rin\u0259 uy\u011fun \u015f\u0259kild\u0259 b\u0259rpa olunan enerji istifad\u0259sin\u0259 do\u011fru daha bir strateji add\u0131m at\u0131r. G\u00fcn\u0259\u015f enerjisinin t\u0259tbiqinin geni\u015fl\u0259ndirilm\u0259si is\u0259 m\u00fc\u0259ssis\u0259y\u0259 karbon izini azaltma\u011fa v\u0259 ekoloji davaml\u0131l\u0131\u011fa t\u00f6hf\u0259 verm\u0259y\u0259 \u015f\u0259rait yarad\u0131r.<\/p>\n\n\n\n<p>\u0130mzalanma m\u0259rasimind\u0259 i\u015ftirak ed\u0259n \u201cStadler Rail Group\u201d \u015firk\u0259tinin icra\u00e7\u0131 vitse-prezidenti Daniel Baer yeni T\u0259lim v\u0259 \u0130nki\u015faf M\u0259rk\u0259zinin yarad\u0131lmas\u0131n\u0131 ADY il\u0259 \u0259m\u0259kda\u015fl\u0131\u011f\u0131n daha bir u\u011furlu n\u0259tic\u0259si kimi qiym\u0259tl\u0259ndirib:<\/p>\n\n\n\n<p><em><strong>\u201cADY il\u0259 strateji t\u0259r\u0259fda\u015fl\u0131q \u00e7\u0259r\u00e7iv\u0259sind\u0259 m\u00fcasir T\u0259lim v\u0259 \u0130nki\u015faf M\u0259rk\u0259zinin yarad\u0131lmas\u0131 haqq\u0131nda m\u00fcqavil\u0259ni imzalamaqdan \u00e7ox m\u0259mnunuq. Bu M\u0259rk\u0259zin u\u011furla f\u0259aliyy\u0259t g\u00f6st\u0259r\u0259c\u0259yin\u0259 v\u0259 b\u00fct\u00fcn g\u00f6zl\u0259ntil\u0259ri qar\u015f\u0131layaca\u011f\u0131na \u0259minik. \u0130nan\u0131r\u0131q ki, T\u0259lim v\u0259 \u0130nki\u015faf M\u0259rk\u0259zi n\u0259inki Az\u0259rbaycanda, regionda da \u201cStadler\u201d v\u0259 ADY brendl\u0259rinin t\u0259\u015fviqin\u0259 \u00f6z t\u00f6hf\u0259sini ver\u0259c\u0259k\u201d.<\/strong><\/em><\/p>\n\n\n\n<figure class=\"wp-block-gallery has-nested-images columns-default is-cropped wp-block-gallery-1 is-layout-flex wp-block-gallery-is-layout-flex\">\n<figure class=\"wp-block-image size-large\"><a href=\"https:\/\/rockvell.com\/wp-content\/uploads\/2024\/11\/WhatsApp-Image-2024-11-19-at-15.03.49-1.jpeg\" target=\"_blank\" rel=\"noopener\" data-rel=\"lightbox-gallery-SCnA0a4Y\" data-rl_title=\"\" data-rl_caption=\"\" title=\"\"><img loading=\"lazy\" decoding=\"async\" width=\"1024\" height=\"676\" data-id=\"30593\" src=\"https:\/\/rockvell.com\/wp-content\/uploads\/2024\/11\/WhatsApp-Image-2024-11-19-at-15.03.49-1-1024x676.jpeg\" alt=\"\" class=\"wp-image-30593\" srcset=\"https:\/\/rockvell.com\/wp-content\/uploads\/2024\/11\/WhatsApp-Image-2024-11-19-at-15.03.49-1-1024x676.jpeg 1024w, https:\/\/rockvell.com\/wp-content\/uploads\/2024\/11\/WhatsApp-Image-2024-11-19-at-15.03.49-1-300x198.jpeg 300w, https:\/\/rockvell.com\/wp-content\/uploads\/2024\/11\/WhatsApp-Image-2024-11-19-at-15.03.49-1-768x507.jpeg 768w, https:\/\/rockvell.com\/wp-content\/uploads\/2024\/11\/WhatsApp-Image-2024-11-19-at-15.03.49-1-360x238.jpeg 360w, https:\/\/rockvell.com\/wp-content\/uploads\/2024\/11\/WhatsApp-Image-2024-11-19-at-15.03.49-1.jpeg 1394w\" sizes=\"(max-width: 1024px) 100vw, 1024px\" \/><\/a><\/figure>\n\n\n\n<figure class=\"wp-block-image size-large\"><a href=\"https:\/\/rockvell.com\/wp-content\/uploads\/2024\/11\/WhatsApp-Image-2024-11-19-at-15.03.47.jpeg\" target=\"_blank\" rel=\"noopener\" data-rel=\"lightbox-gallery-SCnA0a4Y\" data-rl_title=\"\" data-rl_caption=\"\" title=\"\"><img loading=\"lazy\" decoding=\"async\" width=\"1024\" height=\"682\" data-id=\"30594\" src=\"https:\/\/rockvell.com\/wp-content\/uploads\/2024\/11\/WhatsApp-Image-2024-11-19-at-15.03.47-1024x682.jpeg\" alt=\"\" class=\"wp-image-30594\" srcset=\"https:\/\/rockvell.com\/wp-content\/uploads\/2024\/11\/WhatsApp-Image-2024-11-19-at-15.03.47-1024x682.jpeg 1024w, https:\/\/rockvell.com\/wp-content\/uploads\/2024\/11\/WhatsApp-Image-2024-11-19-at-15.03.47-300x200.jpeg 300w, https:\/\/rockvell.com\/wp-content\/uploads\/2024\/11\/WhatsApp-Image-2024-11-19-at-15.03.47-768x512.jpeg 768w, https:\/\/rockvell.com\/wp-content\/uploads\/2024\/11\/WhatsApp-Image-2024-11-19-at-15.03.47-1536x1023.jpeg 1536w, https:\/\/rockvell.com\/wp-content\/uploads\/2024\/11\/WhatsApp-Image-2024-11-19-at-15.03.47-360x240.jpeg 360w, https:\/\/rockvell.com\/wp-content\/uploads\/2024\/11\/WhatsApp-Image-2024-11-19-at-15.03.47.jpeg 1600w\" sizes=\"(max-width: 1024px) 100vw, 1024px\" \/><\/a><\/figure>\n\n\n\n<figure class=\"wp-block-image size-large\"><a href=\"https:\/\/rockvell.com\/wp-content\/uploads\/2024\/11\/WhatsApp-Image-2024-11-19-at-15.03.49-1-1.jpeg\" target=\"_blank\" rel=\"noopener\" data-rel=\"lightbox-gallery-SCnA0a4Y\" data-rl_title=\"\" data-rl_caption=\"\" title=\"\"><img loading=\"lazy\" decoding=\"async\" width=\"1024\" height=\"627\" data-id=\"30595\" src=\"https:\/\/rockvell.com\/wp-content\/uploads\/2024\/11\/WhatsApp-Image-2024-11-19-at-15.03.49-1-1-1024x627.jpeg\" alt=\"\" class=\"wp-image-30595\" srcset=\"https:\/\/rockvell.com\/wp-content\/uploads\/2024\/11\/WhatsApp-Image-2024-11-19-at-15.03.49-1-1-1024x627.jpeg 1024w, https:\/\/rockvell.com\/wp-content\/uploads\/2024\/11\/WhatsApp-Image-2024-11-19-at-15.03.49-1-1-300x184.jpeg 300w, https:\/\/rockvell.com\/wp-content\/uploads\/2024\/11\/WhatsApp-Image-2024-11-19-at-15.03.49-1-1-768x471.jpeg 768w, https:\/\/rockvell.com\/wp-content\/uploads\/2024\/11\/WhatsApp-Image-2024-11-19-at-15.03.49-1-1-360x221.jpeg 360w, https:\/\/rockvell.com\/wp-content\/uploads\/2024\/11\/WhatsApp-Image-2024-11-19-at-15.03.49-1-1.jpeg 1260w\" sizes=\"(max-width: 1024px) 100vw, 1024px\" \/><\/a><\/figure>\n<\/figure>\n\n\n\n<p>ADY-d\u0259 m\u00fcasir standartlara cavab ver\u0259c\u0259k yeni T\u0259lim v\u0259 \u0130nki\u015faf M\u0259rk\u0259zinin yarad\u0131lmas\u0131 m\u0259qs\u0259dil\u0259 bir il \u0259rzind\u0259 Almaniya, T\u00fcrkiy\u0259 v\u0259 \u0130spaniya kimi \u00f6lk\u0259l\u0259rin m\u00fcvafiq t\u0259cr\u00fcb\u0259l\u0259ri yerind\u0259 \u00f6yr\u0259nilib, t\u0259hlil edilib, \u0259n yax\u015f\u0131 n\u00fcmun\u0259l\u0259r \u00fcz\u0259rind\u0259 m\u00fczakir\u0259l\u0259r apar\u0131l\u0131b. Yekun olaraq M\u0259rk\u0259zin konsepsiyas\u0131n\u0131n Almaniya D\u0259mir Yollar\u0131 Akademiyas\u0131 (\u201cDeutsche Bahn Rail Academy\u201d) il\u0259 \u0259m\u0259kda\u015fl\u0131q \u00e7\u0259r\u00e7iv\u0259sind\u0259 haz\u0131rlanmas\u0131 bar\u0259d\u0259 q\u0259rar q\u0259bul edilib.<\/p>\n\n\n\n<p>Yeni M\u0259rk\u0259z vasit\u0259sil\u0259 d\u0259miryol sektorunda n\u0259z\u0259ri v\u0259 praktiki t\u0259liml\u0259rin geni\u015fl\u0259ndirilm\u0259si, pe\u015f\u0259 v\u0259 ali t\u0259hsil m\u00fc\u0259ssis\u0259l\u0259ri il\u0259 \u0259m\u0259kda\u015fl\u0131\u011f\u0131n m\u00f6hk\u0259ml\u0259ndirilm\u0259si v\u0259 beyn\u0259lxalq t\u0259cr\u00fcb\u0259l\u0259rin \u00f6lk\u0259miz\u0259 inteqrasiyas\u0131 t\u0259min edil\u0259c\u0259k. Bununla yana\u015f\u0131, M\u0259rk\u0259zd\u0259 haz\u0131rlanacaq pe\u015f\u0259kar m\u00fct\u0259x\u0259ssisl\u0259r Az\u0259rbaycan \u0259razisind\u0259n ke\u00e7\u0259n beyn\u0259lxalq n\u0259qliyyat d\u0259hlizl\u0259rinin, o c\u00fcml\u0259d\u0259n Orta D\u0259hlizin potensial\u0131n\u0131n daha da art\u0131r\u0131lmas\u0131na t\u00f6hf\u0259 ver\u0259c\u0259kl\u0259r. Bel\u0259likl\u0259, r\u0259q\u0259msal h\u0259ll\u0259rin davaml\u0131 t\u0259tbiqi v\u0259 t\u0259hl\u00fck\u0259siz da\u015f\u0131malar sah\u0259sind\u0259 qabaqc\u0131l m\u00f6vqe qazanaraq ADY-nin beyn\u0259lxalq d\u0259hlizl\u0259rd\u0259ki strateji m\u00f6vqeyi daha da g\u00fccl\u0259n\u0259c\u0259k.<\/p>\n\n\n\n<p>Xat\u0131rladaq ki, \u00f6t\u0259n ilin oktyabr ay\u0131nda ADY v\u0259 \u201cStadler Rail Group\u201d \u015firk\u0259ti aras\u0131nda d\u0259miryol n\u0259qliyyat\u0131 vasit\u0259l\u0259rinin t\u0259miri, texniki qulluq v\u0259 konsultasiya \u00fczr\u0259 xidm\u0259tl\u0259rin g\u00f6st\u0259rilm\u0259sin\u0259 dair m\u00fcqavil\u0259 imzalan\u0131b. Anla\u015fmaya \u0259sas\u0259n, B\u00f6y\u00fck\u015for \u0259razisind\u0259 tikil\u0259c\u0259k Regional Servis M\u0259rk\u0259zi Az\u0259rbaycan daxil olmaqla qon\u015fu \u00f6lk\u0259l\u0259rd\u0259 d\u0259 geni\u015f istismar edil\u0259n \u201cStadler\u201d h\u0259r\u0259k\u0259t t\u0259rkibl\u0259rinin irih\u0259cmli t\u0259mirinin h\u0259yata ke\u00e7irilm\u0259sin\u0259 imkan yaradacaq.<\/p>\n\n\n\n<p>Yeni T\u0259lim v\u0259 \u0130nki\u015faf M\u0259rk\u0259zi Regional Servis M\u0259rk\u0259zi \u00fc\u00e7\u00fcn d\u0259 pe\u015f\u0259kar texniki m\u00fct\u0259x\u0259ssisl\u0259rin haz\u0131rlanmas\u0131na t\u00f6hf\u0259 ver\u0259c\u0259k.<\/p>\n\n\n\n<p>Qeyd ed\u0259k ki, ADY \u0259m\u0259kda\u015flar\u0131n\u0131n bilik v\u0259 bacar\u0131qlar\u0131n\u0131n art\u0131r\u0131lmas\u0131 m\u0259qs\u0259dil\u0259 davaml\u0131 olaraq m\u00fcxt\u0259lif sah\u0259l\u0259rd\u0259 t\u0259liml\u0259r t\u0259\u015fkil edir. \u0130\u015f\u00e7il\u0259rin t\u0259lim ehtiyaclar\u0131n\u0131 qar\u015f\u0131lamaq \u00fc\u00e7\u00fcn 2024-c\u00fc il \u00fczr\u0259 1 milyon manat v\u0259sait ayr\u0131l\u0131b. Bu ilin 10 ay\u0131nda 5 min\u0259 yax\u0131n \u0259m\u0259kda\u015fa 225 adda t\u0259lim ke\u00e7irilib.<\/p>\n\n\n\n<p>ADY-nin regionlardak\u0131 \u0259m\u0259kda\u015flar\u0131n\u0131n t\u0259lim ehtiyaclar\u0131n\u0131n \u00e7evik \u015f\u0259kild\u0259 qar\u015f\u0131lanmas\u0131 m\u0259qs\u0259dil\u0259 bir s\u0131ra layih\u0259l\u0259r u\u011furla tamamlan\u0131b. Bu layih\u0259l\u0259rd\u0259n biri olan \u201cAnzerA\u201d onlayn t\u0259lim platformas\u0131 i\u015f\u00e7il\u0259r\u0259 ist\u0259nil\u0259n yerd\u0259n, ist\u0259nil\u0259n vaxt \u00f6z bilikl\u0259rini art\u0131rmaq \u00fc\u00e7\u00fcn t\u0259lim materiallar\u0131na \u00e7\u0131x\u0131\u015f imkan\u0131 verir. \u018fm\u0259kda\u015flar burada m\u00fcxt\u0259lif pe\u015f\u0259kar m\u00f6vzularda t\u0259liml\u0259r\u0259 qo\u015fula bil\u0259c\u0259k, h\u0259m\u00e7inin t\u0259dris materiallar\u0131n\u0131 asanl\u0131qla \u0259ld\u0259 edirl\u0259r.<\/p>\n\n\n\n<p>Bundan ba\u015fqa, \u201cT\u0259lim qatar\u0131\u201d layih\u0259si \u00fcz\u0259rind\u0259 i\u015fl\u0259r tamamlanmaq \u00fczr\u0259dir. Bu layih\u0259 \u00e7\u0259r\u00e7iv\u0259sind\u0259 b\u00f6lg\u0259l\u0259rd\u0259 f\u0259aliyy\u0259t g\u00f6st\u0259r\u0259n ADY \u0259m\u0259kda\u015flar\u0131n\u0131n t\u0259lim ehtiyaclar\u0131 yerind\u0259c\u0259 t\u0259min edil\u0259c\u0259k.<\/p>\n\n\n\n<p>Eyni zamanda, ADY g\u0259ncl\u0259rin xaricd\u0259 d\u0259miryol ixtisas\u0131 \u00fczr\u0259 t\u0259hsilin\u0259 x\u00fcsusi diqq\u0259t ay\u0131r\u0131r. Bu yax\u0131nlarda bir qrup t\u0259l\u0259b\u0259 ADY-nin t\u0259qa\u00fcd proqram\u0131n\u0131 qazan\u0131b v\u0259 t\u0259hsilini Rusiya N\u0259qliyyat Universitetind\u0259 davam etdirir. Haz\u0131rda \u00c7in v\u0259 Rusiyan\u0131n n\u0259qliyyat sah\u0259si \u00fczr\u0259 dig\u0259r qabaqc\u0131l ali t\u0259hsil m\u00fc\u0259ssis\u0259l\u0259ri il\u0259 \u0259m\u0259kda\u015fl\u0131q imkanlar\u0131 \u00f6yr\u0259nilir.<\/p>\n","protected":false},"excerpt":{"rendered":"<p>ADY v\u0259 \u201cStadler Rail Group\u201d aras\u0131nda yeni anla\u015fma: d\u0259miryol sektorunda kadr haz\u0131rl\u0131\u011f\u0131 \u00fc\u00e7\u00fcn T\u0259lim v\u0259 \u0130nki\u015faf M\u0259rk\u0259zi yarad\u0131l\u0131r 19 noyabrda \u201cAz\u0259rbaycan D\u0259mir Yollar\u0131\u201d QSC-nin (ADY) s\u0259dri R\u00f6v\u015f\u0259n R\u00fcst\u0259mov v\u0259 \u0130sve\u00e7r\u0259nin \u201cStadler Rail Group\u201d \u015firk\u0259tinin icra\u00e7\u0131&#8230;<\/p>\n","protected":false},"author":2,"featured_media":30592,"comment_status":"closed","ping_status":"closed","sticky":false,"template":"","format":"standard","meta":{"footnotes":""},"categories":[40],"tags":[],"aioseo_notices":[],"_links":{"self":[{"href":"https:\/\/rockvell.com\/index.php?rest_route=\/wp\/v2\/posts\/30591"}],"collection":[{"href":"https:\/\/rockvell.com\/index.php?rest_route=\/wp\/v2\/posts"}],"about":[{"href":"https:\/\/rockvell.com\/index.php?rest_route=\/wp\/v2\/types\/post"}],"author":[{"embeddable":true,"href":"https:\/\/rockvell.com\/index.php?rest_route=\/wp\/v2\/users\/2"}],"replies":[{"embeddable":true,"href":"https:\/\/rockvell.com\/index.php?rest_route=%2Fwp%2Fv2%2Fcomments&post=30591"}],"version-history":[{"count":3,"href":"https:\/\/rockvell.com\/index.php?rest_route=\/wp\/v2\/posts\/30591\/revisions"}],"predecessor-version":[{"id":30602,"href":"https:\/\/rockvell.com\/index.php?rest_route=\/wp\/v2\/posts\/30591\/revisions\/30602"}],"wp:featuredmedia":[{"embeddable":true,"href":"https:\/\/rockvell.com\/index.php?rest_route=\/wp\/v2\/media\/30592"}],"wp:attachment":[{"href":"https:\/\/rockvell.com\/index.php?rest_route=%2Fwp%2Fv2%2Fmedia&parent=30591"}],"wp:term":[{"taxonomy":"category","embeddable":true,"href":"https:\/\/rockvell.com\/index.php?rest_route=%2Fwp%2Fv2%2Fcategories&post=30591"},{"taxonomy":"post_tag","embeddable":true,"href":"https:\/\/rockvell.com\/index.php?rest_route=%2Fwp%2Fv2%2Ftags&post=30591"}],"curies":[{"name":"wp","href":"https:\/\/api.w.org\/{rel}","templated":true}]}}