{"id":30598,"date":"2024-11-19T10:00:00","date_gmt":"2024-11-19T07:00:00","guid":{"rendered":"https:\/\/rockvell.com\/?p=30598"},"modified":"2024-11-20T11:10:05","modified_gmt":"2024-11-20T08:10:05","slug":"ady-il%c9%99-beyn%c9%99lxalq-d%c9%99mir-yollari-ittifaqi-arasinda-%c9%99m%c9%99kdasligin-%c9%99sas-istiqam%c9%99tl%c9%99ri-muzakir%c9%99-olunub","status":"publish","type":"post","link":"https:\/\/rockvell.com\/?p=30598","title":{"rendered":"ADY il\u0259 Beyn\u0259lxalq D\u0259mir Yollar\u0131 \u0130ttifaq\u0131 aras\u0131nda \u0259m\u0259kda\u015fl\u0131\u011f\u0131n&#8230;."},"content":{"rendered":"\n<p class=\"has-medium-font-size\"><strong>ADY il\u0259 Beyn\u0259lxalq D\u0259mir Yollar\u0131 \u0130ttifaq\u0131 aras\u0131nda \u0259m\u0259kda\u015fl\u0131\u011f\u0131n \u0259sas istiqam\u0259tl\u0259ri m\u00fczakir\u0259 olunub<\/strong><\/p>\n\n\n\n<p>\u201cAz\u0259rbaycan D\u0259mir Yollar\u0131\u201d (ADY) QSC-nin s\u0259dri R\u00f6v\u015f\u0259n R\u00fcst\u0259mov Beyn\u0259lxalq D\u0259mir Yollar\u0131 \u0130ttifaq\u0131n\u0131n (UIC) s\u0259dri, Pol\u015fa D\u0259mir Yollar\u0131 (PKP) Korporasiyas\u0131n\u0131n \u0130dar\u0259 Hey\u0259tinin prezidenti Alan Berud v\u0259 Korporasiyan\u0131n Bel\u00e7ikadak\u0131 n\u00fcmay\u0259nd\u0259liyinin direktoru Toma\u015f Laxovi\u00e7l\u0259 g\u00f6r\u00fc\u015f\u00fcb.<\/p>\n\n\n\n<p>G\u00f6r\u00fc\u015fd\u0259 Bak\u0131da ke\u00e7iril\u0259n BMT-nin\u00a0\u0130qlim D\u0259yi\u015fm\u0259l\u0259ri \u00fczr\u0259\u00a0\u00c7\u0259r\u00e7iv\u0259\u00a0Konvensiyas\u0131n\u0131n T\u0259r\u0259fl\u0259r Konfrans\u0131n\u0131n 29-cu sessiyas\u0131 (COP29) \u00e7\u0259r\u00e7iv\u0259sind\u0259 iqlim b\u00f6hran\u0131 il\u0259 ba\u011fl\u0131 qlobal \u00e7a\u011f\u0131r\u0131\u015flar\u0131n \u0259h\u0259miyy\u0259tin\u0259 v\u0259 birg\u0259 f\u0259aliyy\u0259tin s\u0259m\u0259r\u0259liliyin\u0259 diqq\u0259t \u00e7\u0259kilib.<\/p>\n\n\n<div class=\"wp-block-image\">\n<figure class=\"aligncenter size-large is-resized\"><img loading=\"lazy\" decoding=\"async\" width=\"1024\" height=\"682\" src=\"https:\/\/rockvell.com\/wp-content\/uploads\/2024\/11\/WhatsApp-Image-2024-11-19-at-16.30.20-1024x682.jpeg\" alt=\"\" class=\"wp-image-30599\" style=\"width:435px;height:auto\" srcset=\"https:\/\/rockvell.com\/wp-content\/uploads\/2024\/11\/WhatsApp-Image-2024-11-19-at-16.30.20-1024x682.jpeg 1024w, https:\/\/rockvell.com\/wp-content\/uploads\/2024\/11\/WhatsApp-Image-2024-11-19-at-16.30.20-300x200.jpeg 300w, https:\/\/rockvell.com\/wp-content\/uploads\/2024\/11\/WhatsApp-Image-2024-11-19-at-16.30.20-768x512.jpeg 768w, https:\/\/rockvell.com\/wp-content\/uploads\/2024\/11\/WhatsApp-Image-2024-11-19-at-16.30.20-1536x1024.jpeg 1536w, https:\/\/rockvell.com\/wp-content\/uploads\/2024\/11\/WhatsApp-Image-2024-11-19-at-16.30.20-2048x1365.jpeg 2048w, https:\/\/rockvell.com\/wp-content\/uploads\/2024\/11\/WhatsApp-Image-2024-11-19-at-16.30.20-360x240.jpeg 360w\" sizes=\"(max-width: 1024px) 100vw, 1024px\" \/><\/figure><\/div>\n\n\n<p>G\u00f6r\u00fc\u015f zaman\u0131 t\u0259r\u0259fl\u0259r ADY il\u0259 UIC v\u0259 PKP aras\u0131nda \u0259m\u0259kda\u015fl\u0131\u011f\u0131n \u0259sas istiqam\u0259tl\u0259ri, 1995-ci ild\u0259n UIC-nin \u00fczv\u00fc olan ADY-nin t\u0259\u015fkilat\u0131n f\u0259aliyy\u0259tind\u0259ki rolu v\u0259 beyn\u0259lxalq layih\u0259l\u0259rd\u0259ki i\u015ftirak\u0131 m\u00fczakir\u0259 olunub. Az\u0259rbaycanla Avropa \u0130ttifaq\u0131 aras\u0131nda potensial d\u0259miryol \u0259laq\u0259sinin t\u0259kmill\u0259\u015fdirilm\u0259si, el\u0259c\u0259 d\u0259 tranzit vaxt\u0131n\u0131n optimalla\u015fd\u0131r\u0131lmas\u0131 bar\u0259d\u0259 m\u0259qamlara toxunulub, beyn\u0259lxalq y\u00fck da\u015f\u0131malar\u0131ndak\u0131 yenilikl\u0259r, r\u0259q\u0259msalla\u015fma v\u0259 dayan\u0131ql\u0131l\u0131qla ba\u011fl\u0131 \u0259n yax\u015f\u0131 t\u0259cr\u00fcb\u0259l\u0259rd\u0259n s\u00f6z a\u00e7\u0131l\u0131b.<\/p>\n\n\n\n<p>R\u00f6v\u015f\u0259n R\u00fcst\u0259mov son ill\u0259rd\u0259 ADY-nin beyn\u0259lxalq d\u0259hlizl\u0259r \u00fczr\u0259 y\u00fckda\u015f\u0131malar\u0131n art\u0131r\u0131lmas\u0131 istiqam\u0259tind\u0259 aktiv f\u0259aliyy\u0259t g\u00f6st\u0259rdiyini, Orta D\u0259hlizin \u0259sas halqalar\u0131ndan olan Bak\u0131\u2013Tbilisi\u2013Qars d\u0259mir yolunun bu ilin may\u0131ndan tam g\u00fcc\u00fc il\u0259 i\u015fl\u0259diyini v\u0259 bununla da d\u0259miryol x\u0259ttinin burax\u0131l\u0131\u015f g\u00fcc\u00fcn\u00fcn illik 5 milyon tonad\u0259k artd\u0131\u011f\u0131n\u0131 qeyd edib.<\/p>\n\n\n\n<p>R\u0259q\u0259msal transformasiya v\u0259 dayan\u0131ql\u0131 \u0259traf m\u00fchit istiqam\u0259tind\u0259 g\u00f6r\u00fcl\u0259c\u0259k i\u015fl\u0259rd\u0259 birg\u0259 f\u0259aliyy\u0259tin z\u0259ruriliyin\u0259 diqq\u0259t \u00e7\u0259k\u0259n ADY s\u0259dri R\u00f6v\u015f\u0259n R\u00fcst\u0259mov h\u0259r iki istiqam\u0259td\u0259 qar\u015f\u0131l\u0131ql\u0131 t\u0259cr\u00fcb\u0259 m\u00fcbadil\u0259sinin b\u00fct\u00fcn t\u0259r\u0259fl\u0259r \u00fc\u00e7\u00fcn faydal\u0131 olaca\u011f\u0131n\u0131 bildirib.<\/p>\n\n\n\n<p>UIC-nin s\u0259dri Alan Berud d\u0259miryol sah\u0259sind\u0259 regional v\u0259 qlobal \u0259m\u0259kda\u015fl\u0131\u011f\u0131n dayan\u0131ql\u0131 g\u0259l\u0259c\u0259y\u0259 t\u00f6hf\u0259 ver\u0259c\u0259yin\u0259 \u0259min oldu\u011funu deyib.<\/p>\n\n\n\n<p>ADY il\u0259 Pol\u015fa D\u0259mir Yollar\u0131 Korporasiyas\u0131 aras\u0131nda beyn\u0259lxalq y\u00fck da\u015f\u0131malar\u0131nda restrukturizasiya imkanlar\u0131n\u0131n oldu\u011funu qeyd ed\u0259n PKP-nin n\u00fcmay\u0259nd\u0259si Toma\u015f Laxovi\u00e7 \u00fcmumi multimodal y\u00fckda\u015f\u0131ma m\u0259rk\u0259zi v\u0259 vaqon park\u0131n\u0131n xidm\u0259t keyfiyy\u0259tini yax\u015f\u0131la\u015fd\u0131raca\u011f\u0131na inand\u0131\u011f\u0131n\u0131 deyib.<\/p>\n","protected":false},"excerpt":{"rendered":"<p>ADY il\u0259 Beyn\u0259lxalq D\u0259mir Yollar\u0131 \u0130ttifaq\u0131 aras\u0131nda \u0259m\u0259kda\u015fl\u0131\u011f\u0131n \u0259sas istiqam\u0259tl\u0259ri m\u00fczakir\u0259 olunub \u201cAz\u0259rbaycan D\u0259mir Yollar\u0131\u201d (ADY) QSC-nin s\u0259dri R\u00f6v\u015f\u0259n R\u00fcst\u0259mov Beyn\u0259lxalq D\u0259mir Yollar\u0131 \u0130ttifaq\u0131n\u0131n (UIC) s\u0259dri, Pol\u015fa D\u0259mir Yollar\u0131 (PKP) Korporasiyas\u0131n\u0131n \u0130dar\u0259 Hey\u0259tinin prezidenti Alan&#8230;<\/p>\n","protected":false},"author":2,"featured_media":30599,"comment_status":"closed","ping_status":"closed","sticky":false,"template":"","format":"standard","meta":{"footnotes":""},"categories":[40],"tags":[],"aioseo_notices":[],"_links":{"self":[{"href":"https:\/\/rockvell.com\/index.php?rest_route=\/wp\/v2\/posts\/30598"}],"collection":[{"href":"https:\/\/rockvell.com\/index.php?rest_route=\/wp\/v2\/posts"}],"about":[{"href":"https:\/\/rockvell.com\/index.php?rest_route=\/wp\/v2\/types\/post"}],"author":[{"embeddable":true,"href":"https:\/\/rockvell.com\/index.php?rest_route=\/wp\/v2\/users\/2"}],"replies":[{"embeddable":true,"href":"https:\/\/rockvell.com\/index.php?rest_route=%2Fwp%2Fv2%2Fcomments&post=30598"}],"version-history":[{"count":2,"href":"https:\/\/rockvell.com\/index.php?rest_route=\/wp\/v2\/posts\/30598\/revisions"}],"predecessor-version":[{"id":30601,"href":"https:\/\/rockvell.com\/index.php?rest_route=\/wp\/v2\/posts\/30598\/revisions\/30601"}],"wp:featuredmedia":[{"embeddable":true,"href":"https:\/\/rockvell.com\/index.php?rest_route=\/wp\/v2\/media\/30599"}],"wp:attachment":[{"href":"https:\/\/rockvell.com\/index.php?rest_route=%2Fwp%2Fv2%2Fmedia&parent=30598"}],"wp:term":[{"taxonomy":"category","embeddable":true,"href":"https:\/\/rockvell.com\/index.php?rest_route=%2Fwp%2Fv2%2Fcategories&post=30598"},{"taxonomy":"post_tag","embeddable":true,"href":"https:\/\/rockvell.com\/index.php?rest_route=%2Fwp%2Fv2%2Ftags&post=30598"}],"curies":[{"name":"wp","href":"https:\/\/api.w.org\/{rel}","templated":true}]}}