{"id":30640,"date":"2024-11-20T03:00:00","date_gmt":"2024-11-20T00:00:00","guid":{"rendered":"https:\/\/rockvell.com\/?p=30640"},"modified":"2024-11-20T18:19:59","modified_gmt":"2024-11-20T15:19:59","slug":"ady-s%c9%99dri-cop29-c%c9%99rciv%c9%99sind%c9%99-d%c9%99mir-yollarinda-etibarli-h%c9%99ll%c9%99r-movzusunda-panel-muzakir%c9%99l%c9%99rind%c9%99-istirak-edib","status":"publish","type":"post","link":"https:\/\/rockvell.com\/?p=30640","title":{"rendered":"ADY s\u0259dri COP29 \u00e7\u0259r\u00e7iv\u0259sind\u0259 d\u0259mir yollar\u0131nda etibarl\u0131 h\u0259ll\u0259r m\u00f6vzusunda panel m\u00fczakir\u0259l\u0259rind\u0259 i\u015ftirak edib"},"content":{"rendered":"\n<p class=\"has-medium-font-size\"><strong>ADY s\u0259dri COP29 \u00e7\u0259r\u00e7iv\u0259sind\u0259 d\u0259mir yollar\u0131nda etibarl\u0131 h\u0259ll\u0259r m\u00f6vzusunda panel m\u00fczakir\u0259l\u0259rind\u0259 i\u015ftirak edib<\/strong><\/p>\n\n\n\n<p>\u201cAz\u0259rbaycan D\u0259mir Yollar\u0131\u201d QSC-nin (ADY) s\u0259dri R\u00f6v\u015f\u0259n R\u00fcst\u0259mov BMT-nin \u0130qlim D\u0259yi\u015fm\u0259l\u0259ri \u00fczr\u0259 \u00c7\u0259r\u00e7iv\u0259 Konvensiyas\u0131n\u0131n T\u0259r\u0259fl\u0259r Konfrans\u0131n\u0131n 29-cu sessiyas\u0131 (COP29) \u00e7\u0259r\u00e7iv\u0259sind\u0259 D\u00fcnya Bank\u0131n\u0131n t\u0259\u015fkilat\u00e7\u0131l\u0131\u011f\u0131 il\u0259 \u201cD\u0259miryol \u0259m\u0259liyyatlar\u0131n\u0131n s\u00fcr\u0259tl\u0259ndirilm\u0259si \u00fc\u00e7\u00fcn etibarl\u0131 h\u0259ll\u0259r\u201d m\u00f6vzusunda ke\u00e7iril\u0259n t\u0259dbird\u0259 i\u015ftirak edib.<\/p>\n\n\n<div class=\"wp-block-image\">\n<figure class=\"aligncenter size-full is-resized\"><img loading=\"lazy\" decoding=\"async\" width=\"868\" height=\"580\" src=\"https:\/\/rockvell.com\/wp-content\/uploads\/2024\/11\/whatsapp-image-2024-11-20-at-133141.webp\" alt=\"\" class=\"wp-image-30641\" style=\"width:481px;height:auto\" srcset=\"https:\/\/rockvell.com\/wp-content\/uploads\/2024\/11\/whatsapp-image-2024-11-20-at-133141.webp 868w, https:\/\/rockvell.com\/wp-content\/uploads\/2024\/11\/whatsapp-image-2024-11-20-at-133141-300x200.webp 300w, https:\/\/rockvell.com\/wp-content\/uploads\/2024\/11\/whatsapp-image-2024-11-20-at-133141-768x513.webp 768w, https:\/\/rockvell.com\/wp-content\/uploads\/2024\/11\/whatsapp-image-2024-11-20-at-133141-360x241.webp 360w\" sizes=\"(max-width: 868px) 100vw, 868px\" \/><\/figure><\/div>\n\n\n<p>T\u0259dbird\u0259 \u0259sas m\u00fczakir\u0259 istiqam\u0259tl\u0259ri d\u0259miryol n\u0259qliyyat\u0131n\u0131n karbon emissiyas\u0131n\u0131n azald\u0131lmas\u0131 v\u0259 \u015f\u0259h\u0259r mobilliyin\u0259 t\u00f6hf\u0259si, d\u0259miryol infrastrukturunun daha da inki\u015faf etdirilm\u0259sinin vacibliyi olub.<\/p>\n\n\n\n<p>Panel m\u00fczakir\u0259l\u0259rind\u0259 \u00e7\u0131x\u0131\u015f ed\u0259n ADY s\u0259dri R\u00f6v\u015f\u0259n R\u00fcst\u0259mov bildirib ki, Az\u0259rbaycanda d\u0259miryol sah\u0259sind\u0259 iri infrastruktur layih\u0259l\u0259ri \u0259sas\u0259n d\u00f6vl\u0259t v\u0259saiti hesab\u0131na h\u0259yata ke\u00e7irilir. Bel\u0259 layih\u0259l\u0259r \u201cAz\u0259rbaycan 2030: sosial-iqtisadi inki\u015fafa dair Milli Prioritetl\u0259r\u201dd\u0259 d\u0259 \u00f6z \u0259ksini tap\u0131b. Bununla yana\u015f\u0131, d\u0259miryol infrastrukturunun inki\u015faf\u0131 m\u0259qs\u0259dil\u0259 beyn\u0259lxalq maliyy\u0259 institutlar\u0131ndan kreditl\u0259r c\u0259lb edilir. Bunun \u00fc\u00e7\u00fcn \u015firk\u0259tin maliyy\u0259 dayan\u0131ql\u0131l\u0131\u011f\u0131, \u015f\u0259ffaf f\u0259aliyy\u0259ti, hesabatl\u0131\u011f\u0131n\u0131n olmas\u0131 v\u0259 d\u00f6vl\u0259t z\u0259man\u0259ti z\u0259ruridir.<\/p>\n\n\n\n<p>R\u00f6v\u015f\u0259n R\u00fcst\u0259mov qeyd edib ki, ADY D\u00fcnya Bank\u0131 v\u0259 Asiya \u0130nki\u015faf Bank\u0131 il\u0259 s\u0259m\u0259r\u0259li \u0259m\u0259kda\u015fl\u0131q edir. Son ill\u0259rd\u0259 Az\u0259rbaycan D\u0259mir Yollar\u0131nda apar\u0131lm\u0131\u015f struktur islahatlar\u0131, iri kapital qoyulu\u015flu layih\u0259l\u0259rin h\u0259yata ke\u00e7irilm\u0259si \u00fc\u00e7\u00fcn icra v\u0259 monitorinq mexanizml\u0259rinin m\u00f6vcudlu\u011fu, el\u0259c\u0259 d\u0259 beyn\u0259lxalq konsaltinq \u015firk\u0259tl\u0259rinin m\u00fcsb\u0259t r\u0259yi beyn\u0259lxalq maliyy\u0259 qurumlar\u0131n\u0131n ADY il\u0259 \u0259m\u0259kda\u015fl\u0131\u011fa maraq g\u00f6st\u0259rm\u0259sin\u0259 z\u0259min yarad\u0131b.<\/p>\n\n\n\n<p>T\u0259dbird\u0259 \u00e7\u0131x\u0131\u015f ed\u0259n Braziliya N\u0259qliyyat Nazirliyinin dayan\u0131ql\u0131l\u0131q \u00fczr\u0259 katibi Kloves Benevides, Beyn\u0259lxalq D\u0259mir Yollar\u0131 \u0130ttifaq\u0131n\u0131n dayan\u0131ql\u0131l\u0131q \u00fczr\u0259 direktoru Lusi Anderton v\u0259 D\u00fcnya Bank\u0131n\u0131n n\u0259qliyyat sah\u0259si \u00fczr\u0259 qlobal direktoru Nikolas Peltier bildiribl\u0259r ki, d\u0259miryol infrastrukturunun inki\u015faf\u0131 \u00fc\u00e7\u00fcn davaml\u0131 olaraq investisiya c\u0259lb olunmal\u0131d\u0131r, x\u00fcsusil\u0259 iqlim maliyy\u0259l\u0259\u015fm\u0259si kimi aktual m\u0259s\u0259l\u0259l\u0259rd\u0259 d\u0259miryol sah\u0259si k\u0259narda qalmamal\u0131d\u0131r. Qeyd edilib ki, d\u0259miryol sektorunun \u0259traf m\u00fchit\u0259 m\u0259nfi t\u0259sirl\u0259rin azald\u0131lmas\u0131na t\u00f6hf\u0259sini geni\u015fl\u0259ndirm\u0259k \u00fc\u00e7\u00fcn daha \u00e7ox innovativ h\u0259ll\u0259r t\u0259tbiq olunmal\u0131d\u0131r.<\/p>\n\n\n\n<p>Sonda D\u00fcnya Bank\u0131 v\u0259 \u00c7oxt\u0259r\u0259fli \u0130nvestisiyalar \u00fczr\u0259 Z\u0259man\u0259t Agentliyin (MIGA) hesabatlar\u0131 t\u0259qdim olunub. Hesabatlarda d\u0259mir yollar\u0131na iqlim maliyy\u0259l\u0259\u015fm\u0259sinin vacibliyi v\u0259 t\u0259r\u0259fda\u015f \u00f6lk\u0259l\u0259rd\u0259 bu kimi layih\u0259l\u0259rin m\u00fcsb\u0259t n\u0259tic\u0259l\u0259ri \u00f6z \u0259ksini tap\u0131b.<\/p>\n","protected":false},"excerpt":{"rendered":"<p>ADY s\u0259dri COP29 \u00e7\u0259r\u00e7iv\u0259sind\u0259 d\u0259mir yollar\u0131nda etibarl\u0131 h\u0259ll\u0259r m\u00f6vzusunda panel m\u00fczakir\u0259l\u0259rind\u0259 i\u015ftirak edib \u201cAz\u0259rbaycan D\u0259mir Yollar\u0131\u201d QSC-nin (ADY) s\u0259dri R\u00f6v\u015f\u0259n R\u00fcst\u0259mov BMT-nin \u0130qlim D\u0259yi\u015fm\u0259l\u0259ri \u00fczr\u0259 \u00c7\u0259r\u00e7iv\u0259 Konvensiyas\u0131n\u0131n T\u0259r\u0259fl\u0259r Konfrans\u0131n\u0131n 29-cu sessiyas\u0131 (COP29) \u00e7\u0259r\u00e7iv\u0259sind\u0259 D\u00fcnya Bank\u0131n\u0131n&#8230;<\/p>\n","protected":false},"author":2,"featured_media":30641,"comment_status":"closed","ping_status":"closed","sticky":false,"template":"","format":"standard","meta":{"footnotes":""},"categories":[40],"tags":[],"aioseo_notices":[],"_links":{"self":[{"href":"https:\/\/rockvell.com\/index.php?rest_route=\/wp\/v2\/posts\/30640"}],"collection":[{"href":"https:\/\/rockvell.com\/index.php?rest_route=\/wp\/v2\/posts"}],"about":[{"href":"https:\/\/rockvell.com\/index.php?rest_route=\/wp\/v2\/types\/post"}],"author":[{"embeddable":true,"href":"https:\/\/rockvell.com\/index.php?rest_route=\/wp\/v2\/users\/2"}],"replies":[{"embeddable":true,"href":"https:\/\/rockvell.com\/index.php?rest_route=%2Fwp%2Fv2%2Fcomments&post=30640"}],"version-history":[{"count":1,"href":"https:\/\/rockvell.com\/index.php?rest_route=\/wp\/v2\/posts\/30640\/revisions"}],"predecessor-version":[{"id":30642,"href":"https:\/\/rockvell.com\/index.php?rest_route=\/wp\/v2\/posts\/30640\/revisions\/30642"}],"wp:featuredmedia":[{"embeddable":true,"href":"https:\/\/rockvell.com\/index.php?rest_route=\/wp\/v2\/media\/30641"}],"wp:attachment":[{"href":"https:\/\/rockvell.com\/index.php?rest_route=%2Fwp%2Fv2%2Fmedia&parent=30640"}],"wp:term":[{"taxonomy":"category","embeddable":true,"href":"https:\/\/rockvell.com\/index.php?rest_route=%2Fwp%2Fv2%2Fcategories&post=30640"},{"taxonomy":"post_tag","embeddable":true,"href":"https:\/\/rockvell.com\/index.php?rest_route=%2Fwp%2Fv2%2Ftags&post=30640"}],"curies":[{"name":"wp","href":"https:\/\/api.w.org\/{rel}","templated":true}]}}