{"id":30643,"date":"2024-11-20T07:00:00","date_gmt":"2024-11-20T04:00:00","guid":{"rendered":"https:\/\/rockvell.com\/?p=30643"},"modified":"2024-11-20T18:25:42","modified_gmt":"2024-11-20T15:25:42","slug":"ady-il%c9%99-uic-arasinda-d%c9%99mir-yollarinin-iqlim-ohd%c9%99liyi-s%c9%99n%c9%99di-imzalandi","status":"publish","type":"post","link":"https:\/\/rockvell.com\/?p=30643","title":{"rendered":"ADY il\u0259 UIC aras\u0131nda \u201cD\u0259mir yollar\u0131n\u0131n iqlim \u00f6hd\u0259liyi\u201d s\u0259n\u0259di imzaland\u0131"},"content":{"rendered":"\n<p class=\"has-medium-font-size\"><strong>ADY il\u0259 UIC aras\u0131nda \u201cD\u0259mir yollar\u0131n\u0131n iqlim \u00f6hd\u0259liyi\u201d s\u0259n\u0259di imzaland\u0131<\/strong><\/p>\n\n\n\n<p>BMT-nin \u0130qlim D\u0259yi\u015fm\u0259l\u0259ri \u00fczr\u0259 \u00c7\u0259r\u00e7iv\u0259 Konvensiyas\u0131n\u0131n T\u0259r\u0259fl\u0259r Konfrans\u0131n\u0131n 29-cu sessiyas\u0131 (COP29) \u00e7\u0259r\u00e7iv\u0259sind\u0259 20 noyabr tarixind\u0259 \u201cAz\u0259rbaycan D\u0259mir Yollar\u0131\u201d QSC (ADY) v\u0259 Beyn\u0259lxalq D\u0259mir Yollar\u0131 \u0130ttifaq\u0131n\u0131n (UIC) birg\u0259 t\u0259\u015fkilat\u00e7\u0131l\u0131\u011f\u0131 il\u0259 \u201cN\u0259qliyyat d\u0259hlizl\u0259ri il\u0259 dayan\u0131ql\u0131 g\u0259l\u0259c\u0259y\u0259 do\u011fru: \u0130qlim siyas\u0259tind\u0259 d\u0259mir yollar\u0131\u201d adl\u0131 t\u0259dbir ke\u00e7irilib.<\/p>\n\n\n<div class=\"wp-block-image\">\n<figure class=\"aligncenter size-full is-resized\"><img loading=\"lazy\" decoding=\"async\" width=\"868\" height=\"577\" src=\"https:\/\/rockvell.com\/wp-content\/uploads\/2024\/11\/whatsapp-image-2024-11-20-at-183713.webp\" alt=\"\" class=\"wp-image-30644\" style=\"width:469px;height:auto\" srcset=\"https:\/\/rockvell.com\/wp-content\/uploads\/2024\/11\/whatsapp-image-2024-11-20-at-183713.webp 868w, https:\/\/rockvell.com\/wp-content\/uploads\/2024\/11\/whatsapp-image-2024-11-20-at-183713-300x199.webp 300w, https:\/\/rockvell.com\/wp-content\/uploads\/2024\/11\/whatsapp-image-2024-11-20-at-183713-768x511.webp 768w, https:\/\/rockvell.com\/wp-content\/uploads\/2024\/11\/whatsapp-image-2024-11-20-at-183713-360x239.webp 360w\" sizes=\"(max-width: 868px) 100vw, 868px\" \/><\/figure><\/div>\n\n\n<p>T\u0259dbir iqlim d\u0259yi\u015fiklikl\u0259rin\u0259 qar\u015f\u0131 m\u00fcbariz\u0259d\u0259 Az\u0259rbaycan\u0131n lider rolu v\u0259 dayan\u0131ql\u0131 n\u0259qliyyat\u0131n t\u0259min edilm\u0259si, x\u00fcsusil\u0259 d\u0259miryol \u015f\u0259b\u0259k\u0259sinin karbon emissiyas\u0131n\u0131n azald\u0131lmas\u0131na verdiyi h\u0259lledici t\u00f6hf\u0259y\u0259 h\u0259sr olunub.<\/p>\n\n\n\n<p>T\u0259dbirin \u0259sas m\u00fczakir\u0259 m\u00f6vzular\u0131 Az\u0259rbaycan\u0131n tranzit qov\u015fa\u011f\u0131 olaraq \u015e\u0259rq-Q\u0259rb v\u0259 \u015eimal-C\u0259nub d\u0259hlizl\u0259ri \u00fczr\u0259 y\u00fckda\u015f\u0131malar\u0131n art\u0131r\u0131lmas\u0131nda aktiv f\u0259aliyy\u0259ti, d\u0259mir yollar\u0131 n\u00fcmun\u0259sind\u0259 n\u0259qliyyatda dekarbonizasiya s\u0259yl\u0259ri, ADY-nin Milli S\u0259viyy\u0259d\u0259 M\u00fc\u0259yy\u0259n Edilmi\u015f T\u00f6hf\u0259l\u0259r v\u0259 Paris Sazi\u015find\u0259n ir\u0259li g\u0259l\u0259n \u00f6hd\u0259likl\u0259rin yerin\u0259 yetirilm\u0259sind\u0259 artan rolu olub.<\/p>\n\n\n\n<p>ADY s\u0259dri R\u00f6v\u015f\u0259n R\u00fcst\u0259mov t\u0259dbird\u0259 \u201cAz\u0259rbaycan\u0131n regional v\u0259 qlobal iqlim m\u0259qs\u0259dl\u0259rin\u0259 nail olunmas\u0131nda Az\u0259rbaycan\u0131n rolu: \u00d6lk\u0259nin n\u0259qliyyat strategiyas\u0131nda d\u0259mir yollar\u0131n\u0131n rolu\u201d m\u00f6vzusunda \u00e7\u0131x\u0131\u015f ed\u0259r\u0259k Az\u0259rbaycan D\u0259mir Yollar\u0131n\u0131n qlobal iqlim \u00e7a\u011f\u0131r\u0131\u015flar\u0131na uy\u011fun olaraq 2023-c\u00fc ild\u0259 BMT-nin Qlobal Sazi\u015fin\u0259 \u00fczv olmas\u0131, beyn\u0259lxalq GRI v\u0259 SASB standartlar\u0131 \u0259sas\u0131nda ADY-d\u0259 m\u00fcvafiq diaqnostikan\u0131n apar\u0131lmas\u0131 v\u0259 bu diaqnostikan\u0131n n\u0259tic\u0259si olaraq ilk d\u0259f\u0259 \u201cDayan\u0131ql\u0131l\u0131q hesabat\u0131\u201dn\u0131n haz\u0131rlanaraq ictimaiyy\u0259t\u0259 t\u0259qdim olunmas\u0131 bar\u0259d\u0259 m\u0259lumat verib.<\/p>\n\n\n\n<figure class=\"wp-block-gallery aligncenter has-nested-images columns-default is-cropped wp-block-gallery-1 is-layout-flex wp-block-gallery-is-layout-flex\">\n<figure class=\"wp-block-image size-large\"><a href=\"https:\/\/rockvell.com\/wp-content\/uploads\/2024\/11\/whatsapp-image-2024-11-20-at-183713-2.webp\" target=\"_blank\" rel=\"noopener\" data-rel=\"lightbox-gallery-LJ72iPmK\" data-rl_title=\"\" data-rl_caption=\"\" title=\"\"><img loading=\"lazy\" decoding=\"async\" width=\"800\" height=\"553\" data-id=\"30645\" src=\"https:\/\/rockvell.com\/wp-content\/uploads\/2024\/11\/whatsapp-image-2024-11-20-at-183713-2.webp\" alt=\"\" class=\"wp-image-30645\" srcset=\"https:\/\/rockvell.com\/wp-content\/uploads\/2024\/11\/whatsapp-image-2024-11-20-at-183713-2.webp 800w, https:\/\/rockvell.com\/wp-content\/uploads\/2024\/11\/whatsapp-image-2024-11-20-at-183713-2-300x207.webp 300w, https:\/\/rockvell.com\/wp-content\/uploads\/2024\/11\/whatsapp-image-2024-11-20-at-183713-2-768x531.webp 768w, https:\/\/rockvell.com\/wp-content\/uploads\/2024\/11\/whatsapp-image-2024-11-20-at-183713-2-360x249.webp 360w\" sizes=\"(max-width: 800px) 100vw, 800px\" \/><\/a><\/figure>\n\n\n\n<figure class=\"wp-block-image size-large\"><a href=\"https:\/\/rockvell.com\/wp-content\/uploads\/2024\/11\/whatsapp-image-2024-11-20-at-183711-0.webp\" target=\"_blank\" rel=\"noopener\" data-rel=\"lightbox-gallery-LJ72iPmK\" data-rl_title=\"\" data-rl_caption=\"\" title=\"\"><img loading=\"lazy\" decoding=\"async\" width=\"868\" height=\"579\" data-id=\"30646\" src=\"https:\/\/rockvell.com\/wp-content\/uploads\/2024\/11\/whatsapp-image-2024-11-20-at-183711-0.webp\" alt=\"\" class=\"wp-image-30646\" srcset=\"https:\/\/rockvell.com\/wp-content\/uploads\/2024\/11\/whatsapp-image-2024-11-20-at-183711-0.webp 868w, https:\/\/rockvell.com\/wp-content\/uploads\/2024\/11\/whatsapp-image-2024-11-20-at-183711-0-300x200.webp 300w, https:\/\/rockvell.com\/wp-content\/uploads\/2024\/11\/whatsapp-image-2024-11-20-at-183711-0-768x512.webp 768w, https:\/\/rockvell.com\/wp-content\/uploads\/2024\/11\/whatsapp-image-2024-11-20-at-183711-0-360x240.webp 360w\" sizes=\"(max-width: 868px) 100vw, 868px\" \/><\/a><\/figure>\n<\/figure>\n\n\n\n<p>R\u00f6v\u015f\u0259n R\u00fcst\u0259mov qeyd edib ki, son iki ild\u0259 ADY karbon emissiyas\u0131n\u0131n azald\u0131lmas\u0131 istiqam\u0259tind\u0259 m\u00fch\u00fcm nailiyy\u0259tl\u0259r \u0259ld\u0259 edib, Az\u0259rbaycan d\u0259miryol \u015f\u0259b\u0259k\u0259sinin 63%-i elektrikl\u0259\u015fdirilib v\u0259 b\u0259rpa olunan enerjinin potensial\u0131ndan geni\u015f istifad\u0259 edilib. 2023-c\u00fc ild\u0259n etibar\u0259n ADY enerji istehlak\u0131n\u0131 5%, t\u0259bii qaz istehlak\u0131n\u0131 16%, su s\u0259rfiyyat\u0131n\u0131 23%, karbon emissiyas\u0131n\u0131 is\u0259 9% azaltma\u011fa m\u00fcv\u0259ff\u0259q olub. \u00d6t\u0259n il s\u0259rni\u015finl\u0259rin 100%-nin, y\u00fckl\u0259rin is\u0259 80%-nin da\u015f\u0131nmas\u0131 elektrik enerjisi hesab\u0131na h\u0259yata ke\u00e7irilib.<\/p>\n\n\n\n<p>ADY s\u0259dri bildirib ki, COP29-da \u0259sas g\u00f6zl\u0259ntil\u0259rd\u0259n biri dayan\u0131ql\u0131l\u0131q t\u0259\u015f\u0259bb\u00fcsl\u0259rinin maliyy\u0259l\u0259\u015fdirilm\u0259sidir. Bu m\u0259s\u0259l\u0259 h\u0259m\u00e7inin Az\u0259rbaycan D\u0259mir Yollar\u0131n\u0131n g\u00fcnd\u0259liyind\u0259 yer al\u0131b. ADY-nin 2030-cu il\u0259 q\u0259d\u0259r Strategiyas\u0131nda ya\u015f\u0131l maliyy\u0259l\u0259\u015fm\u0259 imkanlar\u0131ndan istifad\u0259 etm\u0259kl\u0259 dayan\u0131ql\u0131l\u0131q layih\u0259l\u0259rinin icra edilm\u0259si \u00f6z \u0259ksini tap\u0131b. \u00d6t\u0259n ay Asiya \u0130nki\u015faf Bank\u0131 (A\u0130B) il\u0259 d\u0259mir yollar\u0131nda dekarbonizasiya sah\u0259sind\u0259 \u0259m\u0259kda\u015fl\u0131\u011fa dair missiya s\u0259n\u0259dinin imzalanmas\u0131 bunun bariz n\u00fcmun\u0259sidir.<\/p>\n\n\n\n<p>Sonra D\u0259mir Yollar\u0131 \u018fm\u0259kda\u015fl\u0131q T\u0259\u015fkilat\u0131n\u0131n s\u0259dri Miroslav Antonovi\u00e7, Beyn\u0259lxalq D\u0259mir Yollar\u0131 \u0130ttifaq\u0131n\u0131n s\u0259dri v\u0259 Pol\u015fa D\u0259mir Yollar\u0131n\u0131n ba\u015f icra\u00e7\u0131 direktoru Alan Berud, A\u0130B-nin N\u0259qliyyat Sektoru Qrupunun direktoru Ceyms Leder, \u201cMasdar\u201d \u015firk\u0259tinin Az\u0259rbaycan \u00fczr\u0259 direktoru Murad Sad\u0131xov v\u0259 ADY s\u0259drinin m\u00fcavini Arif A\u011fayev d\u0259mir yollar\u0131n\u0131n ekodost n\u0259qliyyat n\u00f6v\u00fc olmas\u0131, b\u0259rpa olunan enerjid\u0259n istifad\u0259nin art\u0131r\u0131lmas\u0131 t\u0259\u015f\u0259bb\u00fcs\u00fcn\u00fcn d\u0259st\u0259kl\u0259nm\u0259si v\u0259 beyn\u0259lxalq maliyy\u0259 institutlar\u0131 t\u0259r\u0259find\u0259n bu t\u0259\u015f\u0259bb\u00fcs\u00fcn maliyy\u0259l\u0259\u015fdirilm\u0259si kimi m\u0259s\u0259l\u0259l\u0259r \u0259traf\u0131nda \u00e7\u0131x\u0131\u015flar edibl\u0259r.<\/p>\n\n\n\n<figure class=\"wp-block-gallery aligncenter has-nested-images columns-default is-cropped wp-block-gallery-2 is-layout-flex wp-block-gallery-is-layout-flex\">\n<figure class=\"wp-block-image size-large\"><a href=\"https:\/\/rockvell.com\/wp-content\/uploads\/2024\/11\/whatsapp-image-2024-11-20-at-183714.webp\" target=\"_blank\" rel=\"noopener\" data-rel=\"lightbox-gallery-LJ72iPmK\" data-rl_title=\"\" data-rl_caption=\"\" title=\"\"><img loading=\"lazy\" decoding=\"async\" width=\"868\" height=\"594\" data-id=\"30647\" src=\"https:\/\/rockvell.com\/wp-content\/uploads\/2024\/11\/whatsapp-image-2024-11-20-at-183714.webp\" alt=\"\" class=\"wp-image-30647\" srcset=\"https:\/\/rockvell.com\/wp-content\/uploads\/2024\/11\/whatsapp-image-2024-11-20-at-183714.webp 868w, https:\/\/rockvell.com\/wp-content\/uploads\/2024\/11\/whatsapp-image-2024-11-20-at-183714-300x205.webp 300w, https:\/\/rockvell.com\/wp-content\/uploads\/2024\/11\/whatsapp-image-2024-11-20-at-183714-768x526.webp 768w, https:\/\/rockvell.com\/wp-content\/uploads\/2024\/11\/whatsapp-image-2024-11-20-at-183714-360x246.webp 360w\" sizes=\"(max-width: 868px) 100vw, 868px\" \/><\/a><\/figure>\n\n\n\n<figure class=\"wp-block-image size-large\"><a href=\"https:\/\/rockvell.com\/wp-content\/uploads\/2024\/11\/whatsapp-image-2024-11-20-at-185738.webp\" target=\"_blank\" rel=\"noopener\" data-rel=\"lightbox-gallery-LJ72iPmK\" data-rl_title=\"\" data-rl_caption=\"\" title=\"\"><img loading=\"lazy\" decoding=\"async\" width=\"868\" height=\"592\" data-id=\"30648\" src=\"https:\/\/rockvell.com\/wp-content\/uploads\/2024\/11\/whatsapp-image-2024-11-20-at-185738.webp\" alt=\"\" class=\"wp-image-30648\" srcset=\"https:\/\/rockvell.com\/wp-content\/uploads\/2024\/11\/whatsapp-image-2024-11-20-at-185738.webp 868w, https:\/\/rockvell.com\/wp-content\/uploads\/2024\/11\/whatsapp-image-2024-11-20-at-185738-300x205.webp 300w, https:\/\/rockvell.com\/wp-content\/uploads\/2024\/11\/whatsapp-image-2024-11-20-at-185738-768x524.webp 768w, https:\/\/rockvell.com\/wp-content\/uploads\/2024\/11\/whatsapp-image-2024-11-20-at-185738-360x246.webp 360w\" sizes=\"(max-width: 868px) 100vw, 868px\" \/><\/a><\/figure>\n\n\n\n<figure class=\"wp-block-image size-large\"><a href=\"https:\/\/rockvell.com\/wp-content\/uploads\/2024\/11\/whatsapp-image-2024-11-20-at-183712-2-1.webp\" target=\"_blank\" rel=\"noopener\" data-rel=\"lightbox-gallery-LJ72iPmK\" data-rl_title=\"\" data-rl_caption=\"\" title=\"\"><img loading=\"lazy\" decoding=\"async\" width=\"868\" height=\"579\" data-id=\"30649\" src=\"https:\/\/rockvell.com\/wp-content\/uploads\/2024\/11\/whatsapp-image-2024-11-20-at-183712-2-1.webp\" alt=\"\" class=\"wp-image-30649\" srcset=\"https:\/\/rockvell.com\/wp-content\/uploads\/2024\/11\/whatsapp-image-2024-11-20-at-183712-2-1.webp 868w, https:\/\/rockvell.com\/wp-content\/uploads\/2024\/11\/whatsapp-image-2024-11-20-at-183712-2-1-300x200.webp 300w, https:\/\/rockvell.com\/wp-content\/uploads\/2024\/11\/whatsapp-image-2024-11-20-at-183712-2-1-768x512.webp 768w, https:\/\/rockvell.com\/wp-content\/uploads\/2024\/11\/whatsapp-image-2024-11-20-at-183712-2-1-360x240.webp 360w\" sizes=\"(max-width: 868px) 100vw, 868px\" \/><\/a><\/figure>\n<\/figure>\n\n\n\n<p>Daha sonra sual-cavab format\u0131nda panel m\u00fczakir\u0259l\u0259ri t\u0259\u015fkil olunub, n\u0259qliyyat ekspertl\u0259ri v\u0259 media n\u00fcmay\u0259nd\u0259l\u0259ri ad\u0131\u00e7\u0259kil\u0259n qurumlar\u0131n r\u0259hb\u0259rl\u0259rin\u0259 beyn\u0259lxalq d\u0259hlizl\u0259rin inki\u015faf\u0131, r\u0259q\u0259msalla\u015fma, y\u00fckda\u015f\u0131malarda a\u015fa\u011f\u0131 karbon g\u00f6st\u0259ricil\u0259rin\u0259 nail olunmas\u0131 \u00fc\u00e7\u00fcn g\u0259l\u0259c\u0259k h\u0259d\u0259fl\u0259r bar\u0259d\u0259 suallar \u00fcnvanlay\u0131b v\u0259 bu istiqam\u0259tl\u0259rd\u0259 s\u0259m\u0259r\u0259li m\u00fczakir\u0259l\u0259r apar\u0131l\u0131b.<\/p>\n\n\n\n<p>Sonda ADY il\u0259 UIC aras\u0131nda \u201cD\u0259mir yollar\u0131n\u0131n iqlim \u00f6hd\u0259liyi\u201d s\u0259n\u0259di imzalan\u0131b.<\/p>\n","protected":false},"excerpt":{"rendered":"<p>ADY il\u0259 UIC aras\u0131nda \u201cD\u0259mir yollar\u0131n\u0131n iqlim \u00f6hd\u0259liyi\u201d s\u0259n\u0259di imzaland\u0131 BMT-nin \u0130qlim D\u0259yi\u015fm\u0259l\u0259ri \u00fczr\u0259 \u00c7\u0259r\u00e7iv\u0259 Konvensiyas\u0131n\u0131n T\u0259r\u0259fl\u0259r Konfrans\u0131n\u0131n 29-cu sessiyas\u0131 (COP29) \u00e7\u0259r\u00e7iv\u0259sind\u0259 20 noyabr tarixind\u0259 \u201cAz\u0259rbaycan D\u0259mir Yollar\u0131\u201d QSC (ADY) v\u0259 Beyn\u0259lxalq D\u0259mir Yollar\u0131 \u0130ttifaq\u0131n\u0131n&#8230;<\/p>\n","protected":false},"author":2,"featured_media":30649,"comment_status":"closed","ping_status":"closed","sticky":false,"template":"","format":"standard","meta":{"footnotes":""},"categories":[40],"tags":[],"aioseo_notices":[],"_links":{"self":[{"href":"https:\/\/rockvell.com\/index.php?rest_route=\/wp\/v2\/posts\/30643"}],"collection":[{"href":"https:\/\/rockvell.com\/index.php?rest_route=\/wp\/v2\/posts"}],"about":[{"href":"https:\/\/rockvell.com\/index.php?rest_route=\/wp\/v2\/types\/post"}],"author":[{"embeddable":true,"href":"https:\/\/rockvell.com\/index.php?rest_route=\/wp\/v2\/users\/2"}],"replies":[{"embeddable":true,"href":"https:\/\/rockvell.com\/index.php?rest_route=%2Fwp%2Fv2%2Fcomments&post=30643"}],"version-history":[{"count":1,"href":"https:\/\/rockvell.com\/index.php?rest_route=\/wp\/v2\/posts\/30643\/revisions"}],"predecessor-version":[{"id":30650,"href":"https:\/\/rockvell.com\/index.php?rest_route=\/wp\/v2\/posts\/30643\/revisions\/30650"}],"wp:featuredmedia":[{"embeddable":true,"href":"https:\/\/rockvell.com\/index.php?rest_route=\/wp\/v2\/media\/30649"}],"wp:attachment":[{"href":"https:\/\/rockvell.com\/index.php?rest_route=%2Fwp%2Fv2%2Fmedia&parent=30643"}],"wp:term":[{"taxonomy":"category","embeddable":true,"href":"https:\/\/rockvell.com\/index.php?rest_route=%2Fwp%2Fv2%2Fcategories&post=30643"},{"taxonomy":"post_tag","embeddable":true,"href":"https:\/\/rockvell.com\/index.php?rest_route=%2Fwp%2Fv2%2Ftags&post=30643"}],"curies":[{"name":"wp","href":"https:\/\/api.w.org\/{rel}","templated":true}]}}