{"id":30651,"date":"2024-11-20T05:00:00","date_gmt":"2024-11-20T02:00:00","guid":{"rendered":"https:\/\/rockvell.com\/?p=30651"},"modified":"2024-11-20T18:38:29","modified_gmt":"2024-11-20T15:38:29","slug":"turizm-sektorunda-t%c9%99kmill%c9%99sdirilmis-iqlim-f%c9%99aliyy%c9%99ti-uzr%c9%99-nazirl%c9%99rin-birinci-gorusu","status":"publish","type":"post","link":"https:\/\/rockvell.com\/?p=30651","title":{"rendered":"Turizm sektorunda T\u0259kmill\u0259\u015fdirilmi\u015f \u0130qlim F\u0259aliyy\u0259ti \u00fczr\u0259 Nazirl\u0259rin Birinci G\u00f6r\u00fc\u015f\u00fc"},"content":{"rendered":"\n<p class=\"has-medium-font-size\"><strong>Turizm sektorunda T\u0259kmill\u0259\u015fdirilmi\u015f \u0130qlim F\u0259aliyy\u0259ti \u00fczr\u0259 Nazirl\u0259rin Birinci G\u00f6r\u00fc\u015f\u00fc<\/strong><\/p>\n\n\n\n<p>20 noyabrda COP29 \u00e7\u0259r\u00e7iv\u0259sind\u0259 \u201cTurizm G\u00fcn\u00fc\u201dnd\u0259 \u201cTurizm sektorunda T\u0259kmill\u0259\u015fdirilmi\u015f \u0130qlim F\u0259aliyy\u0259ti \u00fczr\u0259 Nazirl\u0259rin Birinci G\u00f6r\u00fc\u015f\u00fc\u201d i\u015fini ba\u015fa \u00e7atd\u0131r\u0131b.<\/p>\n\n\n<div class=\"wp-block-image\">\n<figure class=\"aligncenter size-large is-resized\"><img loading=\"lazy\" decoding=\"async\" width=\"1024\" height=\"682\" src=\"https:\/\/rockvell.com\/wp-content\/uploads\/2024\/11\/WhatsApp-Image-2024-11-20-at-10.45.23-1024x682.jpeg\" alt=\"\" class=\"wp-image-30653\" style=\"width:473px;height:auto\" srcset=\"https:\/\/rockvell.com\/wp-content\/uploads\/2024\/11\/WhatsApp-Image-2024-11-20-at-10.45.23-1024x682.jpeg 1024w, https:\/\/rockvell.com\/wp-content\/uploads\/2024\/11\/WhatsApp-Image-2024-11-20-at-10.45.23-300x200.jpeg 300w, https:\/\/rockvell.com\/wp-content\/uploads\/2024\/11\/WhatsApp-Image-2024-11-20-at-10.45.23-768x512.jpeg 768w, https:\/\/rockvell.com\/wp-content\/uploads\/2024\/11\/WhatsApp-Image-2024-11-20-at-10.45.23-1536x1023.jpeg 1536w, https:\/\/rockvell.com\/wp-content\/uploads\/2024\/11\/WhatsApp-Image-2024-11-20-at-10.45.23-360x240.jpeg 360w, https:\/\/rockvell.com\/wp-content\/uploads\/2024\/11\/WhatsApp-Image-2024-11-20-at-10.45.23.jpeg 1600w\" sizes=\"(max-width: 1024px) 100vw, 1024px\" \/><\/figure><\/div>\n\n\n<p>G\u00f6r\u00fc\u015fd\u0259 \u201cTurizm \u00fczr\u0259 T\u0259kmill\u0259\u015fdirilmi\u015f \u0130qlim T\u0259\u015f\u0259bb\u00fcs\u00fc\u201d m\u00fczakir\u0259 edilib, 50-d\u0259n \u00e7ox \u00f6lk\u0259 v\u0259 8 qeyri-d\u00f6vl\u0259t aktorun qo\u015fuldu\u011fu \u201cTurizm Sektorunda T\u0259kmill\u0259\u015fdirilmi\u015f \u0130qlim F\u0259aliyy\u0259ti \u00fczr\u0259 COP29 B\u0259yannam\u0259si\u201d dig\u0259r d\u00f6vl\u0259tl\u0259rin d\u0259 qo\u015fulmas\u0131 \u00fc\u00e7\u00fcn elan olunub.<\/p>\n\n\n\n<p>T\u0259dbirin ba\u011flan\u0131\u015f\u0131nda \u00e7\u0131x\u0131\u015f ed\u0259n D\u00f6vl\u0259t Turizm Agentliyinin s\u0259dri Fuad Na\u011f\u0131yev COP29-a ev sahibliyi ed\u0259n \u00f6lk\u0259 kimi Az\u0259rbaycan\u0131n x\u00fcsusi s\u0259yi n\u0259tic\u0259sind\u0259 tarixd\u0259 ilk d\u0259f\u0259 turizm m\u00f6vzusunun iqlim dan\u0131\u015f\u0131qlar\u0131n\u0131n \u0259sas g\u00fcnd\u0259liyind\u0259 yer almas\u0131na diqq\u0259t \u00e7\u0259kib. O, turizm sektorunun iqlim d\u0259yi\u015fiklikl\u0259rind\u0259ki rolunun vur\u011fuland\u0131\u011f\u0131 COP29-un n\u00f6vb\u0259ti COP t\u0259dbirl\u0259ri \u00fc\u00e7\u00fcn davaml\u0131 bir irs yaratmas\u0131na v\u0259 b\u0259yannam\u0259y\u0259 t\u0259r\u0259f \u00e7\u0131xan \u00f6lk\u0259l\u0259rin say\u0131n\u0131n artaca\u011f\u0131na inam\u0131n\u0131 ifad\u0259 edib.<\/p>\n\n\n\n<p>BMT Turizm T\u0259\u015fkilat\u0131n\u0131n Ba\u015f Katibi Zurab Pololika\u015fvili \u00e7\u0131x\u0131\u015f\u0131nda iqlim d\u0259yi\u015fikliyi il\u0259 m\u00fcbariz\u0259 aparmaq \u00fc\u00e7\u00fcn birg\u0259 s\u0259yl\u0259rin \u00e7ox vacib oldu\u011funu, \u201cTurizm Sektorunda T\u0259kmill\u0259\u015fdirilmi\u015f \u0130qlim F\u0259aliyy\u0259ti \u00fczr\u0259 COP29 Bak\u0131 B\u0259yannam\u0259si\u201dnin sektor \u00fc\u00e7\u00fcn d\u00f6n\u00fc\u015f n\u00f6qt\u0259si kimi Qlazqo B\u0259yannam\u0259sin\u0259 d\u0259st\u0259k oldu\u011funu qeyd edib. \u201cBirlikd\u0259 turizmin t\u0259kc\u0259 iqtisadi art\u0131m \u00fc\u00e7\u00fcn deyil, h\u0259m d\u0259 \u0259traf m\u00fchitin qorunmas\u0131 v\u0259 qlobal h\u0259mr\u0259ylik \u00fc\u00e7\u00fcn bir q\u00fcvv\u0259 olmas\u0131n\u0131 t\u0259min etm\u0259liyik\u201d, dey\u0259 o \u0259lav\u0259 edib.<\/p>\n\n\n\n<p>\u201cTurizm Sektorunda T\u0259kmill\u0259\u015fdirilmi\u015f \u0130qlim F\u0259aliyy\u0259ti \u00fczr\u0259 COP29 B\u0259yannam\u0259si\u201d turizm sektorunda iqlim t\u0259dbirl\u0259rini geni\u015fl\u0259ndirm\u0259k m\u0259qs\u0259dil\u0259 sektorun milli v\u0259 qlobal iqlim siyas\u0259tl\u0259rin\u0259 daha yax\u015f\u0131 inteqrasiya edilm\u0259sini \u0259sas h\u0259d\u0259f kimi m\u00fc\u0259yy\u0259nl\u0259\u015fdirir.<\/p>\n\n\n\n<p>B\u0259yannam\u0259 turizm sektorunda iqlim t\u0259dbirl\u0259rinin s\u00fcr\u0259tl\u0259ndirilm\u0259sinin t\u0259xir\u0259sal\u0131nmaz z\u0259ruriliyini vur\u011fulayaraq t\u0259r\u0259fl\u0259ri emissiyalar\u0131 azaltma\u011fa v\u0259 dayan\u0131ql\u0131 turizm t\u0259cr\u00fcb\u0259l\u0259rini t\u0259tbiq etm\u0259y\u0259 t\u0259\u015fviq edir.<\/p>\n\n\n\n<p>Qeyd ed\u0259k ki, D\u00f6vl\u0259t Turizm Agentliyi v\u0259 BMT Turizm T\u0259\u015fkilat\u0131n\u0131n birg\u0259 t\u0259\u015fkilat\u00e7\u0131l\u0131\u011f\u0131, BMT-nin \u018ftraf M\u00fchit Proqram\u0131n\u0131n d\u0259st\u0259yi il\u0259 ba\u015f tutan t\u0259dbird\u0259 30-a yax\u0131n \u00f6lk\u0259d\u0259n turizm nazirl\u0259ri, turizm \u00fczr\u0259 m\u0259sul qurumlar\u0131n y\u00fcks\u0259k s\u0259viyy\u0259li r\u0259smil\u0259ri v\u0259 beyn\u0259lxalq t\u0259\u015fkilatlar\u0131n n\u00fcmay\u0259nd\u0259l\u0259ri i\u015ftirak edib.<\/p>\n\n\n\n<figure class=\"wp-block-gallery aligncenter has-nested-images columns-5 is-cropped wp-block-gallery-1 is-layout-flex wp-block-gallery-is-layout-flex\">\n<figure class=\"wp-block-image size-large\"><a href=\"https:\/\/rockvell.com\/wp-content\/uploads\/2024\/11\/WhatsApp-Image-2024-11-20-at-10.45.23-1.jpeg\" target=\"_blank\" rel=\"noopener\" data-rel=\"lightbox-gallery-ziygXBYY\" data-rl_title=\"\" data-rl_caption=\"\" title=\"\"><img loading=\"lazy\" decoding=\"async\" width=\"1024\" height=\"682\" data-id=\"30656\" src=\"https:\/\/rockvell.com\/wp-content\/uploads\/2024\/11\/WhatsApp-Image-2024-11-20-at-10.45.23-1-1024x682.jpeg\" alt=\"\" class=\"wp-image-30656\" srcset=\"https:\/\/rockvell.com\/wp-content\/uploads\/2024\/11\/WhatsApp-Image-2024-11-20-at-10.45.23-1-1024x682.jpeg 1024w, https:\/\/rockvell.com\/wp-content\/uploads\/2024\/11\/WhatsApp-Image-2024-11-20-at-10.45.23-1-300x200.jpeg 300w, https:\/\/rockvell.com\/wp-content\/uploads\/2024\/11\/WhatsApp-Image-2024-11-20-at-10.45.23-1-768x512.jpeg 768w, https:\/\/rockvell.com\/wp-content\/uploads\/2024\/11\/WhatsApp-Image-2024-11-20-at-10.45.23-1-1536x1023.jpeg 1536w, https:\/\/rockvell.com\/wp-content\/uploads\/2024\/11\/WhatsApp-Image-2024-11-20-at-10.45.23-1-360x240.jpeg 360w, https:\/\/rockvell.com\/wp-content\/uploads\/2024\/11\/WhatsApp-Image-2024-11-20-at-10.45.23-1.jpeg 1600w\" sizes=\"(max-width: 1024px) 100vw, 1024px\" \/><\/a><\/figure>\n\n\n\n<figure class=\"wp-block-image size-large\"><a href=\"https:\/\/rockvell.com\/wp-content\/uploads\/2024\/11\/WhatsApp-Image-2024-11-20-at-10.45.20.jpeg\" target=\"_blank\" rel=\"noopener\" data-rel=\"lightbox-gallery-ziygXBYY\" data-rl_title=\"\" data-rl_caption=\"\" title=\"\"><img loading=\"lazy\" decoding=\"async\" width=\"1024\" height=\"682\" data-id=\"30652\" src=\"https:\/\/rockvell.com\/wp-content\/uploads\/2024\/11\/WhatsApp-Image-2024-11-20-at-10.45.20-1024x682.jpeg\" alt=\"\" class=\"wp-image-30652\" srcset=\"https:\/\/rockvell.com\/wp-content\/uploads\/2024\/11\/WhatsApp-Image-2024-11-20-at-10.45.20-1024x682.jpeg 1024w, https:\/\/rockvell.com\/wp-content\/uploads\/2024\/11\/WhatsApp-Image-2024-11-20-at-10.45.20-300x200.jpeg 300w, https:\/\/rockvell.com\/wp-content\/uploads\/2024\/11\/WhatsApp-Image-2024-11-20-at-10.45.20-768x512.jpeg 768w, https:\/\/rockvell.com\/wp-content\/uploads\/2024\/11\/WhatsApp-Image-2024-11-20-at-10.45.20-1536x1023.jpeg 1536w, https:\/\/rockvell.com\/wp-content\/uploads\/2024\/11\/WhatsApp-Image-2024-11-20-at-10.45.20-360x240.jpeg 360w, https:\/\/rockvell.com\/wp-content\/uploads\/2024\/11\/WhatsApp-Image-2024-11-20-at-10.45.20.jpeg 1600w\" sizes=\"(max-width: 1024px) 100vw, 1024px\" \/><\/a><\/figure>\n\n\n\n<figure class=\"wp-block-image size-large\"><a href=\"https:\/\/rockvell.com\/wp-content\/uploads\/2024\/11\/WhatsApp-Image-2024-11-20-at-12.45.54.jpeg\" target=\"_blank\" rel=\"noopener\" data-rel=\"lightbox-gallery-ziygXBYY\" data-rl_title=\"\" data-rl_caption=\"\" title=\"\"><img loading=\"lazy\" decoding=\"async\" width=\"1024\" height=\"682\" data-id=\"30655\" src=\"https:\/\/rockvell.com\/wp-content\/uploads\/2024\/11\/WhatsApp-Image-2024-11-20-at-12.45.54-1024x682.jpeg\" alt=\"\" class=\"wp-image-30655\" srcset=\"https:\/\/rockvell.com\/wp-content\/uploads\/2024\/11\/WhatsApp-Image-2024-11-20-at-12.45.54-1024x682.jpeg 1024w, https:\/\/rockvell.com\/wp-content\/uploads\/2024\/11\/WhatsApp-Image-2024-11-20-at-12.45.54-300x200.jpeg 300w, https:\/\/rockvell.com\/wp-content\/uploads\/2024\/11\/WhatsApp-Image-2024-11-20-at-12.45.54-768x512.jpeg 768w, https:\/\/rockvell.com\/wp-content\/uploads\/2024\/11\/WhatsApp-Image-2024-11-20-at-12.45.54-1536x1023.jpeg 1536w, https:\/\/rockvell.com\/wp-content\/uploads\/2024\/11\/WhatsApp-Image-2024-11-20-at-12.45.54-360x240.jpeg 360w, https:\/\/rockvell.com\/wp-content\/uploads\/2024\/11\/WhatsApp-Image-2024-11-20-at-12.45.54.jpeg 1600w\" sizes=\"(max-width: 1024px) 100vw, 1024px\" \/><\/a><\/figure>\n\n\n\n<figure class=\"wp-block-image size-large\"><a href=\"https:\/\/rockvell.com\/wp-content\/uploads\/2024\/11\/WhatsApp-Image-2024-11-20-at-10.45.24.jpeg\" target=\"_blank\" rel=\"noopener\" data-rel=\"lightbox-gallery-ziygXBYY\" data-rl_title=\"\" data-rl_caption=\"\" title=\"\"><img loading=\"lazy\" decoding=\"async\" width=\"1024\" height=\"682\" data-id=\"30654\" src=\"https:\/\/rockvell.com\/wp-content\/uploads\/2024\/11\/WhatsApp-Image-2024-11-20-at-10.45.24-1024x682.jpeg\" alt=\"\" class=\"wp-image-30654\" srcset=\"https:\/\/rockvell.com\/wp-content\/uploads\/2024\/11\/WhatsApp-Image-2024-11-20-at-10.45.24-1024x682.jpeg 1024w, https:\/\/rockvell.com\/wp-content\/uploads\/2024\/11\/WhatsApp-Image-2024-11-20-at-10.45.24-300x200.jpeg 300w, https:\/\/rockvell.com\/wp-content\/uploads\/2024\/11\/WhatsApp-Image-2024-11-20-at-10.45.24-768x512.jpeg 768w, https:\/\/rockvell.com\/wp-content\/uploads\/2024\/11\/WhatsApp-Image-2024-11-20-at-10.45.24-1536x1023.jpeg 1536w, https:\/\/rockvell.com\/wp-content\/uploads\/2024\/11\/WhatsApp-Image-2024-11-20-at-10.45.24-360x240.jpeg 360w, https:\/\/rockvell.com\/wp-content\/uploads\/2024\/11\/WhatsApp-Image-2024-11-20-at-10.45.24.jpeg 1600w\" sizes=\"(max-width: 1024px) 100vw, 1024px\" \/><\/a><\/figure>\n<\/figure>\n\n\n\n<p>Turizm G\u00fcn\u00fc \u00e7\u0259r\u00e7iv\u0259sind\u0259 \u201cTurizm Sektorunun \u0130qlim Ambisiyas\u0131n\u0131n Art\u0131r\u0131lmas\u0131 &#8211; \u00f6hd\u0259likl\u0259rd\u0259n icraya (\u00f6l\u00e7\u00fc v\u0259 dekarbonizasiya)\u201d, \u201cTurizm Sektorunun \u0130qlim Ambisiyas\u0131n\u0131n Art\u0131r\u0131lmas\u0131 \u2013 \u00f6hd\u0259likl\u0259rd\u0259n icraya (regenerasiya\/adaptasiya v\u0259 maliyy\u0259l\u0259\u015fm\u0259)\u201d, \u201cTurizmd\u0259 T\u0259kmill\u0259\u015fdirilmi\u015f \u0130qlim F\u0259aliyy\u0259ti: \u0130nnovativ H\u0259ll\u0259r v\u0259 \u0130r\u0259liy\u0259 do\u011fru\u201d m\u00f6vzular\u0131nda \u00fc\u00e7 y\u00fcks\u0259k s\u0259viyy\u0259li d\u0259yirmi masa t\u0259\u015fkil edil\u0259c\u0259k v\u0259 m\u00fcxt\u0259lif tematik t\u0259qdimatlar ke\u00e7iril\u0259c\u0259k.<\/p>\n","protected":false},"excerpt":{"rendered":"<p>Turizm sektorunda T\u0259kmill\u0259\u015fdirilmi\u015f \u0130qlim F\u0259aliyy\u0259ti \u00fczr\u0259 Nazirl\u0259rin Birinci G\u00f6r\u00fc\u015f\u00fc 20 noyabrda COP29 \u00e7\u0259r\u00e7iv\u0259sind\u0259 \u201cTurizm G\u00fcn\u00fc\u201dnd\u0259 \u201cTurizm sektorunda T\u0259kmill\u0259\u015fdirilmi\u015f \u0130qlim F\u0259aliyy\u0259ti \u00fczr\u0259 Nazirl\u0259rin Birinci G\u00f6r\u00fc\u015f\u00fc\u201d i\u015fini ba\u015fa \u00e7atd\u0131r\u0131b. G\u00f6r\u00fc\u015fd\u0259 \u201cTurizm \u00fczr\u0259 T\u0259kmill\u0259\u015fdirilmi\u015f \u0130qlim T\u0259\u015f\u0259bb\u00fcs\u00fc\u201d m\u00fczakir\u0259 edilib,&#8230;<\/p>\n","protected":false},"author":2,"featured_media":30652,"comment_status":"closed","ping_status":"closed","sticky":false,"template":"","format":"standard","meta":{"footnotes":""},"categories":[47],"tags":[],"aioseo_notices":[],"_links":{"self":[{"href":"https:\/\/rockvell.com\/index.php?rest_route=\/wp\/v2\/posts\/30651"}],"collection":[{"href":"https:\/\/rockvell.com\/index.php?rest_route=\/wp\/v2\/posts"}],"about":[{"href":"https:\/\/rockvell.com\/index.php?rest_route=\/wp\/v2\/types\/post"}],"author":[{"embeddable":true,"href":"https:\/\/rockvell.com\/index.php?rest_route=\/wp\/v2\/users\/2"}],"replies":[{"embeddable":true,"href":"https:\/\/rockvell.com\/index.php?rest_route=%2Fwp%2Fv2%2Fcomments&post=30651"}],"version-history":[{"count":1,"href":"https:\/\/rockvell.com\/index.php?rest_route=\/wp\/v2\/posts\/30651\/revisions"}],"predecessor-version":[{"id":30657,"href":"https:\/\/rockvell.com\/index.php?rest_route=\/wp\/v2\/posts\/30651\/revisions\/30657"}],"wp:featuredmedia":[{"embeddable":true,"href":"https:\/\/rockvell.com\/index.php?rest_route=\/wp\/v2\/media\/30652"}],"wp:attachment":[{"href":"https:\/\/rockvell.com\/index.php?rest_route=%2Fwp%2Fv2%2Fmedia&parent=30651"}],"wp:term":[{"taxonomy":"category","embeddable":true,"href":"https:\/\/rockvell.com\/index.php?rest_route=%2Fwp%2Fv2%2Fcategories&post=30651"},{"taxonomy":"post_tag","embeddable":true,"href":"https:\/\/rockvell.com\/index.php?rest_route=%2Fwp%2Fv2%2Ftags&post=30651"}],"curies":[{"name":"wp","href":"https:\/\/api.w.org\/{rel}","templated":true}]}}