{"id":30658,"date":"2024-11-20T08:00:00","date_gmt":"2024-11-20T05:00:00","guid":{"rendered":"https:\/\/rockvell.com\/?p=30658"},"modified":"2024-11-20T18:42:24","modified_gmt":"2024-11-20T15:42:24","slug":"dta-il%c9%99-bmt-turizm-t%c9%99skilati-arasinda-niyy%c9%99t-sazisi-imzalanib","status":"publish","type":"post","link":"https:\/\/rockvell.com\/?p=30658","title":{"rendered":"DTA il\u0259 BMT Turizm T\u0259\u015fkilat\u0131 aras\u0131nda niyy\u0259t sazi\u015fi imzalan\u0131b"},"content":{"rendered":"\n<p class=\"has-medium-font-size\"><strong>DTA il\u0259 BMT Turizm T\u0259\u015fkilat\u0131 aras\u0131nda niyy\u0259t sazi\u015fi imzalan\u0131b<\/strong><\/p>\n\n\n\n<p>20 noyabrda COP tarixind\u0259 ilk d\u0259f\u0259 olaraq ke\u00e7iril\u0259n \u201cTurizm G\u00fcn\u00fc\u201d \u00e7\u0259r\u00e7iv\u0259sind\u0259 D\u00f6vl\u0259t Turizm Agentliyi v\u0259 BMT Turizm T\u0259\u015fkilat\u0131 aras\u0131nda niyy\u0259t sazi\u015fi imzalan\u0131b.<\/p>\n\n\n\n<figure class=\"wp-block-gallery aligncenter has-nested-images columns-default is-cropped wp-block-gallery-1 is-layout-flex wp-block-gallery-is-layout-flex\">\n<figure class=\"wp-block-image size-large\"><a href=\"https:\/\/rockvell.com\/wp-content\/uploads\/2024\/11\/WhatsApp-Image-2024-11-20-at-14.48.44.jpeg\" target=\"_blank\" rel=\"noopener\" data-rel=\"lightbox-gallery-aLjmQ1Wr\" data-rl_title=\"\" data-rl_caption=\"\" title=\"\"><img loading=\"lazy\" decoding=\"async\" width=\"1024\" height=\"682\" data-id=\"30659\" src=\"https:\/\/rockvell.com\/wp-content\/uploads\/2024\/11\/WhatsApp-Image-2024-11-20-at-14.48.44-1024x682.jpeg\" alt=\"\" class=\"wp-image-30659\" srcset=\"https:\/\/rockvell.com\/wp-content\/uploads\/2024\/11\/WhatsApp-Image-2024-11-20-at-14.48.44-1024x682.jpeg 1024w, https:\/\/rockvell.com\/wp-content\/uploads\/2024\/11\/WhatsApp-Image-2024-11-20-at-14.48.44-300x200.jpeg 300w, https:\/\/rockvell.com\/wp-content\/uploads\/2024\/11\/WhatsApp-Image-2024-11-20-at-14.48.44-768x512.jpeg 768w, https:\/\/rockvell.com\/wp-content\/uploads\/2024\/11\/WhatsApp-Image-2024-11-20-at-14.48.44-1536x1023.jpeg 1536w, https:\/\/rockvell.com\/wp-content\/uploads\/2024\/11\/WhatsApp-Image-2024-11-20-at-14.48.44-360x240.jpeg 360w, https:\/\/rockvell.com\/wp-content\/uploads\/2024\/11\/WhatsApp-Image-2024-11-20-at-14.48.44.jpeg 1600w\" sizes=\"(max-width: 1024px) 100vw, 1024px\" \/><\/a><\/figure>\n\n\n\n<figure class=\"wp-block-image size-large\"><a href=\"https:\/\/rockvell.com\/wp-content\/uploads\/2024\/11\/WhatsApp-Image-2024-11-20-at-14.48.44-1.jpeg\" target=\"_blank\" rel=\"noopener\" data-rel=\"lightbox-gallery-aLjmQ1Wr\" data-rl_title=\"\" data-rl_caption=\"\" title=\"\"><img loading=\"lazy\" decoding=\"async\" width=\"1024\" height=\"682\" data-id=\"30660\" src=\"https:\/\/rockvell.com\/wp-content\/uploads\/2024\/11\/WhatsApp-Image-2024-11-20-at-14.48.44-1-1024x682.jpeg\" alt=\"\" class=\"wp-image-30660\" srcset=\"https:\/\/rockvell.com\/wp-content\/uploads\/2024\/11\/WhatsApp-Image-2024-11-20-at-14.48.44-1-1024x682.jpeg 1024w, https:\/\/rockvell.com\/wp-content\/uploads\/2024\/11\/WhatsApp-Image-2024-11-20-at-14.48.44-1-300x200.jpeg 300w, https:\/\/rockvell.com\/wp-content\/uploads\/2024\/11\/WhatsApp-Image-2024-11-20-at-14.48.44-1-768x512.jpeg 768w, https:\/\/rockvell.com\/wp-content\/uploads\/2024\/11\/WhatsApp-Image-2024-11-20-at-14.48.44-1-1536x1023.jpeg 1536w, https:\/\/rockvell.com\/wp-content\/uploads\/2024\/11\/WhatsApp-Image-2024-11-20-at-14.48.44-1-360x240.jpeg 360w, https:\/\/rockvell.com\/wp-content\/uploads\/2024\/11\/WhatsApp-Image-2024-11-20-at-14.48.44-1.jpeg 1600w\" sizes=\"(max-width: 1024px) 100vw, 1024px\" \/><\/a><\/figure>\n<\/figure>\n\n\n\n<p>D\u00f6vl\u0259t Turizm Agentliyinin s\u0259dri Fuad Na\u011f\u0131yev v\u0259 BMT Turizm T\u0259\u015fkilat\u0131n\u0131n Ba\u015f Katibi Zurab Pololika\u015fvili aras\u0131nda imzalanan s\u0259n\u0259dd\u0259 \u201cTurizmd\u0259 T\u0259kmill\u0259\u015fdirilmi\u015f \u0130qlim F\u0259aliyy\u0259ti T\u0259\u015f\u0259bb\u00fcs\u00fc\u201dn\u00fcn u\u011furlu icras\u0131 m\u0259qs\u0259dil\u0259 BMT-nin dayan\u0131ql\u0131 turizmin t\u0259\u015fviqin\u0259 cavabdeh olan qurumu kimi BMT Turizm T\u0259\u015fkilat\u0131 il\u0259 \u0259m\u0259kda\u015fl\u0131q etm\u0259k v\u0259 birg\u0259 t\u0259dbirl\u0259r g\u00f6rm\u0259k niyy\u0259ti ifad\u0259 olunur.<\/p>\n\n\n\n<p>Sazi\u015fd\u0259 \u201cTurizm sektorunda T\u0259kmill\u0259\u015fdirilmi\u015f \u0130qlim F\u0259aliyy\u0259ti \u00fczr\u0259 Nazirl\u0259rin Birinci G\u00f6r\u00fc\u015f\u00fc\u201dnd\u0259 elan edilmi\u015f \u201cTurizm \u00fczr\u0259 T\u0259kmill\u0259\u015fdirilmi\u015f \u0130qlim T\u0259\u015f\u0259bb\u00fcs\u00fc\u201dnd\u0259 turizmin milli iqlim siyas\u0259tin\u0259 daha yax\u015f\u0131 inteqrasiya edilm\u0259si il\u0259 yana\u015f\u0131, sektorun iqlim m\u0259qs\u0259dl\u0259rin\u0259 uy\u011fun \u015f\u0259kild\u0259 inki\u015faf etdirilm\u0259si \u00fc\u00e7\u00fcn qlobal \u0259laq\u0259l\u0259ndirm\u0259 mexanizmi v\u0259 t\u0259r\u0259fda\u015fl\u0131q platformas\u0131n\u0131n da yarad\u0131lmas\u0131 n\u0259z\u0259rd\u0259 tutulur.<\/p>\n\n\n\n<p>Niyy\u0259t sazi\u015fi qeyd olunan \u0259laq\u0259l\u0259ndirm\u0259 v\u0259 t\u0259r\u0259fda\u015fl\u0131q platformas\u0131n\u0131n yarad\u0131lmas\u0131 \u00fc\u00e7\u00fcn \u0259lveri\u015fli z\u0259min formala\u015fd\u0131rma\u011f\u0131, h\u0259m\u00e7inin qeyd olunan t\u0259\u015f\u0259bb\u00fcsl\u0259 ba\u015flayan prosesin n\u00f6vb\u0259ti d\u00f6vrd\u0259 d\u0259 davam etdirilm\u0259sini t\u0259min etm\u0259yi v\u0259 turizm sektorunun az karbonlu v\u0259 dayan\u0131ql\u0131 g\u0259l\u0259c\u0259y\u0259 t\u00f6hf\u0259 ver\u0259n sah\u0259y\u0259 \u00e7evrilm\u0259sini d\u0259st\u0259kl\u0259m\u0259yi h\u0259d\u0259fl\u0259yir.<\/p>\n","protected":false},"excerpt":{"rendered":"<p>DTA il\u0259 BMT Turizm T\u0259\u015fkilat\u0131 aras\u0131nda niyy\u0259t sazi\u015fi imzalan\u0131b 20 noyabrda COP tarixind\u0259 ilk d\u0259f\u0259 olaraq ke\u00e7iril\u0259n \u201cTurizm G\u00fcn\u00fc\u201d \u00e7\u0259r\u00e7iv\u0259sind\u0259 D\u00f6vl\u0259t Turizm Agentliyi v\u0259 BMT Turizm T\u0259\u015fkilat\u0131 aras\u0131nda niyy\u0259t sazi\u015fi imzalan\u0131b. D\u00f6vl\u0259t Turizm Agentliyinin s\u0259dri&#8230;<\/p>\n","protected":false},"author":2,"featured_media":30660,"comment_status":"closed","ping_status":"closed","sticky":false,"template":"","format":"standard","meta":{"footnotes":""},"categories":[47],"tags":[],"aioseo_notices":[],"_links":{"self":[{"href":"https:\/\/rockvell.com\/index.php?rest_route=\/wp\/v2\/posts\/30658"}],"collection":[{"href":"https:\/\/rockvell.com\/index.php?rest_route=\/wp\/v2\/posts"}],"about":[{"href":"https:\/\/rockvell.com\/index.php?rest_route=\/wp\/v2\/types\/post"}],"author":[{"embeddable":true,"href":"https:\/\/rockvell.com\/index.php?rest_route=\/wp\/v2\/users\/2"}],"replies":[{"embeddable":true,"href":"https:\/\/rockvell.com\/index.php?rest_route=%2Fwp%2Fv2%2Fcomments&post=30658"}],"version-history":[{"count":1,"href":"https:\/\/rockvell.com\/index.php?rest_route=\/wp\/v2\/posts\/30658\/revisions"}],"predecessor-version":[{"id":30661,"href":"https:\/\/rockvell.com\/index.php?rest_route=\/wp\/v2\/posts\/30658\/revisions\/30661"}],"wp:featuredmedia":[{"embeddable":true,"href":"https:\/\/rockvell.com\/index.php?rest_route=\/wp\/v2\/media\/30660"}],"wp:attachment":[{"href":"https:\/\/rockvell.com\/index.php?rest_route=%2Fwp%2Fv2%2Fmedia&parent=30658"}],"wp:term":[{"taxonomy":"category","embeddable":true,"href":"https:\/\/rockvell.com\/index.php?rest_route=%2Fwp%2Fv2%2Fcategories&post=30658"},{"taxonomy":"post_tag","embeddable":true,"href":"https:\/\/rockvell.com\/index.php?rest_route=%2Fwp%2Fv2%2Ftags&post=30658"}],"curies":[{"name":"wp","href":"https:\/\/api.w.org\/{rel}","templated":true}]}}